{"id":14173,"date":"2020-10-28T15:30:43","date_gmt":"2020-10-28T18:30:43","guid":{"rendered":"https:\/\/justicapotiguar.com.br\/?p=14173"},"modified":"2020-10-28T15:30:43","modified_gmt":"2020-10-28T18:30:43","slug":"informativo-680-do-stj-de-23-de-outubro-de-2020","status":"publish","type":"post","link":"https:\/\/justicapotiguar.com.br\/index.php\/2020\/10\/28\/informativo-680-do-stj-de-23-de-outubro-de-2020\/","title":{"rendered":"Informativo 680 do STJ (de 23 de outubro de 2020)"},"content":{"rendered":"\n<figure class=\"wp-block-image size-large\"><img loading=\"lazy\" width=\"665\" height=\"600\" src=\"https:\/\/justicapotiguar.com.br\/wp-content\/uploads\/2020\/02\/tn_89611eceef_stj1-960x631.jpg\" alt=\"\" class=\"wp-image-6061\" srcset=\"https:\/\/justicapotiguar.com.br\/wp-content\/uploads\/2020\/02\/tn_89611eceef_stj1-960x631.jpg 665w, https:\/\/justicapotiguar.com.br\/wp-content\/uploads\/2020\/02\/tn_89611eceef_stj1-960x631-300x271.jpg 300w\" sizes=\"(max-width: 665px) 100vw, 665px\" \/><figcaption>Reprodu\u00e7\u00e3o<\/figcaption><\/figure>\n\n\n\n<p><strong>Por Rodrigo Leite<\/strong>&nbsp;|&nbsp;<strong>Telegram<\/strong>:&nbsp;<a href=\"https:\/\/t.me\/pilulasjuridicasSTFSTJ\" target=\"_blank\" rel=\"noreferrer noopener\">https:\/\/t.me\/pilulasjuridicasSTFSTJ<\/a><\/p>\n\n\n\n<p><strong>1)<\/strong>&nbsp;A copropriedade anterior \u00e0 abertura da sucess\u00e3o impede o reconhecimento do direito real de habita\u00e7\u00e3o.<\/p>\n\n\n\n<p><strong>2)<\/strong>&nbsp;\u00c9 absoluta a compet\u00eancia do local em que se encontra o principal estabelecimento para processar e julgar pedido de recupera\u00e7\u00e3o judicial, que deve ser aferido no momento de propositura da demanda, sendo irrelevantes para esse fim modifica\u00e7\u00f5es posteriores de volume negocial.<\/p>\n\n\n\n<p><strong>3)&nbsp;<\/strong>\u00c9 aplic\u00e1vel ao INSS a multa prevista no art. 334, \u00a7 8\u00b0, do CPC\/2015, quando a parte autora manifestar interesse na realiza\u00e7\u00e3o da audi\u00eancia de concilia\u00e7\u00e3o e a autarquia n\u00e3o comparecer no feito, mesmo que tenha manifestando seu desinteresse previamente.<\/p>\n\n\n\n<p><strong>4)<\/strong>&nbsp;N\u00e3o \u00e9 cab\u00edvel a requisi\u00e7\u00e3o da averba\u00e7\u00e3o de inqu\u00e9rito civil no registro imobili\u00e1rio pelo Minist\u00e9rio P\u00fablico, com fixa\u00e7\u00e3o de prazo para o seu cumprimento.<\/p>\n\n\n\n<p><strong>5)&nbsp;<\/strong>N\u00e3o \u00e9 poss\u00edvel o reconhecimento de of\u00edcio do direito ao recebimento de indeniza\u00e7\u00e3o por benfeitorias \u00fateis ou necess\u00e1rias em a\u00e7\u00e3o possess\u00f3ria.<\/p>\n\n\n\n<p><strong>6)<\/strong>&nbsp;A obriga\u00e7\u00e3o de revisar, a cada 90 (noventa) dias, a necessidade de se manter a cust\u00f3dia cautelar (art. 316, par\u00e1grafo \u00fanico, do C\u00f3digo de Processo Penal) \u00e9 imposta apenas ao juiz ou tribunal que decretar a pris\u00e3o preventiva.<\/p>\n\n\n\n<p><strong>7)<\/strong>&nbsp;\u00c9 v\u00e1lida hipoteca firmada na vig\u00eancia do CC\/2002 exclusivamente por c\u00f4njuge casado sob o regime da separa\u00e7\u00e3o total de bens na vig\u00eancia do CC\/1916.<\/p>\n\n\n\n<p><strong>8)<\/strong>&nbsp;Ex-empregado mantido no plano de sa\u00fade por mais de dez anos ap\u00f3s a demiss\u00e3o, por liberalidade do ex-empregador e com assun\u00e7\u00e3o de custeio integral do servi\u00e7o, n\u00e3o poder\u00e1 ser exclu\u00eddo da cobertura do seguro.<\/p>\n\n\n\n<p><strong>9)<\/strong>&nbsp;\u00c9 desnecess\u00e1ria a inclus\u00e3o dos parentes colaterais do&nbsp;<em>de cujus<\/em>&nbsp;no polo passivo da a\u00e7\u00e3o de reconhecimento e dissolu\u00e7\u00e3o de uni\u00e3o est\u00e1vel&nbsp;<em>post mortem.<\/em><\/p><div class=\"qwyep69f2bb319304b\" ><!--<a href=\"https:\/\/bit.ly\/3QdrqTZ\" target=\"_blank\">\n<img src=\"https:\/\/justicapotiguar.com.br\/wp-content\/uploads\/2023\/09\/mobile-geral.gif\"\/><a\/>--><\/div><style type=\"text\/css\">\r\n.qwyep69f2bb319304b {\r\ntext-align: center;\r\n}\r\n@media screen and (min-width: 1201px) {\r\n.qwyep69f2bb319304b {\r\ndisplay: none;\r\n}\r\n}\r\n@media screen and (min-width: 993px) and (max-width: 1200px) {\r\n.qwyep69f2bb319304b {\r\ndisplay: none;\r\n}\r\n}\r\n@media screen and (min-width: 769px) and (max-width: 992px) {\r\n.qwyep69f2bb319304b {\r\ndisplay: none;\r\n}\r\n}\r\n@media screen and (min-width: 768px) and (max-width: 768px) {\r\n.qwyep69f2bb319304b {\r\ndisplay: block;\r\n}\r\n}\r\n@media screen and (max-width: 767px) {\r\n.qwyep69f2bb319304b {\r\ndisplay: block;\r\n}\r\n}\r\n<\/style>\r\n<div class=\"rrpyt69f2bb3193036\" ><!--<a href=\"https:\/\/bit.ly\/3QdrqTZ\" target=\"_blank\">\n<img src=\"https:\/\/justicapotiguar.com.br\/wp-content\/uploads\/2023\/09\/desktop-geral.gif\"\/><a\/>--><\/div><style type=\"text\/css\">\r\n.rrpyt69f2bb3193036 {\r\ntext-align: center;\nmargin-bottom: 1em;\r\n}\r\n@media screen and (min-width: 1201px) {\r\n.rrpyt69f2bb3193036 {\r\ndisplay: block;\r\n}\r\n}\r\n@media screen and (min-width: 993px) and (max-width: 1200px) {\r\n.rrpyt69f2bb3193036 {\r\ndisplay: block;\r\n}\r\n}\r\n@media screen and (min-width: 769px) and (max-width: 992px) {\r\n.rrpyt69f2bb3193036 {\r\ndisplay: block;\r\n}\r\n}\r\n@media screen and (min-width: 768px) and (max-width: 768px) {\r\n.rrpyt69f2bb3193036 {\r\ndisplay: none;\r\n}\r\n}\r\n@media screen and (max-width: 767px) {\r\n.rrpyt69f2bb3193036 {\r\ndisplay: none;\r\n}\r\n}\r\n<\/style>\r\n\n\n\n\n<p><strong>10)<em>&nbsp;<\/em><\/strong>Os provedores de aplica\u00e7\u00f5es de&nbsp;<em>internet<\/em>&nbsp;n\u00e3o s\u00e3o obrigados a guardar e fornecer dados pessoais dos usu\u00e1rios, sendo suficiente a apresenta\u00e7\u00e3o dos registros de n\u00famero IP.<\/p>\n\n\n\n<p><strong>11)<\/strong>&nbsp;H\u00e1 necessidade de ajuizamento de a\u00e7\u00e3o aut\u00f4noma para pleitear a presta\u00e7\u00e3o de contas relativa \u00e0 venda extrajudicial em a\u00e7\u00e3o de busca e apreens\u00e3o de bem alienado fiduciariamente.<\/p>\n\n\n\n<p><strong>12)<\/strong>&nbsp;Configura quebra antecipada do contrato (<em>antecipatory breach<\/em>) o pedido de resolu\u00e7\u00e3o do contrato de compra e venda com pacto de aliena\u00e7\u00e3o fiduci\u00e1ria em garantia por desinteresse do adquirente, mesmo que ainda n\u00e3o tenha havido mora no pagamento das presta\u00e7\u00f5es.<\/p>\n\n\n\n<p><strong>13)<\/strong>&nbsp;\u00c9 admiss\u00edvel a reconven\u00e7\u00e3o sucessiva, tamb\u00e9m denominada de reconven\u00e7\u00e3o \u00e0 reconven\u00e7\u00e3o, desde que a quest\u00e3o que justifique a propositura tenha surgido na contesta\u00e7\u00e3o ou na primeira reconven\u00e7\u00e3o.<\/p>\n\n\n\n<p><strong>14)<\/strong>&nbsp;Se proferida, transitada e executada a senten\u00e7a que julgou a primeira fase da a\u00e7\u00e3o de presta\u00e7\u00e3o de contas na vig\u00eancia do CPC\/1973, adquire o vencedor o direito de exigir que sejam elas prestadas e apuradas na forma da lei revogada.<\/p>\n\n\n\n<p><strong>15)<\/strong>&nbsp;Quando h\u00e1 pluralidade de r\u00e9us, a data da primeira cita\u00e7\u00e3o v\u00e1lida \u00e9 o termo inicial para contagem dos juros de mora.<\/p>\n\n\n\n<p><strong>16)<\/strong>&nbsp;\u00c9 legal o aux\u00edlio da ag\u00eancia de intelig\u00eancia ao Minist\u00e9rio P\u00fablico Estadual durante procedimento criminal instaurado para apurar graves crimes em contexto de organiza\u00e7\u00e3o criminosa.<\/p>\n\n\n\n<p><strong>17)&nbsp;<\/strong>N\u00e3o h\u00e1 infiltra\u00e7\u00e3o policial quando agente lotado em ag\u00eancia de intelig\u00eancia, sob identidade falsa, apenas representa o ofendido nas negocia\u00e7\u00f5es da extors\u00e3o, sem se introduzir ou se infiltrar na organiza\u00e7\u00e3o criminosa com o prop\u00f3sito de identificar e angariar a confian\u00e7a de seus membros ou obter provas sobre a estrutura e o funcionamento do bando.<\/p>\n\n\n\n<p><strong>18)&nbsp;<\/strong>As inova\u00e7\u00f5es do Pacote Anticrime na Lei n. 9.296\/1996 n\u00e3o alteraram o entendimento de que \u00e9 l\u00edcita a prova consistente em grava\u00e7\u00e3o ambiental realizada por um dos interlocutores sem conhecimento do outro.<\/p>\n\n\n\n<p><strong>19)&nbsp;<\/strong>A a\u00e7\u00e3o controlada prevista no \u00a7 1\u00b0 do art. 8\u00b0 da Lei n. 12.850\/2013 independe de autoriza\u00e7\u00e3o, bastando sua comunica\u00e7\u00e3o pr\u00e9via \u00e0 autoridade judicial.<\/p>\n","protected":false},"excerpt":{"rendered":"<p>Por Rodrigo Leite&nbsp;|&nbsp;Telegram:&nbsp;https:\/\/t.me\/pilulasjuridicasSTFSTJ 1)&nbsp;A copropriedade anterior \u00e0 abertura da sucess\u00e3o impede o reconhecimento do direito real de habita\u00e7\u00e3o. 2)&nbsp;\u00c9 absoluta a compet\u00eancia do local em que se encontra o principal estabelecimento para processar e julgar pedido de recupera\u00e7\u00e3o judicial, que deve ser aferido no momento de propositura da demanda, sendo irrelevantes para esse fim modifica\u00e7\u00f5es<br \/><a class=\"more-link\" href=\"https:\/\/justicapotiguar.com.br\/index.php\/2020\/10\/28\/informativo-680-do-stj-de-23-de-outubro-de-2020\/\">Mais&#8230;<\/a><\/p>\n","protected":false},"author":5,"featured_media":6777,"comment_status":"open","ping_status":"open","sticky":false,"template":"","format":"standard","meta":[],"categories":[3],"tags":[],"_links":{"self":[{"href":"https:\/\/justicapotiguar.com.br\/index.php\/wp-json\/wp\/v2\/posts\/14173"}],"collection":[{"href":"https:\/\/justicapotiguar.com.br\/index.php\/wp-json\/wp\/v2\/posts"}],"about":[{"href":"https:\/\/justicapotiguar.com.br\/index.php\/wp-json\/wp\/v2\/types\/post"}],"author":[{"embeddable":true,"href":"https:\/\/justicapotiguar.com.br\/index.php\/wp-json\/wp\/v2\/users\/5"}],"replies":[{"embeddable":true,"href":"https:\/\/justicapotiguar.com.br\/index.php\/wp-json\/wp\/v2\/comments?post=14173"}],"version-history":[{"count":1,"href":"https:\/\/justicapotiguar.com.br\/index.php\/wp-json\/wp\/v2\/posts\/14173\/revisions"}],"predecessor-version":[{"id":14174,"href":"https:\/\/justicapotiguar.com.br\/index.php\/wp-json\/wp\/v2\/posts\/14173\/revisions\/14174"}],"wp:featuredmedia":[{"embeddable":true,"href":"https:\/\/justicapotiguar.com.br\/index.php\/wp-json\/wp\/v2\/media\/6777"}],"wp:attachment":[{"href":"https:\/\/justicapotiguar.com.br\/index.php\/wp-json\/wp\/v2\/media?parent=14173"}],"wp:term":[{"taxonomy":"category","embeddable":true,"href":"https:\/\/justicapotiguar.com.br\/index.php\/wp-json\/wp\/v2\/categories?post=14173"},{"taxonomy":"post_tag","embeddable":true,"href":"https:\/\/justicapotiguar.com.br\/index.php\/wp-json\/wp\/v2\/tags?post=14173"}],"curies":[{"name":"wp","href":"https:\/\/api.w.org\/{rel}","templated":true}]}}