{"id":14171,"date":"2020-10-28T14:24:01","date_gmt":"2020-10-28T17:24:01","guid":{"rendered":"https:\/\/justicapotiguar.com.br\/?p=14171"},"modified":"2020-10-28T14:24:01","modified_gmt":"2020-10-28T17:24:01","slug":"trt-rn-mantem-bloqueio-de-beneficio-emergencial-do-governo-federal-para-pagar-debito-trabalhista","status":"publish","type":"post","link":"https:\/\/justicapotiguar.com.br\/index.php\/2020\/10\/28\/trt-rn-mantem-bloqueio-de-beneficio-emergencial-do-governo-federal-para-pagar-debito-trabalhista\/","title":{"rendered":"TRT-RN mant\u00e9m bloqueio de benef\u00edcio emergencial do Governo Federal para pagar d\u00e9bito trabalhista"},"content":{"rendered":"\n<figure class=\"wp-block-image size-large\"><img loading=\"lazy\" width=\"678\" height=\"395\" src=\"https:\/\/justicapotiguar.com.br\/wp-content\/uploads\/2020\/04\/C3B4BE1F9731D60EC02451B088D9E37FA7A4_auxilio-emergencial.jpg\" alt=\"\" class=\"wp-image-8474\" srcset=\"https:\/\/justicapotiguar.com.br\/wp-content\/uploads\/2020\/04\/C3B4BE1F9731D60EC02451B088D9E37FA7A4_auxilio-emergencial.jpg 678w, https:\/\/justicapotiguar.com.br\/wp-content\/uploads\/2020\/04\/C3B4BE1F9731D60EC02451B088D9E37FA7A4_auxilio-emergencial-300x175.jpg 300w\" sizes=\"(max-width: 678px) 100vw, 678px\" \/><figcaption>Reprodu\u00e7\u00e3o <\/figcaption><\/figure>\n\n\n\n<p>A Segunda Turma do Tribunal Regional do Trabalho da 21\u00aa (TRT-RN) manteve o bloqueio do Benef\u00edcio Emergencial de Preserva\u00e7\u00e3o do Emprego e da Renda (BEm), pertencente ao s\u00f3cio de uma empresa, para garantir a quita\u00e7\u00e3o de uma d\u00edvida trabalhista.<\/p>\n\n\n\n<p>De acordo com o desembargador Carlos Newton de Souza Pinto, relator do processo no TRT-RN, o benef\u00edcio concedido pelo Governo Federal tem o objetivo de substituir os sal\u00e1rios devido \u00e0 suspens\u00e3o de contratos durante a pandemia, raz\u00e3o pela qual deveria receber o mesmo tratamento que a legisla\u00e7\u00e3o confere aos sal\u00e1rios.&nbsp;<\/p>\n\n\n\n<p>Assim, embora a legisla\u00e7\u00e3o (artigo 833, inciso IV do CPC) proteja os sal\u00e1rios, que s\u00e3o de natureza alimentar, para garantir a subsist\u00eancia de quem recebe, seria \u201cimperioso reconhecer tamb\u00e9m que tal garantia n\u00e3o \u00e9 absoluta frente ao direito, tamb\u00e9m alimentar, do trabalhador\u201d.<\/p>\n\n\n\n<p>O bloqueio foi realizado nos proventos de um dos s\u00f3cios do Col\u00e9gio Attitude Ltda. pela 12\u00aa Vara do Trabalho de Natal.&nbsp;<\/p>\n\n\n\n<p>O s\u00f3cio recorreu com um recurso de agravo de peti\u00e7\u00e3o no TRT-RN contra a decis\u00e3o da Vara, sob a alega\u00e7\u00e3o de que o Benef\u00edcio Emergencial \u00e9 impenhor\u00e1vel, por ser uma quantia paga pelo Governo Federal para manuten\u00e7\u00e3o de emprego e renda.<\/p><div class=\"kncac69f2a7deeb175\" ><!--<a href=\"https:\/\/bit.ly\/3QdrqTZ\" target=\"_blank\">\n<img src=\"https:\/\/justicapotiguar.com.br\/wp-content\/uploads\/2023\/09\/mobile-geral.gif\"\/><a\/>--><\/div><style type=\"text\/css\">\r\n.kncac69f2a7deeb175 {\r\ntext-align: center;\r\n}\r\n@media screen and (min-width: 1201px) {\r\n.kncac69f2a7deeb175 {\r\ndisplay: none;\r\n}\r\n}\r\n@media screen and (min-width: 993px) and (max-width: 1200px) {\r\n.kncac69f2a7deeb175 {\r\ndisplay: none;\r\n}\r\n}\r\n@media screen and (min-width: 769px) and (max-width: 992px) {\r\n.kncac69f2a7deeb175 {\r\ndisplay: none;\r\n}\r\n}\r\n@media screen and (min-width: 768px) and (max-width: 768px) {\r\n.kncac69f2a7deeb175 {\r\ndisplay: block;\r\n}\r\n}\r\n@media screen and (max-width: 767px) {\r\n.kncac69f2a7deeb175 {\r\ndisplay: block;\r\n}\r\n}\r\n<\/style>\r\n<div class=\"umihn69f2a7deeb15c\" ><!--<a href=\"https:\/\/bit.ly\/3QdrqTZ\" target=\"_blank\">\n<img src=\"https:\/\/justicapotiguar.com.br\/wp-content\/uploads\/2023\/09\/desktop-geral.gif\"\/><a\/>--><\/div><style type=\"text\/css\">\r\n.umihn69f2a7deeb15c {\r\ntext-align: center;\nmargin-bottom: 1em;\r\n}\r\n@media screen and (min-width: 1201px) {\r\n.umihn69f2a7deeb15c {\r\ndisplay: block;\r\n}\r\n}\r\n@media screen and (min-width: 993px) and (max-width: 1200px) {\r\n.umihn69f2a7deeb15c {\r\ndisplay: block;\r\n}\r\n}\r\n@media screen and (min-width: 769px) and (max-width: 992px) {\r\n.umihn69f2a7deeb15c {\r\ndisplay: block;\r\n}\r\n}\r\n@media screen and (min-width: 768px) and (max-width: 768px) {\r\n.umihn69f2a7deeb15c {\r\ndisplay: none;\r\n}\r\n}\r\n@media screen and (max-width: 767px) {\r\n.umihn69f2a7deeb15c {\r\ndisplay: none;\r\n}\r\n}\r\n<\/style>\r\n\n\n\n\n<p>No entanto, o desembargador Carlos Newton Pinto destacou que o valor penhorado pela Vara do Trabalho foi de R$ 59,00, ap\u00f3s os saques feitos pelo s\u00f3cio para fazer frente \u00e0s despesas do m\u00eas &nbsp;<\/p>\n\n\n\n<p>\u201cPortanto, observado o princ\u00edpio da isonomia \u00e0 vista do padr\u00e3o de renda do executado, n\u00e3o se pode concluir que o bloqueio do cr\u00e9dito perpetrado em desfavor dele comprometa o n\u00facleo m\u00ednimo de sua subsist\u00eancia\u201d, consignou o desembargador.<\/p>\n\n\n\n<p>Ele destacou ainda que a legisla\u00e7\u00e3o permite que a penhora alcance o patamar de at\u00e9 50% da renda recebida, conforme observado pelo teor do \u00a73\u00ba do art. 529 do CPC.&nbsp;<\/p>\n\n\n\n<p>\u201cNeste contexto, n\u00e3o \u00e9 razo\u00e1vel a prote\u00e7\u00e3o integral do devedor, mediante a impossibilidade absoluta de penhora de valores de origem aliment\u00edcia, ante a natureza alimentar da execu\u00e7\u00e3o movida\u201d, concluiu ele.<\/p>\n\n\n\n<p>A decis\u00e3o da 2\u00aa Turma do TRT-RN foi por maioria. O processo \u00e9 o de n\u00ba 0001805-16.2016.5.21.0002.<\/p>\n","protected":false},"excerpt":{"rendered":"<p>A Segunda Turma do Tribunal Regional do Trabalho da 21\u00aa (TRT-RN) manteve o bloqueio do Benef\u00edcio Emergencial de Preserva\u00e7\u00e3o do Emprego e da Renda (BEm), pertencente ao s\u00f3cio de uma empresa, para garantir a quita\u00e7\u00e3o de uma d\u00edvida trabalhista. De acordo com o desembargador Carlos Newton de Souza Pinto, relator do processo no TRT-RN, o<br \/><a class=\"more-link\" href=\"https:\/\/justicapotiguar.com.br\/index.php\/2020\/10\/28\/trt-rn-mantem-bloqueio-de-beneficio-emergencial-do-governo-federal-para-pagar-debito-trabalhista\/\">Mais&#8230;<\/a><\/p>\n","protected":false},"author":5,"featured_media":8474,"comment_status":"open","ping_status":"open","sticky":false,"template":"","format":"standard","meta":[],"categories":[3],"tags":[],"_links":{"self":[{"href":"https:\/\/justicapotiguar.com.br\/index.php\/wp-json\/wp\/v2\/posts\/14171"}],"collection":[{"href":"https:\/\/justicapotiguar.com.br\/index.php\/wp-json\/wp\/v2\/posts"}],"about":[{"href":"https:\/\/justicapotiguar.com.br\/index.php\/wp-json\/wp\/v2\/types\/post"}],"author":[{"embeddable":true,"href":"https:\/\/justicapotiguar.com.br\/index.php\/wp-json\/wp\/v2\/users\/5"}],"replies":[{"embeddable":true,"href":"https:\/\/justicapotiguar.com.br\/index.php\/wp-json\/wp\/v2\/comments?post=14171"}],"version-history":[{"count":1,"href":"https:\/\/justicapotiguar.com.br\/index.php\/wp-json\/wp\/v2\/posts\/14171\/revisions"}],"predecessor-version":[{"id":14172,"href":"https:\/\/justicapotiguar.com.br\/index.php\/wp-json\/wp\/v2\/posts\/14171\/revisions\/14172"}],"wp:featuredmedia":[{"embeddable":true,"href":"https:\/\/justicapotiguar.com.br\/index.php\/wp-json\/wp\/v2\/media\/8474"}],"wp:attachment":[{"href":"https:\/\/justicapotiguar.com.br\/index.php\/wp-json\/wp\/v2\/media?parent=14171"}],"wp:term":[{"taxonomy":"category","embeddable":true,"href":"https:\/\/justicapotiguar.com.br\/index.php\/wp-json\/wp\/v2\/categories?post=14171"},{"taxonomy":"post_tag","embeddable":true,"href":"https:\/\/justicapotiguar.com.br\/index.php\/wp-json\/wp\/v2\/tags?post=14171"}],"curies":[{"name":"wp","href":"https:\/\/api.w.org\/{rel}","templated":true}]}}