{"id":14168,"date":"2020-10-28T13:33:22","date_gmt":"2020-10-28T16:33:22","guid":{"rendered":"https:\/\/justicapotiguar.com.br\/?p=14168"},"modified":"2020-10-28T11:51:59","modified_gmt":"2020-10-28T14:51:59","slug":"advogados-vao-ao-cnj-contra-juiz-que-lhes-aplicou-multa-por-litigancia-de-ma-fe","status":"publish","type":"post","link":"https:\/\/justicapotiguar.com.br\/index.php\/2020\/10\/28\/advogados-vao-ao-cnj-contra-juiz-que-lhes-aplicou-multa-por-litigancia-de-ma-fe\/","title":{"rendered":"Advogados v\u00e3o ao CNJ contra juiz que lhes aplicou multa por litig\u00e2ncia de m\u00e1-f\u00e9"},"content":{"rendered":"\n<p>Dois advogados apresentaram \u00e0 Corregedoria Nacional de Justi\u00e7a representa\u00e7\u00e3o contra o juiz Marcelo Azevedo Chamone, da 47\u00aa Vara do Trabalho de S\u00e3o Paulo, por conden\u00e1-los a pagar, de forma solid\u00e1ria com empres\u00e1rias, multa por litig\u00e2ncia de m\u00e1-f\u00e9 por entender que um recurso era procastinat\u00f3rio.<\/p>\n\n\n\n<div class=\"wp-block-image\"><figure class=\"aligncenter\"><img src=\"https:\/\/www.conjur.com.br\/img\/b\/estatua-justica-themis-tribunal-liberdade.png\" alt=\"\"\/><figcaption>Advogado n\u00e3o pode ser condenado a pagar multa por litig\u00e2ncia de m\u00e1-f\u00e9&nbsp;<br><sup>123RF<\/sup><\/figcaption><\/figure><\/div>\n\n\n\n<p>Em reclama\u00e7\u00e3o trabalhista, o juiz determinou a desconsidera\u00e7\u00e3o da personalidade jur\u00eddica de uma editora e bloqueou os bens de suas duas s\u00f3cias. No dia seguinte, antes de qualquer intima\u00e7\u00e3o, os advogados opuseram embargos de declara\u00e7\u00e3o. Eles argumentaram a nulidade da decis\u00e3o de bloqueio dos bens, uma vez que as s\u00f3cias n\u00e3o tinham sido intimadas, e pediram reconsidera\u00e7\u00e3o da desconsidera\u00e7\u00e3o da personalidade jur\u00eddica da empresa.<\/p>\n\n\n\n<p>No entanto, Marcelo Azevedo Chamone considerou os embargos de declara\u00e7\u00e3o procrastinat\u00f3rios, aplicou litig\u00e2ncia de m\u00e1-f\u00e9 por alega\u00e7\u00e3o infundada e falsa argumenta\u00e7\u00e3o da inexist\u00eancia de intima\u00e7\u00e3o e indicou que os argumentos jur\u00eddicos seriam &#8220;longas p\u00e1ginas sobre quest\u00f5es laterais ao m\u00e9rito da quest\u00e3o&#8221;. E mais: indicou os advogados como respons\u00e1veis solid\u00e1rios da multa.<\/p>\n\n\n\n<p>Na representa\u00e7\u00e3o \u00e0 Corregedoria Nacional de Justi\u00e7a, os advogados argumentam que o recurso n\u00e3o era procastinat\u00f3rio, e sim uma tentativa de reverter o bloqueio dos bens das s\u00f3cias. Eles tamb\u00e9m apontam que n\u00e3o inventaram a falta de intima\u00e7\u00e3o. Ainda que os mandados tenham sido expedidos, as s\u00f3cias n\u00e3o os receberam at\u00e9 o momento de oposi\u00e7\u00e3o dos embargos.<\/p>\n\n\n\n<p>Os advogados ainda destacam que os argumentos jur\u00eddicos n\u00e3o s\u00e3o &#8220;laterais&#8221;. Afinal, outros dois ju\u00edzes do Trabalho os levaram em conta para negar pedidos de desconsidera\u00e7\u00e3o da personalidade jur\u00eddica da editora em casos semelhantes.<\/p>\n\n\n\n<p>De acordo com os advogados, ao inclu\u00ed-los como respons\u00e1veis solid\u00e1rios pela multa, o juiz violou o dever de &#8220;cumprir e fazer cumprir, com independ\u00eancia, serenidade e exatid\u00e3o, as disposi\u00e7\u00f5es legais e os atos de of\u00edcio&#8221;&nbsp;(artigo 35, I, da Lei Org\u00e2nica da Magistratura).<\/p><div class=\"qzdwr69f2a7e77f346\" ><!--<a href=\"https:\/\/bit.ly\/3QdrqTZ\" target=\"_blank\">\n<img src=\"https:\/\/justicapotiguar.com.br\/wp-content\/uploads\/2023\/09\/mobile-geral.gif\"\/><a\/>--><\/div><style type=\"text\/css\">\r\n.qzdwr69f2a7e77f346 {\r\ntext-align: center;\r\n}\r\n@media screen and (min-width: 1201px) {\r\n.qzdwr69f2a7e77f346 {\r\ndisplay: none;\r\n}\r\n}\r\n@media screen and (min-width: 993px) and (max-width: 1200px) {\r\n.qzdwr69f2a7e77f346 {\r\ndisplay: none;\r\n}\r\n}\r\n@media screen and (min-width: 769px) and (max-width: 992px) {\r\n.qzdwr69f2a7e77f346 {\r\ndisplay: none;\r\n}\r\n}\r\n@media screen and (min-width: 768px) and (max-width: 768px) {\r\n.qzdwr69f2a7e77f346 {\r\ndisplay: block;\r\n}\r\n}\r\n@media screen and (max-width: 767px) {\r\n.qzdwr69f2a7e77f346 {\r\ndisplay: block;\r\n}\r\n}\r\n<\/style>\r\n<div class=\"plnmh69f2a7e77f32f\" ><!--<a href=\"https:\/\/bit.ly\/3QdrqTZ\" target=\"_blank\">\n<img src=\"https:\/\/justicapotiguar.com.br\/wp-content\/uploads\/2023\/09\/desktop-geral.gif\"\/><a\/>--><\/div><style type=\"text\/css\">\r\n.plnmh69f2a7e77f32f {\r\ntext-align: center;\nmargin-bottom: 1em;\r\n}\r\n@media screen and (min-width: 1201px) {\r\n.plnmh69f2a7e77f32f {\r\ndisplay: block;\r\n}\r\n}\r\n@media screen and (min-width: 993px) and (max-width: 1200px) {\r\n.plnmh69f2a7e77f32f {\r\ndisplay: block;\r\n}\r\n}\r\n@media screen and (min-width: 769px) and (max-width: 992px) {\r\n.plnmh69f2a7e77f32f {\r\ndisplay: block;\r\n}\r\n}\r\n@media screen and (min-width: 768px) and (max-width: 768px) {\r\n.plnmh69f2a7e77f32f {\r\ndisplay: none;\r\n}\r\n}\r\n@media screen and (max-width: 767px) {\r\n.plnmh69f2a7e77f32f {\r\ndisplay: none;\r\n}\r\n}\r\n<\/style>\r\n\n\n\n\n<p>Al\u00e9m disso, sustentam, o julgador agiu de forma imprudente, desrespeitando os artigos 24 e 25 do C\u00f3digo de \u00c9tica da Magistratura Nacional.<\/p>\n\n\n\n<p>&#8220;Ao condenar a parte e seus patronos \u00e0 multa de litig\u00e2ncia de m\u00e1-f\u00e9 apenas por discordar jurisdicionalmente dos embargos apresentados, o magistrado deixa de agir com serenidade, exatid\u00e3o e prud\u00eancia, posto que aplica san\u00e7\u00e3o demasiado severa e desproporcional, com intuito \u00fanico de inibir a defesa a pugnar o que de direito&#8221;, afirmam os advogados.<\/p>\n\n\n\n<p>Eles lembram que o Supremo Tribunal Federal e o Superior Tribunal de Justi\u00e7a j\u00e1 decidiram que advogado n\u00e3o pode ser condenado a pagar multa por litig\u00e2ncia de m\u00e1-f\u00e9.<\/p>\n\n\n\n<p>Chamone \u00e9 diretor cultural da Associa\u00e7\u00e3o dos Magistrados da Justi\u00e7a do Trabalho da 2\u00aa Regi\u00e3o e j\u00e1 foi vice-presidente da entidade (bi\u00eanio 2017\/2019).<\/p>\n\n\n\n<p>Conjur<\/p>\n","protected":false},"excerpt":{"rendered":"<p>Dois advogados apresentaram \u00e0 Corregedoria Nacional de Justi\u00e7a representa\u00e7\u00e3o contra o juiz Marcelo Azevedo Chamone, da 47\u00aa Vara do Trabalho de S\u00e3o Paulo, por conden\u00e1-los a pagar, de forma solid\u00e1ria com empres\u00e1rias, multa por litig\u00e2ncia de m\u00e1-f\u00e9 por entender que um recurso era procastinat\u00f3rio. Em reclama\u00e7\u00e3o trabalhista, o juiz determinou a desconsidera\u00e7\u00e3o da personalidade jur\u00eddica<br \/><a class=\"more-link\" href=\"https:\/\/justicapotiguar.com.br\/index.php\/2020\/10\/28\/advogados-vao-ao-cnj-contra-juiz-que-lhes-aplicou-multa-por-litigancia-de-ma-fe\/\">Mais&#8230;<\/a><\/p>\n","protected":false},"author":5,"featured_media":7643,"comment_status":"open","ping_status":"open","sticky":false,"template":"","format":"standard","meta":[],"categories":[3],"tags":[],"_links":{"self":[{"href":"https:\/\/justicapotiguar.com.br\/index.php\/wp-json\/wp\/v2\/posts\/14168"}],"collection":[{"href":"https:\/\/justicapotiguar.com.br\/index.php\/wp-json\/wp\/v2\/posts"}],"about":[{"href":"https:\/\/justicapotiguar.com.br\/index.php\/wp-json\/wp\/v2\/types\/post"}],"author":[{"embeddable":true,"href":"https:\/\/justicapotiguar.com.br\/index.php\/wp-json\/wp\/v2\/users\/5"}],"replies":[{"embeddable":true,"href":"https:\/\/justicapotiguar.com.br\/index.php\/wp-json\/wp\/v2\/comments?post=14168"}],"version-history":[{"count":1,"href":"https:\/\/justicapotiguar.com.br\/index.php\/wp-json\/wp\/v2\/posts\/14168\/revisions"}],"predecessor-version":[{"id":14169,"href":"https:\/\/justicapotiguar.com.br\/index.php\/wp-json\/wp\/v2\/posts\/14168\/revisions\/14169"}],"wp:featuredmedia":[{"embeddable":true,"href":"https:\/\/justicapotiguar.com.br\/index.php\/wp-json\/wp\/v2\/media\/7643"}],"wp:attachment":[{"href":"https:\/\/justicapotiguar.com.br\/index.php\/wp-json\/wp\/v2\/media?parent=14168"}],"wp:term":[{"taxonomy":"category","embeddable":true,"href":"https:\/\/justicapotiguar.com.br\/index.php\/wp-json\/wp\/v2\/categories?post=14168"},{"taxonomy":"post_tag","embeddable":true,"href":"https:\/\/justicapotiguar.com.br\/index.php\/wp-json\/wp\/v2\/tags?post=14168"}],"curies":[{"name":"wp","href":"https:\/\/api.w.org\/{rel}","templated":true}]}}