{"id":1414,"date":"2019-08-26T16:38:25","date_gmt":"2019-08-26T19:38:25","guid":{"rendered":"https:\/\/justicapotiguar.com.br\/?p=1414"},"modified":"2019-08-26T20:35:08","modified_gmt":"2019-08-26T23:35:08","slug":"juiza-diz-que-colegas-do-judiciario-fazem-teste-do-sofa-e-gera-polemica","status":"publish","type":"post","link":"https:\/\/justicapotiguar.com.br\/index.php\/2019\/08\/26\/juiza-diz-que-colegas-do-judiciario-fazem-teste-do-sofa-e-gera-polemica\/","title":{"rendered":"Ju\u00edza diz que colegas do Judici\u00e1rio fazem &#8220;teste do sof\u00e1&#8221; e gera pol\u00eamica"},"content":{"rendered":"\n<figure class=\"wp-block-image\"><img loading=\"lazy\" width=\"1024\" height=\"683\" src=\"https:\/\/justicapotiguar.com.br\/wp-content\/uploads\/2019\/08\/patricia-cunha-paz-barreto-carvalho-1024x683.jpg\" alt=\"\" class=\"wp-image-1415\" srcset=\"https:\/\/justicapotiguar.com.br\/wp-content\/uploads\/2019\/08\/patricia-cunha-paz-barreto-carvalho.jpg 1024w, https:\/\/justicapotiguar.com.br\/wp-content\/uploads\/2019\/08\/patricia-cunha-paz-barreto-carvalho-300x200.jpg 300w, https:\/\/justicapotiguar.com.br\/wp-content\/uploads\/2019\/08\/patricia-cunha-paz-barreto-carvalho-768x512.jpg 768w\" sizes=\"(max-width: 1024px) 100vw, 1024px\" \/><figcaption>Foto: Reprodu\u00e7\u00e3o\/EPOCA<\/figcaption><\/figure>\n\n\n\n<p>A ju\u00edza de Sergipe&nbsp;Patr\u00edcia Cunha Paz Barreto de Carvalho deu uma declara\u00e7\u00e3o pol\u00eamica durante um congresso que discutia o papel da mulher no Judici\u00e1rio. Ela disse que muitas&nbsp;advogadas e servidoras tiveram que fazer &#8220;teste do sof\u00e1&#8221;.<\/p>\n\n\n\n<p>&#8220;Ou\u00e7o a hist\u00f3ria de v\u00e1rias carreiras, de delegadas, advogadas, advogadas com ju\u00edzes, para uma liminar,&nbsp;teste do sof\u00e1. Meus colegas fazem \u00e0s vezes teste do sof\u00e1&#8221;, afirmou a magistrada em maio de 2018,&nbsp;durante o painel &#8220;g\u00eanero e a feminiza\u00e7\u00e3o da magistratura&#8221; no XXIII Congresso Brasileiro de Magistrados, promovido em Macei\u00f3.<\/p>\n\n\n\n<p>&#8220;\u00c9&nbsp;muito delicado o tema, e n\u00e3o vem \u00e0 tona. A gente ouve. L\u00f3gico que n\u00e3o vem a p\u00fablico. De repente voc\u00ea tem uma amiga que \u00e9 servidora, ent\u00e3o ela se sente \u00e0 vontade para dizer. Mas \u00e9 uma coisa velada, escondida, privada&#8221;, completou Patr\u00edcia.<\/p>\n\n\n\n<p>Em nota, a ju\u00edza diz que n\u00e3o estava denunciando colegas de profiss\u00e3o, mas comentando sobre uma pr\u00e1tica lament\u00e1vel, que existe em todo o mundo. Patr\u00edcia ressaltou a import\u00e2ncia da apura\u00e7\u00e3o desses casos pela Justi\u00e7a.<\/p><div class=\"mxocq69efdbc3e564a\" ><!--<a href=\"https:\/\/bit.ly\/3QdrqTZ\" target=\"_blank\">\n<img src=\"https:\/\/justicapotiguar.com.br\/wp-content\/uploads\/2023\/09\/mobile-geral.gif\"\/><a\/>--><\/div><style type=\"text\/css\">\r\n.mxocq69efdbc3e564a {\r\ntext-align: center;\r\n}\r\n@media screen and (min-width: 1201px) {\r\n.mxocq69efdbc3e564a {\r\ndisplay: none;\r\n}\r\n}\r\n@media screen and (min-width: 993px) and (max-width: 1200px) {\r\n.mxocq69efdbc3e564a {\r\ndisplay: none;\r\n}\r\n}\r\n@media screen and (min-width: 769px) and (max-width: 992px) {\r\n.mxocq69efdbc3e564a {\r\ndisplay: none;\r\n}\r\n}\r\n@media screen and (min-width: 768px) and (max-width: 768px) {\r\n.mxocq69efdbc3e564a {\r\ndisplay: block;\r\n}\r\n}\r\n@media screen and (max-width: 767px) {\r\n.mxocq69efdbc3e564a {\r\ndisplay: block;\r\n}\r\n}\r\n<\/style>\r\n<div class=\"pyzby69efdbc3e5638\" ><!--<a href=\"https:\/\/bit.ly\/3QdrqTZ\" target=\"_blank\">\n<img src=\"https:\/\/justicapotiguar.com.br\/wp-content\/uploads\/2023\/09\/desktop-geral.gif\"\/><a\/>--><\/div><style type=\"text\/css\">\r\n.pyzby69efdbc3e5638 {\r\ntext-align: center;\nmargin-bottom: 1em;\r\n}\r\n@media screen and (min-width: 1201px) {\r\n.pyzby69efdbc3e5638 {\r\ndisplay: block;\r\n}\r\n}\r\n@media screen and (min-width: 993px) and (max-width: 1200px) {\r\n.pyzby69efdbc3e5638 {\r\ndisplay: block;\r\n}\r\n}\r\n@media screen and (min-width: 769px) and (max-width: 992px) {\r\n.pyzby69efdbc3e5638 {\r\ndisplay: block;\r\n}\r\n}\r\n@media screen and (min-width: 768px) and (max-width: 768px) {\r\n.pyzby69efdbc3e5638 {\r\ndisplay: none;\r\n}\r\n}\r\n@media screen and (max-width: 767px) {\r\n.pyzby69efdbc3e5638 {\r\ndisplay: none;\r\n}\r\n}\r\n<\/style>\r\n\n\n\n\n<p>Al\u00e9m disso, a julgadora criticou o fato de sua fala ter sido noticiada &#8211; inicialmente pelo site da revista&nbsp;<em>\u00c9poca<\/em>&nbsp;&#8211; mais de um ano ap\u00f3s ter sido proferida.&nbsp;<\/p>\n\n\n\n<p>&#8220;O Judici\u00e1rio n\u00e3o merece ser v\u00edtima de not\u00edcias tendenciosas, nem, tampouco, esta magistrada. N\u00e3o h\u00e1 justificativas plaus\u00edveis para que, h\u00e1 mais de um ano do evento, a imagem desta magistrada e trechos do col\u00f3quio sejam selecionados, de forma descontextualizada e tendenciosa, para ferir a imagem de indiv\u00edduos e carreiras. Como dito, a divulga\u00e7\u00e3o causa estranheza, sendo lament\u00e1vel, portanto&#8221;.<\/p>\n\n\n\n<p><strong>Conjur<\/strong><\/p>\n","protected":false},"excerpt":{"rendered":"<p>Ela disse que muitas advogadas e servidoras tiveram que fazer &#8220;teste do sof\u00e1&#8221;<br \/><a class=\"more-link\" href=\"https:\/\/justicapotiguar.com.br\/index.php\/2019\/08\/26\/juiza-diz-que-colegas-do-judiciario-fazem-teste-do-sofa-e-gera-polemica\/\">Mais&#8230;<\/a><\/p>\n","protected":false},"author":5,"featured_media":1415,"comment_status":"open","ping_status":"open","sticky":false,"template":"","format":"standard","meta":[],"categories":[3],"tags":[],"_links":{"self":[{"href":"https:\/\/justicapotiguar.com.br\/index.php\/wp-json\/wp\/v2\/posts\/1414"}],"collection":[{"href":"https:\/\/justicapotiguar.com.br\/index.php\/wp-json\/wp\/v2\/posts"}],"about":[{"href":"https:\/\/justicapotiguar.com.br\/index.php\/wp-json\/wp\/v2\/types\/post"}],"author":[{"embeddable":true,"href":"https:\/\/justicapotiguar.com.br\/index.php\/wp-json\/wp\/v2\/users\/5"}],"replies":[{"embeddable":true,"href":"https:\/\/justicapotiguar.com.br\/index.php\/wp-json\/wp\/v2\/comments?post=1414"}],"version-history":[{"count":2,"href":"https:\/\/justicapotiguar.com.br\/index.php\/wp-json\/wp\/v2\/posts\/1414\/revisions"}],"predecessor-version":[{"id":1433,"href":"https:\/\/justicapotiguar.com.br\/index.php\/wp-json\/wp\/v2\/posts\/1414\/revisions\/1433"}],"wp:featuredmedia":[{"embeddable":true,"href":"https:\/\/justicapotiguar.com.br\/index.php\/wp-json\/wp\/v2\/media\/1415"}],"wp:attachment":[{"href":"https:\/\/justicapotiguar.com.br\/index.php\/wp-json\/wp\/v2\/media?parent=1414"}],"wp:term":[{"taxonomy":"category","embeddable":true,"href":"https:\/\/justicapotiguar.com.br\/index.php\/wp-json\/wp\/v2\/categories?post=1414"},{"taxonomy":"post_tag","embeddable":true,"href":"https:\/\/justicapotiguar.com.br\/index.php\/wp-json\/wp\/v2\/tags?post=1414"}],"curies":[{"name":"wp","href":"https:\/\/api.w.org\/{rel}","templated":true}]}}