{"id":1400,"date":"2019-08-26T13:03:49","date_gmt":"2019-08-26T16:03:49","guid":{"rendered":"https:\/\/justicapotiguar.com.br\/?p=1400"},"modified":"2019-08-26T17:38:35","modified_gmt":"2019-08-26T20:38:35","slug":"juiz-manda-cnmp-retirar-de-pauta-processo-contra-deltan","status":"publish","type":"post","link":"https:\/\/justicapotiguar.com.br\/index.php\/2019\/08\/26\/juiz-manda-cnmp-retirar-de-pauta-processo-contra-deltan\/","title":{"rendered":"Juiz manda CNMP retirar de pauta processo contra Deltan"},"content":{"rendered":"\n<p>Alegando preju\u00edzo \u00e0 ampla defesa, o&nbsp;juiz Nivaldo Bruoni, da Justi\u00e7a Federal do Paran\u00e1, determinou que o Conselho Nacional do Minist\u00e9rio P\u00fablico retire de pauta o processo administrativo contra o procurador&nbsp;Deltan Dallagnol, marcado para ser analisado nesta ter\u00e7a-feira (27\/8).<\/p>\n\n\n\n<figure class=\"wp-block-image is-resized\"><img loading=\"lazy\" src=\"https:\/\/www.conjur.com.br\/img\/b\/deltan-dallagnol3.jpeg\" alt=\"\" width=\"450\" height=\"300\"\/><figcaption>Processo foi aberto ap\u00f3s Deltan afirmar que decis\u00f5es tomadas pelo STF passam a mensagem de leni\u00eancia com a corrup\u00e7\u00e3o&nbsp;<sup>Fernando Fraz\u00e3o\/Ag\u00eancia Brasil<\/sup><\/figcaption><\/figure>\n\n\n\n<p>O processo apura&nbsp;&#8220;manifesta\u00e7\u00e3o p\u00fablica indevida&#8221; em entrevista concedida \u00e0 r\u00e1dio CBN, no ano passado. Nela, o procurador criticou o Supremo Tribunal Federal, afirmando que decis\u00f5es tomadas pela corte passam a mensagem de leni\u00eancia com a corrup\u00e7\u00e3o.<\/p>\n\n\n\n<p>Deltan j\u00e1 havia tentado retirar de pauta o processo, mas o conselho negou pedido. Ent\u00e3o, ingressou com a\u00e7\u00e3o na Justi\u00e7a Federal, com pedido de liminar julgada no plant\u00e3o por Brunoni, na tarde deste domingo (25\/8).<\/p>\n\n\n\n<p>No pedido, o procurador afirmou que sua defesa renunciou ao mandato durante o prazo para alega\u00e7\u00f5es finais, e que os novos patronos n\u00e3o foram formalmente intimados para apresentar as alega\u00e7\u00f5es finais. Por isso, pediu a reabertura do prazo e a consequente retirada de pauta do processo.<\/p><div class=\"esmyd69ee14d7e5f69\" ><!--<a href=\"https:\/\/bit.ly\/3QdrqTZ\" target=\"_blank\">\n<img src=\"https:\/\/justicapotiguar.com.br\/wp-content\/uploads\/2023\/09\/mobile-geral.gif\"\/><a\/>--><\/div><style type=\"text\/css\">\r\n.esmyd69ee14d7e5f69 {\r\ntext-align: center;\r\n}\r\n@media screen and (min-width: 1201px) {\r\n.esmyd69ee14d7e5f69 {\r\ndisplay: none;\r\n}\r\n}\r\n@media screen and (min-width: 993px) and (max-width: 1200px) {\r\n.esmyd69ee14d7e5f69 {\r\ndisplay: none;\r\n}\r\n}\r\n@media screen and (min-width: 769px) and (max-width: 992px) {\r\n.esmyd69ee14d7e5f69 {\r\ndisplay: none;\r\n}\r\n}\r\n@media screen and (min-width: 768px) and (max-width: 768px) {\r\n.esmyd69ee14d7e5f69 {\r\ndisplay: block;\r\n}\r\n}\r\n@media screen and (max-width: 767px) {\r\n.esmyd69ee14d7e5f69 {\r\ndisplay: block;\r\n}\r\n}\r\n<\/style>\r\n<div class=\"lgnsk69ee14d7e5f50\" ><!--<a href=\"https:\/\/bit.ly\/3QdrqTZ\" target=\"_blank\">\n<img src=\"https:\/\/justicapotiguar.com.br\/wp-content\/uploads\/2023\/09\/desktop-geral.gif\"\/><a\/>--><\/div><style type=\"text\/css\">\r\n.lgnsk69ee14d7e5f50 {\r\ntext-align: center;\nmargin-bottom: 1em;\r\n}\r\n@media screen and (min-width: 1201px) {\r\n.lgnsk69ee14d7e5f50 {\r\ndisplay: block;\r\n}\r\n}\r\n@media screen and (min-width: 993px) and (max-width: 1200px) {\r\n.lgnsk69ee14d7e5f50 {\r\ndisplay: block;\r\n}\r\n}\r\n@media screen and (min-width: 769px) and (max-width: 992px) {\r\n.lgnsk69ee14d7e5f50 {\r\ndisplay: block;\r\n}\r\n}\r\n@media screen and (min-width: 768px) and (max-width: 768px) {\r\n.lgnsk69ee14d7e5f50 {\r\ndisplay: none;\r\n}\r\n}\r\n@media screen and (max-width: 767px) {\r\n.lgnsk69ee14d7e5f50 {\r\ndisplay: none;\r\n}\r\n}\r\n<\/style>\r\n\n\n\n\n<p>&#8220;H\u00e1 claro preju\u00edzo \u00e0 ampla defesa e ao contradit\u00f3rio do processado, que deixou de apresentar alega\u00e7\u00f5es finais porque o advogado originalmente constitu\u00eddo renunciou\/substabeleceu, no interregno do prazo que escoava, os poderes que lhe foram atribu\u00eddos, dificultando a a\u00e7\u00e3o de seus sucessores -que, por sua vez, n\u00e3o tiveram tempo h\u00e1bil para, nas horas que remanesciam, analisar os conte\u00fados do PAD&#8221;, afirmou o juiz.<\/p>\n\n\n\n<p>Segundo a decis\u00e3o, o CNMP poder\u00e1 dar seguimento ao procedimento disciplinar&nbsp;desde que assegurados a ampla defesa e o contradit\u00f3rio.<\/p>\n\n\n\n<p>Respons\u00e1vel pela decis\u00e3o, Brunoni tem atuado em processos da &#8220;lava jato&#8221; como convocado no Tribunal Regional Federal da 4\u00aa Regi\u00e3o durante as f\u00e9rias dos desembargadores. Entre suas decis\u00f5es na corte, est\u00e1 a que autorizou a pris\u00e3o do ex-presidente Lula, em 7 de abril de 2018.<\/p>\n","protected":false},"excerpt":{"rendered":"<p>Deltan j\u00e1 havia tentado retirar de pauta o processo, mas o conselho negou pedido<br \/><a class=\"more-link\" href=\"https:\/\/justicapotiguar.com.br\/index.php\/2019\/08\/26\/juiz-manda-cnmp-retirar-de-pauta-processo-contra-deltan\/\">Mais&#8230;<\/a><\/p>\n","protected":false},"author":5,"featured_media":193,"comment_status":"open","ping_status":"open","sticky":false,"template":"","format":"standard","meta":[],"categories":[3],"tags":[],"_links":{"self":[{"href":"https:\/\/justicapotiguar.com.br\/index.php\/wp-json\/wp\/v2\/posts\/1400"}],"collection":[{"href":"https:\/\/justicapotiguar.com.br\/index.php\/wp-json\/wp\/v2\/posts"}],"about":[{"href":"https:\/\/justicapotiguar.com.br\/index.php\/wp-json\/wp\/v2\/types\/post"}],"author":[{"embeddable":true,"href":"https:\/\/justicapotiguar.com.br\/index.php\/wp-json\/wp\/v2\/users\/5"}],"replies":[{"embeddable":true,"href":"https:\/\/justicapotiguar.com.br\/index.php\/wp-json\/wp\/v2\/comments?post=1400"}],"version-history":[{"count":1,"href":"https:\/\/justicapotiguar.com.br\/index.php\/wp-json\/wp\/v2\/posts\/1400\/revisions"}],"predecessor-version":[{"id":1401,"href":"https:\/\/justicapotiguar.com.br\/index.php\/wp-json\/wp\/v2\/posts\/1400\/revisions\/1401"}],"wp:featuredmedia":[{"embeddable":true,"href":"https:\/\/justicapotiguar.com.br\/index.php\/wp-json\/wp\/v2\/media\/193"}],"wp:attachment":[{"href":"https:\/\/justicapotiguar.com.br\/index.php\/wp-json\/wp\/v2\/media?parent=1400"}],"wp:term":[{"taxonomy":"category","embeddable":true,"href":"https:\/\/justicapotiguar.com.br\/index.php\/wp-json\/wp\/v2\/categories?post=1400"},{"taxonomy":"post_tag","embeddable":true,"href":"https:\/\/justicapotiguar.com.br\/index.php\/wp-json\/wp\/v2\/tags?post=1400"}],"curies":[{"name":"wp","href":"https:\/\/api.w.org\/{rel}","templated":true}]}}