{"id":1398,"date":"2019-08-26T14:05:14","date_gmt":"2019-08-26T17:05:14","guid":{"rendered":"https:\/\/justicapotiguar.com.br\/?p=1398"},"modified":"2019-08-26T13:01:52","modified_gmt":"2019-08-26T16:01:52","slug":"presidente-da-oab-nacional-vem-a-natal-falar-dos-desafios-da-advocacia-nesta-terca","status":"publish","type":"post","link":"https:\/\/justicapotiguar.com.br\/index.php\/2019\/08\/26\/presidente-da-oab-nacional-vem-a-natal-falar-dos-desafios-da-advocacia-nesta-terca\/","title":{"rendered":"Presidente da OAB Nacional vem a Natal falar dos desafios da advocacia nesta ter\u00e7a"},"content":{"rendered":"\n<p>Como parte da programa\u00e7\u00e3o do M\u00eas da Advocacia, a Caixa de Assist\u00eancia dos Advogados do Rio Grande do Norte vai promover na pr\u00f3xima ter\u00e7a-feira (27), \u00e0s 19 horas, uma sess\u00e3o especial para celebrar o seu anivers\u00e1rio de 70 anos. A Seccional Potiguar da Ordem dos Advogados do Brasil apoia o evento, que ser\u00e1 realizado no plen\u00e1rio da sua sede e ter\u00e1 a presen\u00e7a do presidente nacional da OAB, Felipe Santa Cruz.<\/p>\n\n\n\n<p>Al\u00e9m da anfitri\u00e3, Monalissa Dantas, presidente da CAARN, &nbsp;e Diretoria da Caixa de Assist\u00eancia; e do presidente da OAB\/RN, Aldo Medeiros, e Diretoria da Seccional Potiguar, a cerim\u00f4nia contar\u00e1 com a presen\u00e7a do secret\u00e1rio-geral do Conselho Federal da OAB, Jos\u00e9 Alberto Simonetti; presidente do FIDA, Felipe Sarmento Cordeiro, e dos conselheiros federais, Canind\u00e9 Maia e Ana Beatriz Presgrave.<\/p>\n\n\n\n<p>\u201cSer\u00e1 um momento \u00fanico. Estaremos todos juntos celebrando os 70 anos da Caixa de Assist\u00eancia, que tem prestado relevantes servi\u00e7os \u00e0 advocacia potiguar. A solenidade oficial vem para encerrar todo o m\u00eas festivo de agosto, que \u00e9 o m\u00eas da advocacia, e foi um sucesso. Tivemos eventos nas \u00e1reas de sa\u00fade, esportes, lazer, entre tantas outras cerim\u00f4nias realizadas em homenagem a nossa querida CAARN\u201d, lembra Monalissa Dantas.<\/p><div class=\"kiyll69ee14d86c4e0\" ><!--<a href=\"https:\/\/bit.ly\/3QdrqTZ\" target=\"_blank\">\n<img src=\"https:\/\/justicapotiguar.com.br\/wp-content\/uploads\/2023\/09\/mobile-geral.gif\"\/><a\/>--><\/div><style type=\"text\/css\">\r\n.kiyll69ee14d86c4e0 {\r\ntext-align: center;\r\n}\r\n@media screen and (min-width: 1201px) {\r\n.kiyll69ee14d86c4e0 {\r\ndisplay: none;\r\n}\r\n}\r\n@media screen and (min-width: 993px) and (max-width: 1200px) {\r\n.kiyll69ee14d86c4e0 {\r\ndisplay: none;\r\n}\r\n}\r\n@media screen and (min-width: 769px) and (max-width: 992px) {\r\n.kiyll69ee14d86c4e0 {\r\ndisplay: none;\r\n}\r\n}\r\n@media screen and (min-width: 768px) and (max-width: 768px) {\r\n.kiyll69ee14d86c4e0 {\r\ndisplay: block;\r\n}\r\n}\r\n@media screen and (max-width: 767px) {\r\n.kiyll69ee14d86c4e0 {\r\ndisplay: block;\r\n}\r\n}\r\n<\/style>\r\n<div class=\"yfknr69ee14d86c4c8\" ><!--<a href=\"https:\/\/bit.ly\/3QdrqTZ\" target=\"_blank\">\n<img src=\"https:\/\/justicapotiguar.com.br\/wp-content\/uploads\/2023\/09\/desktop-geral.gif\"\/><a\/>--><\/div><style type=\"text\/css\">\r\n.yfknr69ee14d86c4c8 {\r\ntext-align: center;\nmargin-bottom: 1em;\r\n}\r\n@media screen and (min-width: 1201px) {\r\n.yfknr69ee14d86c4c8 {\r\ndisplay: block;\r\n}\r\n}\r\n@media screen and (min-width: 993px) and (max-width: 1200px) {\r\n.yfknr69ee14d86c4c8 {\r\ndisplay: block;\r\n}\r\n}\r\n@media screen and (min-width: 769px) and (max-width: 992px) {\r\n.yfknr69ee14d86c4c8 {\r\ndisplay: block;\r\n}\r\n}\r\n@media screen and (min-width: 768px) and (max-width: 768px) {\r\n.yfknr69ee14d86c4c8 {\r\ndisplay: none;\r\n}\r\n}\r\n@media screen and (max-width: 767px) {\r\n.yfknr69ee14d86c4c8 {\r\ndisplay: none;\r\n}\r\n}\r\n<\/style>\r\n\n\n\n\n<p>Na ocasi\u00e3o, a Diretoria da Caixa de Assist\u00eancia homenagear\u00e1 pessoas que fizeram parte da hist\u00f3ria da institui\u00e7\u00e3o e somaram para o fortalecimento da advocacia regional e nacional.<\/p>\n\n\n\n<figure class=\"wp-block-image\"><img src=\"https:\/\/www.oabrn.org.br\/2017\/_ups\/files\/images\/FelipeSantaCruz.jpg\" alt=\"\"\/><\/figure>\n\n\n\n<p>O presidente da OAB, Felipe Santa Cruz, cumpre outros compromissos na Seccional Potiguar da Ordem antes da sess\u00e3o comemorativa. \u00c0s 15h30, ele dar\u00e1 uma entrevista coletiva \u00e0 imprensa potiguar no plen\u00e1rio da OAB\/RN. Em seguida, \u00e0s 16 horas, participar\u00e1 da Sess\u00e3o de Juramento para novos advogados.<\/p>\n","protected":false},"excerpt":{"rendered":"<p>O presidente da OAB, Felipe Santa Cruz, cumpre outros compromissos na Seccional Potiguar da Ordem antes da sess\u00e3o comemorativa<br \/><a class=\"more-link\" href=\"https:\/\/justicapotiguar.com.br\/index.php\/2019\/08\/26\/presidente-da-oab-nacional-vem-a-natal-falar-dos-desafios-da-advocacia-nesta-terca\/\">Mais&#8230;<\/a><\/p>\n","protected":false},"author":5,"featured_media":1368,"comment_status":"open","ping_status":"open","sticky":false,"template":"","format":"standard","meta":[],"categories":[3],"tags":[],"_links":{"self":[{"href":"https:\/\/justicapotiguar.com.br\/index.php\/wp-json\/wp\/v2\/posts\/1398"}],"collection":[{"href":"https:\/\/justicapotiguar.com.br\/index.php\/wp-json\/wp\/v2\/posts"}],"about":[{"href":"https:\/\/justicapotiguar.com.br\/index.php\/wp-json\/wp\/v2\/types\/post"}],"author":[{"embeddable":true,"href":"https:\/\/justicapotiguar.com.br\/index.php\/wp-json\/wp\/v2\/users\/5"}],"replies":[{"embeddable":true,"href":"https:\/\/justicapotiguar.com.br\/index.php\/wp-json\/wp\/v2\/comments?post=1398"}],"version-history":[{"count":1,"href":"https:\/\/justicapotiguar.com.br\/index.php\/wp-json\/wp\/v2\/posts\/1398\/revisions"}],"predecessor-version":[{"id":1399,"href":"https:\/\/justicapotiguar.com.br\/index.php\/wp-json\/wp\/v2\/posts\/1398\/revisions\/1399"}],"wp:featuredmedia":[{"embeddable":true,"href":"https:\/\/justicapotiguar.com.br\/index.php\/wp-json\/wp\/v2\/media\/1368"}],"wp:attachment":[{"href":"https:\/\/justicapotiguar.com.br\/index.php\/wp-json\/wp\/v2\/media?parent=1398"}],"wp:term":[{"taxonomy":"category","embeddable":true,"href":"https:\/\/justicapotiguar.com.br\/index.php\/wp-json\/wp\/v2\/categories?post=1398"},{"taxonomy":"post_tag","embeddable":true,"href":"https:\/\/justicapotiguar.com.br\/index.php\/wp-json\/wp\/v2\/tags?post=1398"}],"curies":[{"name":"wp","href":"https:\/\/api.w.org\/{rel}","templated":true}]}}