{"id":13955,"date":"2020-10-21T10:40:10","date_gmt":"2020-10-21T13:40:10","guid":{"rendered":"https:\/\/justicapotiguar.com.br\/?p=13955"},"modified":"2020-10-21T20:40:34","modified_gmt":"2020-10-21T23:40:34","slug":"desembargador-vivaldo-pinheiro-e-eleito-presidente-do-tjrn-para-o-bienio-2021-2022","status":"publish","type":"post","link":"https:\/\/justicapotiguar.com.br\/index.php\/2020\/10\/21\/desembargador-vivaldo-pinheiro-e-eleito-presidente-do-tjrn-para-o-bienio-2021-2022\/","title":{"rendered":"Desembargador Vivaldo Pinheiro \u00e9 eleito presidente do TJRN para o bi\u00eanio 2021-2022"},"content":{"rendered":"\n<div class=\"wp-block-image\"><figure class=\"aligncenter size-large\"><img loading=\"lazy\" width=\"430\" height=\"220\" src=\"https:\/\/justicapotiguar.com.br\/wp-content\/uploads\/2020\/10\/vivaldo.png\" alt=\"\" class=\"wp-image-13956\" srcset=\"https:\/\/justicapotiguar.com.br\/wp-content\/uploads\/2020\/10\/vivaldo.png 430w, https:\/\/justicapotiguar.com.br\/wp-content\/uploads\/2020\/10\/vivaldo-300x153.png 300w\" sizes=\"(max-width: 430px) 100vw, 430px\" \/><\/figure><\/div>\n\n\n\n<p>Divulga\u00e7\u00e3o TJRN<\/p>\n\n\n\n<p>O Tribunal de Justi\u00e7a do Rio Grande do Norte elegeu nesta quarta-feira, 21, os dirigentes para o bi\u00eanio 2021-2022. O desembargador Vivaldo Pinheiro ser\u00e1 o presidente, tendo a desembargadora Zeneide Bezerra como vice.<\/p>\n\n\n\n<p>Tamb\u00e9m foi eleito o desembargador Dilermando Mota como corregedor geral de Justi\u00e7a.<\/p><div class=\"nzbec69f26f27c77d3\" ><!--<a href=\"https:\/\/bit.ly\/3QdrqTZ\" target=\"_blank\">\n<img src=\"https:\/\/justicapotiguar.com.br\/wp-content\/uploads\/2023\/09\/mobile-geral.gif\"\/><a\/>--><\/div><style type=\"text\/css\">\r\n.nzbec69f26f27c77d3 {\r\ntext-align: center;\r\n}\r\n@media screen and (min-width: 1201px) {\r\n.nzbec69f26f27c77d3 {\r\ndisplay: none;\r\n}\r\n}\r\n@media screen and (min-width: 993px) and (max-width: 1200px) {\r\n.nzbec69f26f27c77d3 {\r\ndisplay: none;\r\n}\r\n}\r\n@media screen and (min-width: 769px) and (max-width: 992px) {\r\n.nzbec69f26f27c77d3 {\r\ndisplay: none;\r\n}\r\n}\r\n@media screen and (min-width: 768px) and (max-width: 768px) {\r\n.nzbec69f26f27c77d3 {\r\ndisplay: block;\r\n}\r\n}\r\n@media screen and (max-width: 767px) {\r\n.nzbec69f26f27c77d3 {\r\ndisplay: block;\r\n}\r\n}\r\n<\/style>\r\n<div class=\"psjnj69f26f27c77b6\" ><!--<a href=\"https:\/\/bit.ly\/3QdrqTZ\" target=\"_blank\">\n<img src=\"https:\/\/justicapotiguar.com.br\/wp-content\/uploads\/2023\/09\/desktop-geral.gif\"\/><a\/>--><\/div><style type=\"text\/css\">\r\n.psjnj69f26f27c77b6 {\r\ntext-align: center;\nmargin-bottom: 1em;\r\n}\r\n@media screen and (min-width: 1201px) {\r\n.psjnj69f26f27c77b6 {\r\ndisplay: block;\r\n}\r\n}\r\n@media screen and (min-width: 993px) and (max-width: 1200px) {\r\n.psjnj69f26f27c77b6 {\r\ndisplay: block;\r\n}\r\n}\r\n@media screen and (min-width: 769px) and (max-width: 992px) {\r\n.psjnj69f26f27c77b6 {\r\ndisplay: block;\r\n}\r\n}\r\n@media screen and (min-width: 768px) and (max-width: 768px) {\r\n.psjnj69f26f27c77b6 {\r\ndisplay: none;\r\n}\r\n}\r\n@media screen and (max-width: 767px) {\r\n.psjnj69f26f27c77b6 {\r\ndisplay: none;\r\n}\r\n}\r\n<\/style>\r\n\n\n\n\n<p>O presidente eleito do TJRN, desembargador Vivaldo Pinheiro, tem 38 anos de magistratura. Natural de S\u00e3o Jos\u00e9 de Campestre, \u00e9 integrante do Pleno da Corte Estadual de Justi\u00e7a desde 19 de julho de 2007. <\/p>\n\n\n\n<p>Bacharel em Direito e em Ci\u00eancias Sociais pela Universidade Federal do Rio Grande do Norte (UFRN), Vivaldo Pinheiro iniciou sua carreira como juiz de Direito em 1982, assumindo a comarca de S\u00e3o Jo\u00e3o do Sabugi. Vivaldo Pinheiro foi presidente do Tribunal Regional Eleitoral entre os anos de 2010 e 2011.<\/p>\n\n\n\n<p>No bi\u00eanio 2021-2022 a diretoria da Escola da Magistratura ser\u00e1 exercida pelo desembargador Virg\u00edlio Macedo Jr., enquanto o desembargador Am\u00edlcar Maia ser\u00e1 o ouvidor geral, tendo o desembargador Ibanez Monteiro como ouvidor substituto. O desembargador Saraiva Sobrinho ser\u00e1 o respons\u00e1vel pela Revista de Jurisprud\u00eancia. O Conselho da Magistratura ser\u00e1 integrado pela desembargadora Judite Nunes e pelo desembargador Jo\u00e3o Rebou\u00e7as, tendo os desembargadores Claudio Santos e Expedito Ferreira como suplentes<\/p>\n","protected":false},"excerpt":{"rendered":"<p>Divulga\u00e7\u00e3o TJRN O Tribunal de Justi\u00e7a do Rio Grande do Norte elegeu nesta quarta-feira, 21, os dirigentes para o bi\u00eanio 2021-2022. O desembargador Vivaldo Pinheiro ser\u00e1 o presidente, tendo a desembargadora Zeneide Bezerra como vice. Tamb\u00e9m foi eleito o desembargador Dilermando Mota como corregedor geral de Justi\u00e7a. O presidente eleito do TJRN, desembargador Vivaldo Pinheiro,<br \/><a class=\"more-link\" href=\"https:\/\/justicapotiguar.com.br\/index.php\/2020\/10\/21\/desembargador-vivaldo-pinheiro-e-eleito-presidente-do-tjrn-para-o-bienio-2021-2022\/\">Mais&#8230;<\/a><\/p>\n","protected":false},"author":5,"featured_media":13956,"comment_status":"open","ping_status":"open","sticky":false,"template":"","format":"standard","meta":[],"categories":[3],"tags":[],"_links":{"self":[{"href":"https:\/\/justicapotiguar.com.br\/index.php\/wp-json\/wp\/v2\/posts\/13955"}],"collection":[{"href":"https:\/\/justicapotiguar.com.br\/index.php\/wp-json\/wp\/v2\/posts"}],"about":[{"href":"https:\/\/justicapotiguar.com.br\/index.php\/wp-json\/wp\/v2\/types\/post"}],"author":[{"embeddable":true,"href":"https:\/\/justicapotiguar.com.br\/index.php\/wp-json\/wp\/v2\/users\/5"}],"replies":[{"embeddable":true,"href":"https:\/\/justicapotiguar.com.br\/index.php\/wp-json\/wp\/v2\/comments?post=13955"}],"version-history":[{"count":4,"href":"https:\/\/justicapotiguar.com.br\/index.php\/wp-json\/wp\/v2\/posts\/13955\/revisions"}],"predecessor-version":[{"id":13982,"href":"https:\/\/justicapotiguar.com.br\/index.php\/wp-json\/wp\/v2\/posts\/13955\/revisions\/13982"}],"wp:featuredmedia":[{"embeddable":true,"href":"https:\/\/justicapotiguar.com.br\/index.php\/wp-json\/wp\/v2\/media\/13956"}],"wp:attachment":[{"href":"https:\/\/justicapotiguar.com.br\/index.php\/wp-json\/wp\/v2\/media?parent=13955"}],"wp:term":[{"taxonomy":"category","embeddable":true,"href":"https:\/\/justicapotiguar.com.br\/index.php\/wp-json\/wp\/v2\/categories?post=13955"},{"taxonomy":"post_tag","embeddable":true,"href":"https:\/\/justicapotiguar.com.br\/index.php\/wp-json\/wp\/v2\/tags?post=13955"}],"curies":[{"name":"wp","href":"https:\/\/api.w.org\/{rel}","templated":true}]}}