{"id":1395,"date":"2019-08-26T12:17:56","date_gmt":"2019-08-26T15:17:56","guid":{"rendered":"https:\/\/justicapotiguar.com.br\/?p=1395"},"modified":"2019-08-26T08:20:24","modified_gmt":"2019-08-26T11:20:24","slug":"portaria-institui-remicao-de-pena-por-meio-da-leitura-para-detentos-em-macaiba","status":"publish","type":"post","link":"https:\/\/justicapotiguar.com.br\/index.php\/2019\/08\/26\/portaria-institui-remicao-de-pena-por-meio-da-leitura-para-detentos-em-macaiba\/","title":{"rendered":"Portaria institui remi\u00e7\u00e3o de pena por meio da leitura para detentos em Maca\u00edba"},"content":{"rendered":"\n<figure class=\"wp-block-image\"><img loading=\"lazy\" width=\"1000\" height=\"581\" src=\"https:\/\/justicapotiguar.com.br\/wp-content\/uploads\/2019\/08\/Educ-Prisoes-1000x581.jpg\" alt=\"\" class=\"wp-image-1396\" srcset=\"https:\/\/justicapotiguar.com.br\/wp-content\/uploads\/2019\/08\/Educ-Prisoes-1000x581.jpg 1000w, https:\/\/justicapotiguar.com.br\/wp-content\/uploads\/2019\/08\/Educ-Prisoes-1000x581-300x174.jpg 300w, https:\/\/justicapotiguar.com.br\/wp-content\/uploads\/2019\/08\/Educ-Prisoes-1000x581-768x446.jpg 768w\" sizes=\"(max-width: 1000px) 100vw, 1000px\" \/><figcaption>Foto: Reprodu\u00e7\u00e3o<\/figcaption><\/figure>\n\n\n\n<p>O juiz Felipe Barros, da Vara de Execu\u00e7\u00f5es Penais da comarca de Maca\u00edba, editou portaria que disciplina a remi\u00e7\u00e3o pela leitura no \u00e2mbito dos estabelecimentos carcer\u00e1rios da comarca (CDP de Maca\u00edba e Horta Comunit\u00e1ria). O projeto consiste em possibilitar aos apenados em regime fechado e semiaberto a possibilidade de diminui\u00e7\u00e3o da pena por meio da leitura de livros e produ\u00e7\u00e3o de resenha liter\u00e1ria sobre as obras.<\/p>\n\n\n\n<p>Em reuni\u00e3o realizada na \u00faltima sexta-feira (23) foi decidido que cinco custodiados participar\u00e3o inicialmente do projeto, escolhidos pela dire\u00e7\u00e3o do CDP com base nos crit\u00e9rios da portaria e no bom comportamento. Al\u00e9m disso, a primeira oficina de leitura ocorrer\u00e1 nesta quarta-feira (28), \u00e0s 9h. Os participantes receber\u00e3o obras liter\u00e1rias, cl\u00e1ssicas, cient\u00edficas ou filos\u00f3ficas, de acordo com a disponibilidade na unidade.<\/p>\n\n\n\n<p>Segundo o ato normativo, o custodiado ter\u00e1 o prazo de 30 dias para a leitura da obra e, neste prazo, dever\u00e1 apresentar a resenha ou resumo, o que representar\u00e1 a remi\u00e7\u00e3o de quatro dias em sua pena. O apenado poder\u00e1 reduzir at\u00e9 48 dias de sua pena por ano. Para os fins da Lei de Execu\u00e7\u00e3o Penal, a leitura \u00e9 um trabalho intelectual que se equipara ao estudo.<\/p><div class=\"nleuh69ee28ba3e381\" ><!--<a href=\"https:\/\/bit.ly\/3QdrqTZ\" target=\"_blank\">\n<img src=\"https:\/\/justicapotiguar.com.br\/wp-content\/uploads\/2023\/09\/mobile-geral.gif\"\/><a\/>--><\/div><style type=\"text\/css\">\r\n.nleuh69ee28ba3e381 {\r\ntext-align: center;\r\n}\r\n@media screen and (min-width: 1201px) {\r\n.nleuh69ee28ba3e381 {\r\ndisplay: none;\r\n}\r\n}\r\n@media screen and (min-width: 993px) and (max-width: 1200px) {\r\n.nleuh69ee28ba3e381 {\r\ndisplay: none;\r\n}\r\n}\r\n@media screen and (min-width: 769px) and (max-width: 992px) {\r\n.nleuh69ee28ba3e381 {\r\ndisplay: none;\r\n}\r\n}\r\n@media screen and (min-width: 768px) and (max-width: 768px) {\r\n.nleuh69ee28ba3e381 {\r\ndisplay: block;\r\n}\r\n}\r\n@media screen and (max-width: 767px) {\r\n.nleuh69ee28ba3e381 {\r\ndisplay: block;\r\n}\r\n}\r\n<\/style>\r\n<div class=\"qwquc69ee28ba3e364\" ><!--<a href=\"https:\/\/bit.ly\/3QdrqTZ\" target=\"_blank\">\n<img src=\"https:\/\/justicapotiguar.com.br\/wp-content\/uploads\/2023\/09\/desktop-geral.gif\"\/><a\/>--><\/div><style type=\"text\/css\">\r\n.qwquc69ee28ba3e364 {\r\ntext-align: center;\nmargin-bottom: 1em;\r\n}\r\n@media screen and (min-width: 1201px) {\r\n.qwquc69ee28ba3e364 {\r\ndisplay: block;\r\n}\r\n}\r\n@media screen and (min-width: 993px) and (max-width: 1200px) {\r\n.qwquc69ee28ba3e364 {\r\ndisplay: block;\r\n}\r\n}\r\n@media screen and (min-width: 769px) and (max-width: 992px) {\r\n.qwquc69ee28ba3e364 {\r\ndisplay: block;\r\n}\r\n}\r\n@media screen and (min-width: 768px) and (max-width: 768px) {\r\n.qwquc69ee28ba3e364 {\r\ndisplay: none;\r\n}\r\n}\r\n@media screen and (max-width: 767px) {\r\n.qwquc69ee28ba3e364 {\r\ndisplay: none;\r\n}\r\n}\r\n<\/style>\r\n\n\n\n\n<p>A Portaria ainda acrescenta que a participa\u00e7\u00e3o do preso ser\u00e1 sempre volunt\u00e1ria, com o condicionante de ter a habilidade de escrita e leitura necess\u00e1rias \u00e0 elabora\u00e7\u00e3o do trabalho final, que consiste na realiza\u00e7\u00e3o de uma resenha da obra liter\u00e1ria, objeto do estudo.<\/p>\n\n\n\n<p>Assinada em conjunto com o defensor p\u00fablico Jos\u00e9 Eduardo Brasil, a Portaria Conjunta n\u00ba 1\/2019 est\u00e1 em conformidade com a Lei de Execu\u00e7\u00e3o Penal (artigo 126 da Lei 7.210\/84), com a Recomenda\u00e7\u00e3o n\u00ba 44\/2013 do Conselho Nacional de Justi\u00e7a (CNJ), e com a Lei Estadual n\u00ba 10.182\/2017, que disp\u00f5e sobre atividades educacionais complementares para o cumprimento da pena.<\/p>\n","protected":false},"excerpt":{"rendered":"<p>O projeto consiste em possibilitar aos apenados em regime fechado e semiaberto a possibilidade de diminui\u00e7\u00e3o da pena por meio da leitura de livros e produ\u00e7\u00e3o de resenha liter\u00e1ria <br \/><a class=\"more-link\" href=\"https:\/\/justicapotiguar.com.br\/index.php\/2019\/08\/26\/portaria-institui-remicao-de-pena-por-meio-da-leitura-para-detentos-em-macaiba\/\">Mais&#8230;<\/a><\/p>\n","protected":false},"author":5,"featured_media":1396,"comment_status":"open","ping_status":"open","sticky":false,"template":"","format":"standard","meta":[],"categories":[3],"tags":[],"_links":{"self":[{"href":"https:\/\/justicapotiguar.com.br\/index.php\/wp-json\/wp\/v2\/posts\/1395"}],"collection":[{"href":"https:\/\/justicapotiguar.com.br\/index.php\/wp-json\/wp\/v2\/posts"}],"about":[{"href":"https:\/\/justicapotiguar.com.br\/index.php\/wp-json\/wp\/v2\/types\/post"}],"author":[{"embeddable":true,"href":"https:\/\/justicapotiguar.com.br\/index.php\/wp-json\/wp\/v2\/users\/5"}],"replies":[{"embeddable":true,"href":"https:\/\/justicapotiguar.com.br\/index.php\/wp-json\/wp\/v2\/comments?post=1395"}],"version-history":[{"count":1,"href":"https:\/\/justicapotiguar.com.br\/index.php\/wp-json\/wp\/v2\/posts\/1395\/revisions"}],"predecessor-version":[{"id":1397,"href":"https:\/\/justicapotiguar.com.br\/index.php\/wp-json\/wp\/v2\/posts\/1395\/revisions\/1397"}],"wp:featuredmedia":[{"embeddable":true,"href":"https:\/\/justicapotiguar.com.br\/index.php\/wp-json\/wp\/v2\/media\/1396"}],"wp:attachment":[{"href":"https:\/\/justicapotiguar.com.br\/index.php\/wp-json\/wp\/v2\/media?parent=1395"}],"wp:term":[{"taxonomy":"category","embeddable":true,"href":"https:\/\/justicapotiguar.com.br\/index.php\/wp-json\/wp\/v2\/categories?post=1395"},{"taxonomy":"post_tag","embeddable":true,"href":"https:\/\/justicapotiguar.com.br\/index.php\/wp-json\/wp\/v2\/tags?post=1395"}],"curies":[{"name":"wp","href":"https:\/\/api.w.org\/{rel}","templated":true}]}}