{"id":1390,"date":"2019-08-26T10:40:29","date_gmt":"2019-08-26T13:40:29","guid":{"rendered":"https:\/\/justicapotiguar.com.br\/?p=1390"},"modified":"2019-08-26T08:16:00","modified_gmt":"2019-08-26T11:16:00","slug":"supermercado-indenizara-cliente-que-perdeu-o-braco-quando-fazia-uso-de-servico-de-entrega-de-compras","status":"publish","type":"post","link":"https:\/\/justicapotiguar.com.br\/index.php\/2019\/08\/26\/supermercado-indenizara-cliente-que-perdeu-o-braco-quando-fazia-uso-de-servico-de-entrega-de-compras\/","title":{"rendered":"Supermercado indenizar\u00e1 cliente que perdeu o bra\u00e7o quando fazia uso de servi\u00e7o de entrega de compras"},"content":{"rendered":"\n<figure class=\"wp-block-image\"><img loading=\"lazy\" width=\"640\" height=\"413\" src=\"https:\/\/justicapotiguar.com.br\/wp-content\/uploads\/2019\/08\/Martelo-da-justi\u00e7a-2.jpg\" alt=\"\" class=\"wp-image-711\" srcset=\"https:\/\/justicapotiguar.com.br\/wp-content\/uploads\/2019\/08\/Martelo-da-justi\u00e7a-2.jpg 640w, https:\/\/justicapotiguar.com.br\/wp-content\/uploads\/2019\/08\/Martelo-da-justi\u00e7a-2-300x194.jpg 300w\" sizes=\"(max-width: 640px) 100vw, 640px\" \/><\/figure>\n\n\n\n<p>A 2\u00aa C\u00e2mara C\u00edvel do Tribunal de Justi\u00e7a do RN, \u00e0 unanimidade de votos, responsabilizou o Supermercado Rede Mais \u2013 Daterra Ltda e um prestador de servi\u00e7os deste pelos danos morais e est\u00e9ticos causados a uma funcion\u00e1ria do estabelecimento que, na condi\u00e7\u00e3o de consumidora, foi v\u00edtima de acidente automobil\u00edstico em que teve seu bra\u00e7o amputado enquanto era transportada com suas compras para casa.<\/p>\n\n\n\n<p>No ac\u00f3rd\u00e3o, os desembargadores entenderam por majorar o valor fixado na senten\u00e7a de 1\u00aa Inst\u00e2ncia de R$ 30 mil para R$ 70 mil, a ser pago de forma solid\u00e1ria pelo estabelecimento e tamb\u00e9m pelo propriet\u00e1rio do ve\u00edculo que prestava o servi\u00e7o de entrega de compras para os clientes do supermercado.<\/p>\n\n\n\n<p>A auxiliar de cozinha interp\u00f4s recurso contra senten\u00e7a da 14\u00aa Vara C\u00edvel de Natal que, nos autos de a\u00e7\u00e3o ordin\u00e1ria ajuizada contra a Rede Mais e o propriet\u00e1rio de uma Kombi que presta servi\u00e7o \u00e0 empresa, condenou este a pagar a autora a quantia de R$ 30 mil, a t\u00edtulo de danos morais, acrescidos de juros de mora e corre\u00e7\u00e3o monet\u00e1ria e julgou improcedentes os pedidos contra o supermercado.<\/p>\n\n\n\n<p>No recurso, a autora afirma que no dia 26 de novembro de 2015, fazia uso do servi\u00e7o de transporte oferecido pelo Supermercado Terra aos seus clientes em compras na loja e foi v\u00edtima de um acidente automobil\u00edstico do qual resultou a amputa\u00e7\u00e3o do bra\u00e7o direito e ficou em estado muito grave.<\/p>\n\n\n\n<p>Narrou que na ocasi\u00e3o estava na condi\u00e7\u00e3o de cliente e consumidora dos produtos do supermercado e que h\u00e1 um contrato entre a empresa e o propriet\u00e1rio da Kombi, tamb\u00e9m r\u00e9u no processo, onde ambos lucram, mas a senten\u00e7a erroneamente afastou a rela\u00e7\u00e3o consumerista entre a empresa e a autora da a\u00e7\u00e3o.<\/p>\n\n\n\n<p>Para a v\u00edtima, o ju\u00edzo de primeira inst\u00e2ncia equivocou-se a reconhecer a culpa exclusiva do motorista, respons\u00e1vel pela condu\u00e7\u00e3o do ve\u00edculo e que a magistrada n\u00e3o exauriu as justificativas para fundamentar a decis\u00e3o adotada. Defendeu ainda que \u00e9 l\u00edcita a cumula\u00e7\u00e3o das indeniza\u00e7\u00f5es em dano est\u00e9tico e dano moral.<\/p><div class=\"paxfs69ee149a0666e\" ><!--<a href=\"https:\/\/bit.ly\/3QdrqTZ\" target=\"_blank\">\n<img src=\"https:\/\/justicapotiguar.com.br\/wp-content\/uploads\/2023\/09\/mobile-geral.gif\"\/><a\/>--><\/div><style type=\"text\/css\">\r\n.paxfs69ee149a0666e {\r\ntext-align: center;\r\n}\r\n@media screen and (min-width: 1201px) {\r\n.paxfs69ee149a0666e {\r\ndisplay: none;\r\n}\r\n}\r\n@media screen and (min-width: 993px) and (max-width: 1200px) {\r\n.paxfs69ee149a0666e {\r\ndisplay: none;\r\n}\r\n}\r\n@media screen and (min-width: 769px) and (max-width: 992px) {\r\n.paxfs69ee149a0666e {\r\ndisplay: none;\r\n}\r\n}\r\n@media screen and (min-width: 768px) and (max-width: 768px) {\r\n.paxfs69ee149a0666e {\r\ndisplay: block;\r\n}\r\n}\r\n@media screen and (max-width: 767px) {\r\n.paxfs69ee149a0666e {\r\ndisplay: block;\r\n}\r\n}\r\n<\/style>\r\n<div class=\"orsdp69ee149a06650\" ><!--<a href=\"https:\/\/bit.ly\/3QdrqTZ\" target=\"_blank\">\n<img src=\"https:\/\/justicapotiguar.com.br\/wp-content\/uploads\/2023\/09\/desktop-geral.gif\"\/><a\/>--><\/div><style type=\"text\/css\">\r\n.orsdp69ee149a06650 {\r\ntext-align: center;\nmargin-bottom: 1em;\r\n}\r\n@media screen and (min-width: 1201px) {\r\n.orsdp69ee149a06650 {\r\ndisplay: block;\r\n}\r\n}\r\n@media screen and (min-width: 993px) and (max-width: 1200px) {\r\n.orsdp69ee149a06650 {\r\ndisplay: block;\r\n}\r\n}\r\n@media screen and (min-width: 769px) and (max-width: 992px) {\r\n.orsdp69ee149a06650 {\r\ndisplay: block;\r\n}\r\n}\r\n@media screen and (min-width: 768px) and (max-width: 768px) {\r\n.orsdp69ee149a06650 {\r\ndisplay: none;\r\n}\r\n}\r\n@media screen and (max-width: 767px) {\r\n.orsdp69ee149a06650 {\r\ndisplay: none;\r\n}\r\n}\r\n<\/style>\r\n\n\n\n\n<p><strong>An\u00e1lise judicial<\/strong><\/p>\n\n\n\n<p>Quando julgou o caso, a desembargadora Zeneide Bezerra constatou do Parecer do Comando da Pol\u00edcia Rodovi\u00e1ria Estadual que o condutor do autom\u00f3vel deixou de observar os preceitos dos arts. 28 e 29, III, \u201cc\u201d, do C\u00f3digo de Tr\u00e2nsito Brasileiro e, desse modo, ficou claro que ele foi o respons\u00e1vel pelo acidente, por ter cometido infra\u00e7\u00f5es previstas no CTB, inclusive a de n\u00e3o dirigir com a devida aten\u00e7\u00e3o e cuidados indispens\u00e1veis \u00e0 seguran\u00e7a do tr\u00e2nsito.<\/p>\n\n\n\n<p>Entretanto, para a relatora, h\u00e1 uma rela\u00e7\u00e3o consumerista no caso, afinal, entende que a v\u00edtima s\u00f3 poderia fazer uso do transporte se fizesse compras no supermercado, inclusive, num valor m\u00ednimo fixado pelo pr\u00f3prio supermercado. \u201cAli\u00e1s, \u00e9 preciso dizer que essa benesse de levar as compras e os clientes para a resid\u00eancia torna-se um atrativo para os clientes e para os funcion\u00e1rios quando est\u00e3o fazendo compras\u201d, comentou.<\/p>\n\n\n\n<p>Segundo ela, no caso, afastar o supermercado seria negar a teoria do risco-proveito, segundo a qual aquele que, em virtude de sua atividade, cria um risco de danos a terceiro, fica obrigado a reparar, sendo irrelevante que a a\u00e7\u00e3o do agente denote imprud\u00eancia ou neglig\u00eancia.<\/p>\n\n\n\n<p>\u201cAssim sendo, penso que \u00e9 preciso responsabilizar solidariamente o Supermercado Rede Mais \u2013 Daterra Ltda. pelas consequ\u00eancias advindas do acidente causado pelo seu prestador de servi\u00e7os, no qual houve uma passageira morta e a outra, ora apelante, ter\u00e1 dificuldades em realizar as tarefas mais comuns pelo resto da vida, inclusive a do labor, vez que era auxiliar de cozinha\u201d, concluiu.<\/p>\n","protected":false},"excerpt":{"rendered":"<p>Desembargadores entenderam por majorar o valor fixado na senten\u00e7a de 1\u00aa Inst\u00e2ncia de R$ 30 mil para R$ 70 mil<br \/><a class=\"more-link\" href=\"https:\/\/justicapotiguar.com.br\/index.php\/2019\/08\/26\/supermercado-indenizara-cliente-que-perdeu-o-braco-quando-fazia-uso-de-servico-de-entrega-de-compras\/\">Mais&#8230;<\/a><\/p>\n","protected":false},"author":5,"featured_media":711,"comment_status":"open","ping_status":"open","sticky":false,"template":"","format":"standard","meta":[],"categories":[3],"tags":[],"_links":{"self":[{"href":"https:\/\/justicapotiguar.com.br\/index.php\/wp-json\/wp\/v2\/posts\/1390"}],"collection":[{"href":"https:\/\/justicapotiguar.com.br\/index.php\/wp-json\/wp\/v2\/posts"}],"about":[{"href":"https:\/\/justicapotiguar.com.br\/index.php\/wp-json\/wp\/v2\/types\/post"}],"author":[{"embeddable":true,"href":"https:\/\/justicapotiguar.com.br\/index.php\/wp-json\/wp\/v2\/users\/5"}],"replies":[{"embeddable":true,"href":"https:\/\/justicapotiguar.com.br\/index.php\/wp-json\/wp\/v2\/comments?post=1390"}],"version-history":[{"count":2,"href":"https:\/\/justicapotiguar.com.br\/index.php\/wp-json\/wp\/v2\/posts\/1390\/revisions"}],"predecessor-version":[{"id":1392,"href":"https:\/\/justicapotiguar.com.br\/index.php\/wp-json\/wp\/v2\/posts\/1390\/revisions\/1392"}],"wp:featuredmedia":[{"embeddable":true,"href":"https:\/\/justicapotiguar.com.br\/index.php\/wp-json\/wp\/v2\/media\/711"}],"wp:attachment":[{"href":"https:\/\/justicapotiguar.com.br\/index.php\/wp-json\/wp\/v2\/media?parent=1390"}],"wp:term":[{"taxonomy":"category","embeddable":true,"href":"https:\/\/justicapotiguar.com.br\/index.php\/wp-json\/wp\/v2\/categories?post=1390"},{"taxonomy":"post_tag","embeddable":true,"href":"https:\/\/justicapotiguar.com.br\/index.php\/wp-json\/wp\/v2\/tags?post=1390"}],"curies":[{"name":"wp","href":"https:\/\/api.w.org\/{rel}","templated":true}]}}