{"id":1386,"date":"2019-08-26T09:59:07","date_gmt":"2019-08-26T12:59:07","guid":{"rendered":"https:\/\/justicapotiguar.com.br\/?p=1386"},"modified":"2019-08-26T08:13:12","modified_gmt":"2019-08-26T11:13:12","slug":"tj-nega-recurso-que-queria-condenacao-de-medicos-por-procedimentos-privados-em-hospital-publico","status":"publish","type":"post","link":"https:\/\/justicapotiguar.com.br\/index.php\/2019\/08\/26\/tj-nega-recurso-que-queria-condenacao-de-medicos-por-procedimentos-privados-em-hospital-publico\/","title":{"rendered":"TJ nega recurso que queria condena\u00e7\u00e3o de m\u00e9dicos por procedimentos privados em hospital p\u00fablico"},"content":{"rendered":"\n<p>A 2\u00aa C\u00e2mara C\u00edvel do Tribunal de Justi\u00e7a do RN rejeitou Embargos de Declara\u00e7\u00e3o movidos pelo Minist\u00e9rio P\u00fablico Estadual e manteve inalterada senten\u00e7a proferida pela 1\u00aa Vara de Currais Novos que julgou improcedente A\u00e7\u00e3o Civil P\u00fablica promovida pelo MP contra m\u00e9dicos da Secretaria Estadual de Sa\u00fade acusados de, durante os seus plant\u00f5es no Hospital Regional de Currais Novos, realizarem procedimentos particulares cir\u00fargicos, utilizando-se da estrutura, material, servi\u00e7os e recursos humanos da unidade, o que acarretaria no recebimento de recursos il\u00edcitos.<\/p>\n\n\n\n<p>Os desembargadores mantiveram o entendimento de que n\u00e3o h\u00e1 provas para a responsabiliza\u00e7\u00e3o dos acusados pela pr\u00e1tica de atos de improbidade administrativa. A 2\u00aa C\u00e2mara C\u00edvel tamb\u00e9m manteve a n\u00e3o responsabiliza\u00e7\u00e3o da Associa\u00e7\u00e3o Civil Hospital Padre Jo\u00e3o Maria e da Maternidade Anan\u00edlia Regina, os quais, para o MP, seriam os autores determinantes das pr\u00e1ticas dos profissionais m\u00e9dicos.<\/p>\n\n\n\n<p>Em sede de Apela\u00e7\u00e3o C\u00edvel, o Minist\u00e9rio P\u00fablico defendeu a comprova\u00e7\u00e3o de in\u00fameras irregularidades pelos demandados, que teriam acarretado preju\u00edzos ao er\u00e1rio, notadamente a diferencia\u00e7\u00e3o de tratamento m\u00e9dico dados aos pacientes do SUS e \u00e0queles que pagaram pelo atendimento.<\/p>\n\n\n\n<p>Afirmou que os m\u00e9dicos receberam valores de procedimentos cir\u00fargicos, na maioria das vezes, em torno de R$ 1.800, enquanto estavam sendo remunerados pelo SUS por estarem de plant\u00e3o para atendimento pela rede p\u00fablica de sa\u00fade, assim como foram utilizados todo material e medicamentos pagos pelo SUS, inclusive servi\u00e7os de enfermagem, pertencentes ao Estado.<\/p>\n\n\n\n<p><strong>Voto<\/strong><\/p>\n\n\n\n<p>Ao analisar os Embargos de Declara\u00e7\u00e3o, o relator, desembargador Ibanez Monteiro, destaca que o ac\u00f3rd\u00e3o proferido pela 2\u00aa C\u00e2mara C\u00edvel ao apreciar a Apela\u00e7\u00e3o C\u00edvel foi expresso ao concluir que a realidade f\u00e1tica e jur\u00eddica em que se chegou \u00e0 confus\u00e3o administrativa e financeira entre os dois hospitais, a ponto de n\u00e3o se poder distinguir o p\u00fablico do privado, foi fruto de conv\u00eanio oficial celebrado h\u00e1 d\u00e9cadas entre o hospital p\u00fablico e as institui\u00e7\u00f5es privadas.<\/p><div class=\"fhtsd69ee14984a416\" ><!--<a href=\"https:\/\/bit.ly\/3QdrqTZ\" target=\"_blank\">\n<img src=\"https:\/\/justicapotiguar.com.br\/wp-content\/uploads\/2023\/09\/mobile-geral.gif\"\/><a\/>--><\/div><style type=\"text\/css\">\r\n.fhtsd69ee14984a416 {\r\ntext-align: center;\r\n}\r\n@media screen and (min-width: 1201px) {\r\n.fhtsd69ee14984a416 {\r\ndisplay: none;\r\n}\r\n}\r\n@media screen and (min-width: 993px) and (max-width: 1200px) {\r\n.fhtsd69ee14984a416 {\r\ndisplay: none;\r\n}\r\n}\r\n@media screen and (min-width: 769px) and (max-width: 992px) {\r\n.fhtsd69ee14984a416 {\r\ndisplay: none;\r\n}\r\n}\r\n@media screen and (min-width: 768px) and (max-width: 768px) {\r\n.fhtsd69ee14984a416 {\r\ndisplay: block;\r\n}\r\n}\r\n@media screen and (max-width: 767px) {\r\n.fhtsd69ee14984a416 {\r\ndisplay: block;\r\n}\r\n}\r\n<\/style>\r\n<div class=\"ziylt69ee14984a3f6\" ><!--<a href=\"https:\/\/bit.ly\/3QdrqTZ\" target=\"_blank\">\n<img src=\"https:\/\/justicapotiguar.com.br\/wp-content\/uploads\/2023\/09\/desktop-geral.gif\"\/><a\/>--><\/div><style type=\"text\/css\">\r\n.ziylt69ee14984a3f6 {\r\ntext-align: center;\nmargin-bottom: 1em;\r\n}\r\n@media screen and (min-width: 1201px) {\r\n.ziylt69ee14984a3f6 {\r\ndisplay: block;\r\n}\r\n}\r\n@media screen and (min-width: 993px) and (max-width: 1200px) {\r\n.ziylt69ee14984a3f6 {\r\ndisplay: block;\r\n}\r\n}\r\n@media screen and (min-width: 769px) and (max-width: 992px) {\r\n.ziylt69ee14984a3f6 {\r\ndisplay: block;\r\n}\r\n}\r\n@media screen and (min-width: 768px) and (max-width: 768px) {\r\n.ziylt69ee14984a3f6 {\r\ndisplay: none;\r\n}\r\n}\r\n@media screen and (max-width: 767px) {\r\n.ziylt69ee14984a3f6 {\r\ndisplay: none;\r\n}\r\n}\r\n<\/style>\r\n\n\n\n\n<p>De acordo com o ac\u00f3rd\u00e3o mantido, o conv\u00eanio permitiu que o Hospital Regional de Currais Novos tivesse sua administra\u00e7\u00e3o, por d\u00e9cadas, transferida para pessoa jur\u00eddica de direito privado &#8211; Hospital Padre Jo\u00e3o Maria\/Maternidade Anan\u00edlia Regina &#8211; que p\u00f4de utilizar de bens e equipamentos p\u00fablicos, recebendo repasses e aux\u00edlios financeiros do Poder P\u00fablico Estatal e, posteriormente, do Sistemas \u00danicos de Sa\u00fade (SUS), cuja cria\u00e7\u00e3o remonta a d\u00e9cada de 1990, quando j\u00e1 existia h\u00e1 mais de uma d\u00e9cada, com a finalidade do hospital p\u00fablico atingir sua total capacidade de funcionamento.<\/p>\n\n\n\n<p>\u201cTanto \u00e9 verdade que a institui\u00e7\u00e3o p\u00fablica \u2018sequer detinha registro no Cadastro Nacional de Pessoa Jur\u00eddica, sendo dependente daquela unidade hospitalar privada para bem funcionar\u2019, o que tamb\u00e9m se estendia aos m\u00e9dicos, j\u00e1 que se tornavam dependentes da institui\u00e7\u00e3o privada para a garantia dos direitos dos seus pacientes particulares na cidade de Currais Novos. Ali\u00e1s, observou-se que a parceria com o Poder P\u00fablico Estatal em nada impedia a institui\u00e7\u00e3o privada de prestar servi\u00e7os particulares \u00e0queles que demandavam seus servi\u00e7os nessa qualidade, n\u00e3o havendo qualquer ilegalidade nisso\u201d, destaca o relator.<\/p>\n\n\n\n<p>A nova decis\u00e3o ainda destacou que, diante de tal contexto f\u00e1tico e jur\u00eddico, seria \u201cdemasiadamente gravoso\u201d presumir que os gestores teriam agido com m\u00e1-f\u00e9 ou desonestidade, assim como n\u00e3o h\u00e1 provas da invers\u00e3o na ordem de prefer\u00eancia no atendimento hospitalar daquela entidade por parte dos m\u00e9dicos, j\u00e1 que as pr\u00f3prias planilhas de produtividade levadas ao processo comprovam o contr\u00e1rio.<\/p>\n\n\n\n<p>\u201cN\u00e3o se trata, assim, de negar que existiram atendimentos particulares no interior da institui\u00e7\u00e3o p\u00fablica, mas sim que n\u00e3o existe a demonstra\u00e7\u00e3o da ilegalidade em tal conduta, ou ainda que n\u00e3o h\u00e1 indicativo concreto de que tenha sido vilipendiado o interesse p\u00fablico pela execu\u00e7\u00e3o do conv\u00eanio descrito, mesmo porque, (&#8230;), as planilhas e relat\u00f3rios de atendimento dos profissionais indicam exatamente que os pacientes do SUS ocupavam a maior parte dos procedimentos realizados\u201d, enfatiza o relator.<\/p>\n\n\n\n<figure class=\"wp-block-image is-resized\"><img loading=\"lazy\" src=\"https:\/\/justicapotiguar.com.br\/wp-content\/uploads\/2019\/08\/download-3.jpeg\" alt=\"\" class=\"wp-image-1387\" width=\"417\" height=\"223\" srcset=\"https:\/\/justicapotiguar.com.br\/wp-content\/uploads\/2019\/08\/download-3.jpeg 307w, https:\/\/justicapotiguar.com.br\/wp-content\/uploads\/2019\/08\/download-3-300x160.jpeg 300w\" sizes=\"(max-width: 417px) 100vw, 417px\" \/><figcaption>Foto: Reprodu\u00e7\u00e3o<\/figcaption><\/figure>\n","protected":false},"excerpt":{"rendered":"<p>Os desembargadores mantiveram o entendimento de que n\u00e3o h\u00e1 provas <br \/><a class=\"more-link\" href=\"https:\/\/justicapotiguar.com.br\/index.php\/2019\/08\/26\/tj-nega-recurso-que-queria-condenacao-de-medicos-por-procedimentos-privados-em-hospital-publico\/\">Mais&#8230;<\/a><\/p>\n","protected":false},"author":5,"featured_media":1387,"comment_status":"open","ping_status":"open","sticky":false,"template":"","format":"standard","meta":[],"categories":[3],"tags":[],"_links":{"self":[{"href":"https:\/\/justicapotiguar.com.br\/index.php\/wp-json\/wp\/v2\/posts\/1386"}],"collection":[{"href":"https:\/\/justicapotiguar.com.br\/index.php\/wp-json\/wp\/v2\/posts"}],"about":[{"href":"https:\/\/justicapotiguar.com.br\/index.php\/wp-json\/wp\/v2\/types\/post"}],"author":[{"embeddable":true,"href":"https:\/\/justicapotiguar.com.br\/index.php\/wp-json\/wp\/v2\/users\/5"}],"replies":[{"embeddable":true,"href":"https:\/\/justicapotiguar.com.br\/index.php\/wp-json\/wp\/v2\/comments?post=1386"}],"version-history":[{"count":1,"href":"https:\/\/justicapotiguar.com.br\/index.php\/wp-json\/wp\/v2\/posts\/1386\/revisions"}],"predecessor-version":[{"id":1388,"href":"https:\/\/justicapotiguar.com.br\/index.php\/wp-json\/wp\/v2\/posts\/1386\/revisions\/1388"}],"wp:featuredmedia":[{"embeddable":true,"href":"https:\/\/justicapotiguar.com.br\/index.php\/wp-json\/wp\/v2\/media\/1387"}],"wp:attachment":[{"href":"https:\/\/justicapotiguar.com.br\/index.php\/wp-json\/wp\/v2\/media?parent=1386"}],"wp:term":[{"taxonomy":"category","embeddable":true,"href":"https:\/\/justicapotiguar.com.br\/index.php\/wp-json\/wp\/v2\/categories?post=1386"},{"taxonomy":"post_tag","embeddable":true,"href":"https:\/\/justicapotiguar.com.br\/index.php\/wp-json\/wp\/v2\/tags?post=1386"}],"curies":[{"name":"wp","href":"https:\/\/api.w.org\/{rel}","templated":true}]}}