{"id":1384,"date":"2019-08-26T09:08:26","date_gmt":"2019-08-26T12:08:26","guid":{"rendered":"https:\/\/justicapotiguar.com.br\/?p=1384"},"modified":"2019-08-26T08:10:01","modified_gmt":"2019-08-26T11:10:01","slug":"em-resposta-ao-stf-bolsonaro-nega-ter-ofendido-presidente-da-oab","status":"publish","type":"post","link":"https:\/\/justicapotiguar.com.br\/index.php\/2019\/08\/26\/em-resposta-ao-stf-bolsonaro-nega-ter-ofendido-presidente-da-oab\/","title":{"rendered":"Em resposta ao STF, Bolsonaro nega ter ofendido presidente da OAB"},"content":{"rendered":"\n<p>Em resposta enviada ao Supremo Tribunal Federal, o presidente Jair Bolsonaro negou ter a inten\u00e7\u00e3o de ofender o presidente do Conselho Federal da Ordem dos Advogados do Brasil, Felipe Santa Cruz, ao dizer que sabia o que tinha acontecido com o pai dele, Fernando Santa Cruz,&nbsp;morto&nbsp;durante a ditadura militar.<\/p>\n\n\n\n<p>Em julho, Bolsonaro disse que sabia o que tinha acontecido com o pai do presidente da OAB e ainda insinuou que ele teria sido assassinado pelos pr\u00f3prios colegas ligados \u00e0 esquerda. Por\u00e9m, o atestado de \u00f3bito de Fernando Santa Cruz diz que ele foi morto pelo regime militar.<\/p>\n\n\n\n<div class=\"wp-block-image\"><figure class=\"aligncenter is-resized\"><img loading=\"lazy\" src=\"https:\/\/www.conjur.com.br\/img\/b\/presidente-bolsonaro-2019.jpeg\" alt=\"\" width=\"457\" height=\"343\"\/><figcaption><sup>Alan Santos \/ PR Bras\u00edlia<\/sup><\/figcaption><\/figure><\/div>\n\n\n\n<p>&#8220;N\u00e3o tive qualquer inten\u00e7\u00e3o de ofender quem quer que seja, muito menos a dignidade do interpelante ou de seu pai. No tocante \u00e0 forma pela qual teria ocorrido a morte do pai do interpelante, limitei-me a expor minha convic\u00e7\u00e3o pessoal em fun\u00e7\u00e3o de conversas que circulavam \u00e0 \u00e9poca&#8221;, afirmou o presidente. As informa\u00e7\u00f5es foram divulgadas pelo portal&nbsp;<em>UOL<\/em>.<\/p>\n\n\n\n<p>Bolsonaro afirmou ainda que n\u00e3o imputou nenhum crime ao pai do presidente da OAB e pediu que o Supremo arquive o caso.<\/p><div class=\"wudmh69ee147ad09c4\" ><!--<a href=\"https:\/\/bit.ly\/3QdrqTZ\" target=\"_blank\">\n<img src=\"https:\/\/justicapotiguar.com.br\/wp-content\/uploads\/2023\/09\/mobile-geral.gif\"\/><a\/>--><\/div><style type=\"text\/css\">\r\n.wudmh69ee147ad09c4 {\r\ntext-align: center;\r\n}\r\n@media screen and (min-width: 1201px) {\r\n.wudmh69ee147ad09c4 {\r\ndisplay: none;\r\n}\r\n}\r\n@media screen and (min-width: 993px) and (max-width: 1200px) {\r\n.wudmh69ee147ad09c4 {\r\ndisplay: none;\r\n}\r\n}\r\n@media screen and (min-width: 769px) and (max-width: 992px) {\r\n.wudmh69ee147ad09c4 {\r\ndisplay: none;\r\n}\r\n}\r\n@media screen and (min-width: 768px) and (max-width: 768px) {\r\n.wudmh69ee147ad09c4 {\r\ndisplay: block;\r\n}\r\n}\r\n@media screen and (max-width: 767px) {\r\n.wudmh69ee147ad09c4 {\r\ndisplay: block;\r\n}\r\n}\r\n<\/style>\r\n<div class=\"ymilb69ee147ad09b1\" ><!--<a href=\"https:\/\/bit.ly\/3QdrqTZ\" target=\"_blank\">\n<img src=\"https:\/\/justicapotiguar.com.br\/wp-content\/uploads\/2023\/09\/desktop-geral.gif\"\/><a\/>--><\/div><style type=\"text\/css\">\r\n.ymilb69ee147ad09b1 {\r\ntext-align: center;\nmargin-bottom: 1em;\r\n}\r\n@media screen and (min-width: 1201px) {\r\n.ymilb69ee147ad09b1 {\r\ndisplay: block;\r\n}\r\n}\r\n@media screen and (min-width: 993px) and (max-width: 1200px) {\r\n.ymilb69ee147ad09b1 {\r\ndisplay: block;\r\n}\r\n}\r\n@media screen and (min-width: 769px) and (max-width: 992px) {\r\n.ymilb69ee147ad09b1 {\r\ndisplay: block;\r\n}\r\n}\r\n@media screen and (min-width: 768px) and (max-width: 768px) {\r\n.ymilb69ee147ad09b1 {\r\ndisplay: none;\r\n}\r\n}\r\n@media screen and (max-width: 767px) {\r\n.ymilb69ee147ad09b1 {\r\ndisplay: none;\r\n}\r\n}\r\n<\/style>\r\n\n\n\n\n<p>&#8220;O interpelado n\u00e3o imputou qualquer crime, nem ato espec\u00edfico de viol\u00eancia, ao pai do interpelante ou ao pr\u00f3prio requerente, sendo certo que a caracter\u00edstica negativa apontada se dirigiu especificamente ao grupo e n\u00e3o \u00e0 pessoa do pai do interpelante&#8221;, diz o documento.<\/p>\n\n\n\n<p>A resposta de Bolsonaro\u00a0foi dada em interpela\u00e7\u00e3o apresentada por Felipe Santa Cruz ap\u00f3s as declara\u00e7\u00f5es envolvendo seu pai. O relator do caso \u00e9 o ministro Lu\u00eds Roberto Barroso. Ele deu 15 dias para Bolsonaro esclarecer o caso, mas o presidente n\u00e3o era obrigado a responder.<\/p>\n\n\n\n<p><strong>Conjur<\/strong><\/p>\n","protected":false},"excerpt":{"rendered":"<p>Bolsonaro afirmou ainda que n\u00e3o imputou nenhum crime ao pai do presidente da OAB <br \/><a class=\"more-link\" href=\"https:\/\/justicapotiguar.com.br\/index.php\/2019\/08\/26\/em-resposta-ao-stf-bolsonaro-nega-ter-ofendido-presidente-da-oab\/\">Mais&#8230;<\/a><\/p>\n","protected":false},"author":5,"featured_media":1227,"comment_status":"open","ping_status":"open","sticky":false,"template":"","format":"standard","meta":[],"categories":[3],"tags":[],"_links":{"self":[{"href":"https:\/\/justicapotiguar.com.br\/index.php\/wp-json\/wp\/v2\/posts\/1384"}],"collection":[{"href":"https:\/\/justicapotiguar.com.br\/index.php\/wp-json\/wp\/v2\/posts"}],"about":[{"href":"https:\/\/justicapotiguar.com.br\/index.php\/wp-json\/wp\/v2\/types\/post"}],"author":[{"embeddable":true,"href":"https:\/\/justicapotiguar.com.br\/index.php\/wp-json\/wp\/v2\/users\/5"}],"replies":[{"embeddable":true,"href":"https:\/\/justicapotiguar.com.br\/index.php\/wp-json\/wp\/v2\/comments?post=1384"}],"version-history":[{"count":1,"href":"https:\/\/justicapotiguar.com.br\/index.php\/wp-json\/wp\/v2\/posts\/1384\/revisions"}],"predecessor-version":[{"id":1385,"href":"https:\/\/justicapotiguar.com.br\/index.php\/wp-json\/wp\/v2\/posts\/1384\/revisions\/1385"}],"wp:featuredmedia":[{"embeddable":true,"href":"https:\/\/justicapotiguar.com.br\/index.php\/wp-json\/wp\/v2\/media\/1227"}],"wp:attachment":[{"href":"https:\/\/justicapotiguar.com.br\/index.php\/wp-json\/wp\/v2\/media?parent=1384"}],"wp:term":[{"taxonomy":"category","embeddable":true,"href":"https:\/\/justicapotiguar.com.br\/index.php\/wp-json\/wp\/v2\/categories?post=1384"},{"taxonomy":"post_tag","embeddable":true,"href":"https:\/\/justicapotiguar.com.br\/index.php\/wp-json\/wp\/v2\/tags?post=1384"}],"curies":[{"name":"wp","href":"https:\/\/api.w.org\/{rel}","templated":true}]}}