{"id":13809,"date":"2020-10-14T11:50:21","date_gmt":"2020-10-14T14:50:21","guid":{"rendered":"https:\/\/justicapotiguar.com.br\/?p=13809"},"modified":"2020-10-14T11:50:21","modified_gmt":"2020-10-14T14:50:21","slug":"lei-que-aumenta-validade-e-limite-de-pontos-da-cnh-e-publicada-com-vetos","status":"publish","type":"post","link":"https:\/\/justicapotiguar.com.br\/index.php\/2020\/10\/14\/lei-que-aumenta-validade-e-limite-de-pontos-da-cnh-e-publicada-com-vetos\/","title":{"rendered":"Lei que aumenta validade e limite de pontos da CNH \u00e9 publicada com vetos"},"content":{"rendered":"\n<p>Foi publicada no DOU desta quarta-feira, 14, a lei&nbsp;<a href=\"https:\/\/www.migalhas.uol.com.br\/arquivos\/2020\/10\/89DF6FF5CC50FA_lei.pdf\" target=\"_blank\" rel=\"noreferrer noopener\">14.071\/20<\/a>&nbsp;que altera o C\u00f3digo de Tr\u00e2nsito Brasileiro para estender para dez anos a validade da CNH para condutores com menos de 50 anos de idade.<\/p>\n\n\n\n<p>A norma torna todas as multas leves e m\u00e9dias pun\u00edveis apenas com advert\u00eancia, caso o condutor n\u00e3o seja reincidente na mesma infra\u00e7\u00e3o nos \u00faltimos 12 meses. Com a publica\u00e7\u00e3o da lei, tamb\u00e9m foi criado o Registro Nacional Positivo de Condutores, uma esp\u00e9cie de listagem de bons condutores.<\/p>\n\n\n\n<p>As novas regras previstas na lei come\u00e7am a valer depois de 180 dias a partir da sua publica\u00e7\u00e3o.<\/p>\n\n\n\n<figure class=\"wp-block-image\"><img src=\"https:\/\/img1.migalhas.uol.com.br\/gf_base\/empresas\/MIGA\/imagens\/2020\/10\/14\/9ad8dace-5753-4149-bdbc-1d1cfadbd120.jpg\" alt=\"(Imagem: Freepik)\"\/><\/figure>\n\n\n\n<p><strong>Suspens\u00e3o da carteira<\/strong><\/p>\n\n\n\n<p>A norma estabelece uma grada\u00e7\u00e3o de 20, 30 ou 40 pontos em 12 meses conforme haja infra\u00e7\u00f5es grav\u00edssimas ou n\u00e3o. Atualmente, a suspens\u00e3o da carteira de motorista ocorre com 20 pontos, independentemente do tipo de infra\u00e7\u00e3o.<\/p>\n\n\n\n<p>Neste sentido, o condutor ser\u00e1 suspenso com 20 pontos se tiver cometido duas ou mais infra\u00e7\u00f5es grav\u00edssimas; com 30 pontos se tiver uma infra\u00e7\u00e3o grav\u00edssima; e com 40 pontos se n\u00e3o tiver cometido infra\u00e7\u00e3o grav\u00edssima no per\u00edodo de 12 meses.<\/p>\n\n\n\n<p>Os condutores que exercem atividades remuneradas ter\u00e3o seu documento suspenso com 40 pontos, independentemente da natureza das infra\u00e7\u00f5es. A regra atinge motoristas de \u00f4nibus ou caminh\u00f5es, taxistas, motoristas de aplicativo ou moto-taxistas. No entanto, se esses condutores participarem de curso preventivo de reciclagem ao atingir 30 pontos, em 12 meses, toda a pontua\u00e7\u00e3o ser\u00e1 zerada.<\/p><div class=\"dktdn69f240e078a03\" ><!--<a href=\"https:\/\/bit.ly\/3QdrqTZ\" target=\"_blank\">\n<img src=\"https:\/\/justicapotiguar.com.br\/wp-content\/uploads\/2023\/09\/mobile-geral.gif\"\/><a\/>--><\/div><style type=\"text\/css\">\r\n.dktdn69f240e078a03 {\r\ntext-align: center;\r\n}\r\n@media screen and (min-width: 1201px) {\r\n.dktdn69f240e078a03 {\r\ndisplay: none;\r\n}\r\n}\r\n@media screen and (min-width: 993px) and (max-width: 1200px) {\r\n.dktdn69f240e078a03 {\r\ndisplay: none;\r\n}\r\n}\r\n@media screen and (min-width: 769px) and (max-width: 992px) {\r\n.dktdn69f240e078a03 {\r\ndisplay: none;\r\n}\r\n}\r\n@media screen and (min-width: 768px) and (max-width: 768px) {\r\n.dktdn69f240e078a03 {\r\ndisplay: block;\r\n}\r\n}\r\n@media screen and (max-width: 767px) {\r\n.dktdn69f240e078a03 {\r\ndisplay: block;\r\n}\r\n}\r\n<\/style>\r\n<div class=\"pirzt69f240e0789ef\" ><!--<a href=\"https:\/\/bit.ly\/3QdrqTZ\" target=\"_blank\">\n<img src=\"https:\/\/justicapotiguar.com.br\/wp-content\/uploads\/2023\/09\/desktop-geral.gif\"\/><a\/>--><\/div><style type=\"text\/css\">\r\n.pirzt69f240e0789ef {\r\ntext-align: center;\nmargin-bottom: 1em;\r\n}\r\n@media screen and (min-width: 1201px) {\r\n.pirzt69f240e0789ef {\r\ndisplay: block;\r\n}\r\n}\r\n@media screen and (min-width: 993px) and (max-width: 1200px) {\r\n.pirzt69f240e0789ef {\r\ndisplay: block;\r\n}\r\n}\r\n@media screen and (min-width: 769px) and (max-width: 992px) {\r\n.pirzt69f240e0789ef {\r\ndisplay: block;\r\n}\r\n}\r\n@media screen and (min-width: 768px) and (max-width: 768px) {\r\n.pirzt69f240e0789ef {\r\ndisplay: none;\r\n}\r\n}\r\n@media screen and (max-width: 767px) {\r\n.pirzt69f240e0789ef {\r\ndisplay: none;\r\n}\r\n}\r\n<\/style>\r\n\n\n\n\n<ul><li>Leia a&nbsp;<a href=\"https:\/\/www.migalhas.uol.com.br\/arquivos\/2020\/10\/89DF6FF5CC50FA_lei.pdf\" target=\"_blank\" rel=\"noreferrer noopener\">\u00edntegra<\/a>&nbsp;da norma.<\/li><\/ul>\n\n\n\n<p><strong>Vetos<\/strong><\/p>\n\n\n\n<p>Ao publicar a norma, o presidente Jair Bolsonaro vetou alguns dispositivos, como o que previa&nbsp;&nbsp;a realiza\u00e7\u00e3o de avalia\u00e7\u00e3o psicol\u00f3gica ao condutor que se envolver em acidente grave para o qual haja contribu\u00eddo, independentemente de processo judicial; condenado judicialmente por delito de tr\u00e2nsito; ou, a qualquer tempo, colocar em risco a seguran\u00e7a do tr\u00e2nsito.<\/p>\n\n\n\n<p>Nas raz\u00f5es do veto, o presidente alegou que a medida contraria o interesse p\u00fablico por gerar inseguran\u00e7a jur\u00eddica, se mostrando n\u00e3o ser razo\u00e1vel.<\/p>\n\n\n\n<p>Outro ponto vetado, previa que o candidato \u00e0 habilita\u00e7\u00e3o se submetesse a exames realizados pelo \u00f3rg\u00e3o executivo de tr\u00e2nsito e que os exames de aptid\u00e3o f\u00edsica e mental e a avalia\u00e7\u00e3o psicol\u00f3gica devessem ser realizados por m\u00e9dicos e psic\u00f3logos peritos examinadores, respectivamente, com titula\u00e7\u00e3o de especialista em medicina do tr\u00e1fego e em psicologia do tr\u00e2nsito, conferida pelo respectivo conselho profissional, conforme regulamenta\u00e7\u00e3o do Contran.<\/p>\n\n\n\n<p>Para o presidente, a medida tamb\u00e9m contraria o interesse p\u00fablico&nbsp;<em>&#8220;tendo em vista que n\u00e3o se mostra adequada a previs\u00e3o de restringir a realiza\u00e7\u00e3o dos exames de aptid\u00e3o f\u00edsica e mental aos m\u00e9dicos e psic\u00f3logos peritos examinadores (&#8230;), pois n\u00e3o \u00e9 cr\u00edvel que os profissionais que n\u00e3o disp\u00f5em dessa titula\u00e7\u00e3o n\u00e3o possuam pr\u00e1tica necess\u00e1ria para a realiza\u00e7\u00e3o de tais exames.&#8221;<\/em><\/p>\n\n\n\n<ul><li>Leia a\u00a0<a rel=\"noreferrer noopener\" href=\"https:\/\/www.migalhas.uol.com.br\/arquivos\/2020\/10\/CCEC56839EC49B_veto1.pdf\" target=\"_blank\">\u00edntegra<\/a>\u00a0dos vetos.<\/li><li>Migalhas<\/li><\/ul>\n","protected":false},"excerpt":{"rendered":"<p>Foi publicada no DOU desta quarta-feira, 14, a lei&nbsp;14.071\/20&nbsp;que altera o C\u00f3digo de Tr\u00e2nsito Brasileiro para estender para dez anos a validade da CNH para condutores com menos de 50 anos de idade. A norma torna todas as multas leves e m\u00e9dias pun\u00edveis apenas com advert\u00eancia, caso o condutor n\u00e3o seja reincidente na mesma infra\u00e7\u00e3o<br \/><a class=\"more-link\" href=\"https:\/\/justicapotiguar.com.br\/index.php\/2020\/10\/14\/lei-que-aumenta-validade-e-limite-de-pontos-da-cnh-e-publicada-com-vetos\/\">Mais&#8230;<\/a><\/p>\n","protected":false},"author":5,"featured_media":7216,"comment_status":"open","ping_status":"open","sticky":false,"template":"","format":"standard","meta":[],"categories":[3],"tags":[],"_links":{"self":[{"href":"https:\/\/justicapotiguar.com.br\/index.php\/wp-json\/wp\/v2\/posts\/13809"}],"collection":[{"href":"https:\/\/justicapotiguar.com.br\/index.php\/wp-json\/wp\/v2\/posts"}],"about":[{"href":"https:\/\/justicapotiguar.com.br\/index.php\/wp-json\/wp\/v2\/types\/post"}],"author":[{"embeddable":true,"href":"https:\/\/justicapotiguar.com.br\/index.php\/wp-json\/wp\/v2\/users\/5"}],"replies":[{"embeddable":true,"href":"https:\/\/justicapotiguar.com.br\/index.php\/wp-json\/wp\/v2\/comments?post=13809"}],"version-history":[{"count":1,"href":"https:\/\/justicapotiguar.com.br\/index.php\/wp-json\/wp\/v2\/posts\/13809\/revisions"}],"predecessor-version":[{"id":13810,"href":"https:\/\/justicapotiguar.com.br\/index.php\/wp-json\/wp\/v2\/posts\/13809\/revisions\/13810"}],"wp:featuredmedia":[{"embeddable":true,"href":"https:\/\/justicapotiguar.com.br\/index.php\/wp-json\/wp\/v2\/media\/7216"}],"wp:attachment":[{"href":"https:\/\/justicapotiguar.com.br\/index.php\/wp-json\/wp\/v2\/media?parent=13809"}],"wp:term":[{"taxonomy":"category","embeddable":true,"href":"https:\/\/justicapotiguar.com.br\/index.php\/wp-json\/wp\/v2\/categories?post=13809"},{"taxonomy":"post_tag","embeddable":true,"href":"https:\/\/justicapotiguar.com.br\/index.php\/wp-json\/wp\/v2\/tags?post=13809"}],"curies":[{"name":"wp","href":"https:\/\/api.w.org\/{rel}","templated":true}]}}