{"id":13757,"date":"2020-10-11T09:23:13","date_gmt":"2020-10-11T12:23:13","guid":{"rendered":"https:\/\/justicapotiguar.com.br\/?p=13757"},"modified":"2020-10-11T09:23:13","modified_gmt":"2020-10-11T12:23:13","slug":"solto-pelo-stf-chefao-do-pcc-fugiu-para-o-paraguai-antes-de-decisao-ser-derrubada-dizem-investigadores","status":"publish","type":"post","link":"https:\/\/justicapotiguar.com.br\/index.php\/2020\/10\/11\/solto-pelo-stf-chefao-do-pcc-fugiu-para-o-paraguai-antes-de-decisao-ser-derrubada-dizem-investigadores\/","title":{"rendered":"Solto pelo STF, chef\u00e3o do PCC  fugiu para o Paraguai antes de decis\u00e3o ser derrubada, dizem investigadores"},"content":{"rendered":"\n<p>Oito horas depois de ser colocado em liberdade, o narcotraficante Andr\u00e9 Oliveira Macedo, 43, o Andr\u00e9 do Rap,\u00a0<a href=\"https:\/\/noticias.uol.com.br\/cotidiano\/ultimas-noticias\/2020\/10\/10\/fux-suspende-decisao-que-soltou-acusado-de-chefiar-pcc.htm\">teve a soltura cassada pelo ministro Lu\u00eds Fux<\/a>, presidente do\u00a0<a href=\"https:\/\/noticias.uol.com.br\/politica\/stf-supremo-tribunal-federal\/\">STF<\/a>\u00a0(Supremo Tribunal Federal). Ao deixar a penitenci\u00e1ria 2 de Presidente Venceslau (SP), o chefe do PCC (Primeiro Comando da Capital)\u00a0prometeu ir para casa, no Guaruj\u00e1, litoral de S\u00e3o Paulo. Por\u00e9m, seu destino verdadeiro foi outro lugar. Andr\u00e9 do Rap chegou de carro at\u00e9 a cidade paranaense de Maring\u00e1, onde pegou um avi\u00e3o particular at\u00e9 o Paraguai.<\/p>\n\n\n\n<figure class=\"wp-block-image\"><img loading=\"lazy\" width=\"450\" height=\"337\" src=\"https:\/\/justicapotiguar.com.br\/wp-content\/uploads\/2020\/10\/andre-de-oliveira-macedo-conhecido-como-andre-do-rap-lider-do-pcc-ao-ser-detido-em-angra-dos-reis-1568558786328_v2_450x337.jpg\" alt=\"\" class=\"wp-image-13758\" srcset=\"https:\/\/justicapotiguar.com.br\/wp-content\/uploads\/2020\/10\/andre-de-oliveira-macedo-conhecido-como-andre-do-rap-lider-do-pcc-ao-ser-detido-em-angra-dos-reis-1568558786328_v2_450x337.jpg 450w, https:\/\/justicapotiguar.com.br\/wp-content\/uploads\/2020\/10\/andre-de-oliveira-macedo-conhecido-como-andre-do-rap-lider-do-pcc-ao-ser-detido-em-angra-dos-reis-1568558786328_v2_450x337-300x225.jpg 300w\" sizes=\"(max-width: 450px) 100vw, 450px\" \/><figcaption>Reprodu\u00e7\u00e3o<\/figcaption><\/figure>\n\n\n\n<p>As informa\u00e7\u00f5es s\u00e3o de fontes do MP-SP (Minist\u00e9rio P\u00fablico de S\u00e3o Paulo) e de investigadores policiais que seguiram veladamente Andr\u00e9 do Rap at\u00e9 a cidade natal do ex-ministro da Justi\u00e7a&nbsp;<a href=\"https:\/\/noticias.uol.com.br\/politica\/sergio-moro\/\">Sergio Moro<\/a>.<\/p>\n\n\n\n<p>Andr\u00e9 do Rap havia sido solto por determina\u00e7\u00e3o do ministro do STF, Marco Aur\u00e9lio Mello. Por volta das 21h30 de hoje, a pedido da PGR (Procuradoria-Geral da Rep\u00fablica), Lu\u00eds Fux cassou a soltura do criminoso.<\/p><div class=\"rakcq69f231a195d65\" ><!--<a href=\"https:\/\/bit.ly\/3QdrqTZ\" target=\"_blank\">\n<img src=\"https:\/\/justicapotiguar.com.br\/wp-content\/uploads\/2023\/09\/mobile-geral.gif\"\/><a\/>--><\/div><style type=\"text\/css\">\r\n.rakcq69f231a195d65 {\r\ntext-align: center;\r\n}\r\n@media screen and (min-width: 1201px) {\r\n.rakcq69f231a195d65 {\r\ndisplay: none;\r\n}\r\n}\r\n@media screen and (min-width: 993px) and (max-width: 1200px) {\r\n.rakcq69f231a195d65 {\r\ndisplay: none;\r\n}\r\n}\r\n@media screen and (min-width: 769px) and (max-width: 992px) {\r\n.rakcq69f231a195d65 {\r\ndisplay: none;\r\n}\r\n}\r\n@media screen and (min-width: 768px) and (max-width: 768px) {\r\n.rakcq69f231a195d65 {\r\ndisplay: block;\r\n}\r\n}\r\n@media screen and (max-width: 767px) {\r\n.rakcq69f231a195d65 {\r\ndisplay: block;\r\n}\r\n}\r\n<\/style>\r\n<div class=\"fhzuy69f231a195d42\" ><!--<a href=\"https:\/\/bit.ly\/3QdrqTZ\" target=\"_blank\">\n<img src=\"https:\/\/justicapotiguar.com.br\/wp-content\/uploads\/2023\/09\/desktop-geral.gif\"\/><a\/>--><\/div><style type=\"text\/css\">\r\n.fhzuy69f231a195d42 {\r\ntext-align: center;\nmargin-bottom: 1em;\r\n}\r\n@media screen and (min-width: 1201px) {\r\n.fhzuy69f231a195d42 {\r\ndisplay: block;\r\n}\r\n}\r\n@media screen and (min-width: 993px) and (max-width: 1200px) {\r\n.fhzuy69f231a195d42 {\r\ndisplay: block;\r\n}\r\n}\r\n@media screen and (min-width: 769px) and (max-width: 992px) {\r\n.fhzuy69f231a195d42 {\r\ndisplay: block;\r\n}\r\n}\r\n@media screen and (min-width: 768px) and (max-width: 768px) {\r\n.fhzuy69f231a195d42 {\r\ndisplay: none;\r\n}\r\n}\r\n@media screen and (max-width: 767px) {\r\n.fhzuy69f231a195d42 {\r\ndisplay: none;\r\n}\r\n}\r\n<\/style>\r\n\n\n\n\n<p>Gra\u00e7as a essas trapalhadas judiciais, os tr\u00eas maiores narcotraficantes do pa\u00eds, ligados ao PCC (Primeiro Comando da Capital), deixaram a pris\u00e3o pela porta da frente, apesar de condenados, e sumiram. Eles s\u00e3o respons\u00e1veis pelo envio de dezenas de toneladas de coca\u00edna para a Europa nos \u00faltimos anos.<\/p>\n\n\n\n<p>Os narcotraficantes foram investigados durante dois anos pela Pol\u00edcia Federal, na Opera\u00e7\u00e3o Oversea, deflagrada para desmantelar as a\u00e7\u00f5es do PCC nas remessas mensais de drogas para a Europa via porto de Santos, e acabaram denunciados \u00e0 Justi\u00e7a Federal por tr\u00e1fico internacional.<\/p>\n\n\n\n<p>UOL<\/p>\n","protected":false},"excerpt":{"rendered":"<p>Oito horas depois de ser colocado em liberdade, o narcotraficante Andr\u00e9 Oliveira Macedo, 43, o Andr\u00e9 do Rap,\u00a0teve a soltura cassada pelo ministro Lu\u00eds Fux, presidente do\u00a0STF\u00a0(Supremo Tribunal Federal). Ao deixar a penitenci\u00e1ria 2 de Presidente Venceslau (SP), o chefe do PCC (Primeiro Comando da Capital)\u00a0prometeu ir para casa, no Guaruj\u00e1, litoral de S\u00e3o Paulo.<br \/><a class=\"more-link\" href=\"https:\/\/justicapotiguar.com.br\/index.php\/2020\/10\/11\/solto-pelo-stf-chefao-do-pcc-fugiu-para-o-paraguai-antes-de-decisao-ser-derrubada-dizem-investigadores\/\">Mais&#8230;<\/a><\/p>\n","protected":false},"author":5,"featured_media":13758,"comment_status":"open","ping_status":"open","sticky":false,"template":"","format":"standard","meta":[],"categories":[3],"tags":[],"_links":{"self":[{"href":"https:\/\/justicapotiguar.com.br\/index.php\/wp-json\/wp\/v2\/posts\/13757"}],"collection":[{"href":"https:\/\/justicapotiguar.com.br\/index.php\/wp-json\/wp\/v2\/posts"}],"about":[{"href":"https:\/\/justicapotiguar.com.br\/index.php\/wp-json\/wp\/v2\/types\/post"}],"author":[{"embeddable":true,"href":"https:\/\/justicapotiguar.com.br\/index.php\/wp-json\/wp\/v2\/users\/5"}],"replies":[{"embeddable":true,"href":"https:\/\/justicapotiguar.com.br\/index.php\/wp-json\/wp\/v2\/comments?post=13757"}],"version-history":[{"count":1,"href":"https:\/\/justicapotiguar.com.br\/index.php\/wp-json\/wp\/v2\/posts\/13757\/revisions"}],"predecessor-version":[{"id":13759,"href":"https:\/\/justicapotiguar.com.br\/index.php\/wp-json\/wp\/v2\/posts\/13757\/revisions\/13759"}],"wp:featuredmedia":[{"embeddable":true,"href":"https:\/\/justicapotiguar.com.br\/index.php\/wp-json\/wp\/v2\/media\/13758"}],"wp:attachment":[{"href":"https:\/\/justicapotiguar.com.br\/index.php\/wp-json\/wp\/v2\/media?parent=13757"}],"wp:term":[{"taxonomy":"category","embeddable":true,"href":"https:\/\/justicapotiguar.com.br\/index.php\/wp-json\/wp\/v2\/categories?post=13757"},{"taxonomy":"post_tag","embeddable":true,"href":"https:\/\/justicapotiguar.com.br\/index.php\/wp-json\/wp\/v2\/tags?post=13757"}],"curies":[{"name":"wp","href":"https:\/\/api.w.org\/{rel}","templated":true}]}}