{"id":13700,"date":"2020-10-08T17:18:12","date_gmt":"2020-10-08T20:18:12","guid":{"rendered":"https:\/\/justicapotiguar.com.br\/?p=13700"},"modified":"2020-10-08T15:34:08","modified_gmt":"2020-10-08T18:34:08","slug":"stj-rejeita-perdao-judicial-a-desembargador-do-tj-al-que-xingou-advogada","status":"publish","type":"post","link":"https:\/\/justicapotiguar.com.br\/index.php\/2020\/10\/08\/stj-rejeita-perdao-judicial-a-desembargador-do-tj-al-que-xingou-advogada\/","title":{"rendered":"STJ rejeita perd\u00e3o judicial a desembargador do TJ-AL que xingou advogada"},"content":{"rendered":"\n<p>A Corte Especial do Superior Tribunal de Justi\u00e7a decidiu manter a tramita\u00e7\u00e3o da a\u00e7\u00e3o penal que apura queixa-crime contra o desembargador Tutm\u00e9s Airan, presidente do Tribunal de Justi\u00e7a de Alagoas.<\/p>\n\n\n\n<figure class=\"wp-block-image\"><img src=\"https:\/\/www.conjur.com.br\/img\/b\/whatsapp11.jpeg\" alt=\"\"\/><figcaption>Ofensas do presidente do TJ-AL foram feitas em grupo de WhatsApp&nbsp;<br><sup>Reprodu\u00e7\u00e3o<\/sup><\/figcaption><\/figure>\n\n\n\n<p>Em julgamento nesta quarta-feira (7\/10), o colegiado descartou proposi\u00e7\u00e3o do ministro Napole\u00e3o Nunes Maia, que acolheu embargos de declara\u00e7\u00e3o ajuizados pela defesa do desembargador alagoano para conceder-lhe o perd\u00e3o judicial.<\/p>\n\n\n\n<p>O ministro Napole\u00e3o foi o autor do voto que levou a maioria da Corte Especial a<a href=\"https:\/\/www.conjur.com.br\/2019-set-23\/stj-aceita-queixa-crime-desembargador-xingou-advogada\" target=\"_blank\" rel=\"noreferrer noopener\">&nbsp;admitir a tramita\u00e7\u00e3o da a\u00e7\u00e3o penal<\/a>. O relator origin\u00e1rio, ministro Mauro Campbell, votou contra o recebimento da den\u00fancia, em setembro de 2019, e ficou vencido.<\/p>\n\n\n\n<p>O desembargador Tutm\u00e9s Airan foi acusado pela advogada Adriana Mangabeira Wanderley de ofend\u00ea-la em \u00e1udio no WhatsApp em grupo com jornalistas.<\/p>\n\n\n\n<p>Antes, a advogada teria acusado o magistrado de cobrar dinheiro para julgar favor\u00e1vel a uma a\u00e7\u00e3o em que ela pedia a condena\u00e7\u00e3o da Braskem ao pagamento de honor\u00e1rios advocat\u00edcios relativos a servi\u00e7os prestados por ela.<\/p>\n\n\n\n<p>Em \u00e1udios que circularam pelo aplicativo, o desembargador explica a hist\u00f3ria e teria chamado Adriana de &#8220;desonesta&#8221;&nbsp;e &#8220;vagabunda&#8221;.<\/p>\n\n\n\n<p>Ao avaliar os embargos, Napole\u00e3o entendeu que houve omiss\u00e3o na decis\u00e3o de recebimento da den\u00fancia. Rejeitou-se, por falta de elemento material, a imputa\u00e7\u00e3o de cal\u00fania contra o r\u00e9u, mas n\u00e3o a de difama\u00e7\u00e3o.<\/p><div class=\"nqgmz69f21dc1c3543\" ><!--<a href=\"https:\/\/bit.ly\/3QdrqTZ\" target=\"_blank\">\n<img src=\"https:\/\/justicapotiguar.com.br\/wp-content\/uploads\/2023\/09\/mobile-geral.gif\"\/><a\/>--><\/div><style type=\"text\/css\">\r\n.nqgmz69f21dc1c3543 {\r\ntext-align: center;\r\n}\r\n@media screen and (min-width: 1201px) {\r\n.nqgmz69f21dc1c3543 {\r\ndisplay: none;\r\n}\r\n}\r\n@media screen and (min-width: 993px) and (max-width: 1200px) {\r\n.nqgmz69f21dc1c3543 {\r\ndisplay: none;\r\n}\r\n}\r\n@media screen and (min-width: 769px) and (max-width: 992px) {\r\n.nqgmz69f21dc1c3543 {\r\ndisplay: none;\r\n}\r\n}\r\n@media screen and (min-width: 768px) and (max-width: 768px) {\r\n.nqgmz69f21dc1c3543 {\r\ndisplay: block;\r\n}\r\n}\r\n@media screen and (max-width: 767px) {\r\n.nqgmz69f21dc1c3543 {\r\ndisplay: block;\r\n}\r\n}\r\n<\/style>\r\n<div class=\"xholf69f21dc1c3526\" ><!--<a href=\"https:\/\/bit.ly\/3QdrqTZ\" target=\"_blank\">\n<img src=\"https:\/\/justicapotiguar.com.br\/wp-content\/uploads\/2023\/09\/desktop-geral.gif\"\/><a\/>--><\/div><style type=\"text\/css\">\r\n.xholf69f21dc1c3526 {\r\ntext-align: center;\nmargin-bottom: 1em;\r\n}\r\n@media screen and (min-width: 1201px) {\r\n.xholf69f21dc1c3526 {\r\ndisplay: block;\r\n}\r\n}\r\n@media screen and (min-width: 993px) and (max-width: 1200px) {\r\n.xholf69f21dc1c3526 {\r\ndisplay: block;\r\n}\r\n}\r\n@media screen and (min-width: 769px) and (max-width: 992px) {\r\n.xholf69f21dc1c3526 {\r\ndisplay: block;\r\n}\r\n}\r\n@media screen and (min-width: 768px) and (max-width: 768px) {\r\n.xholf69f21dc1c3526 {\r\ndisplay: none;\r\n}\r\n}\r\n@media screen and (max-width: 767px) {\r\n.xholf69f21dc1c3526 {\r\ndisplay: none;\r\n}\r\n}\r\n<\/style>\r\n\n\n\n\n<figure class=\"wp-block-image\"><img src=\"https:\/\/www.conjur.com.br\/img\/b\/napoleao-nunes-maia-20201.jpeg\" alt=\"\"\/><figcaption>Ministro Napole\u00e3o prop\u00f4s acolhimento dos embargos para conceder perd\u00e3o judicial<br><sup>Lucas Pricken<\/sup><\/figcaption><\/figure>\n\n\n\n<p>&#8220;\u00c9 poss\u00edvel dizer que vocativo &#8216;corrupta&#8217;&nbsp;configura de igual modo inj\u00faria, tendo, portanto, havido por parte do querelado a retor\u00e7\u00e3o imediata, que consistiu em outra inj\u00faria. Hip\u00f3tese, a meu ver, de perd\u00e3o judicial. Eu achei que errei quando discordei do ministro Mauro e levei a corte a entender que estava correto&#8221;, explicou.<\/p>\n\n\n\n<p>Vencedor na primeira assentada, o ministro Napole\u00e3o ficou vencido nos embargos, acompanhado apenas pelo ministro Raul Ara\u00fajo, para quem seria poss\u00edvel a Corte Especial avan\u00e7ar para conceder o perd\u00e3o e, assim, evitar o andamento de uma a\u00e7\u00e3o penal para, ao final aplicar o perd\u00e3o que j\u00e1 se antev\u00ea vi\u00e1vel.<\/p>\n\n\n\n<p>Abriu a diverg\u00eancia a ministra Maria Thereza de Assis Moura, que defendeu que o perd\u00e3o deve observar o andamento da instru\u00e7\u00e3o para se viabilizar. &#8220;Para conceder perd\u00e3o \u00e9 preciso que haja o tempo. O tempo \u00e9 o da instru\u00e7\u00e3o. Momento \u00e9 de averiguar. N\u00e3o \u00e9 de perd\u00e3o, mas de instru\u00e7\u00e3o&#8221;, concordou o ministro Og Fernandes.<\/p>\n\n\n\n<p>Seguiram a diverg\u00eancia tamb\u00e9m os ministros Jorge Mussi, Lu\u00eds Felipe Salom\u00e3o, Mauro Campbell, Benedito Gon\u00e7alves, Nancy Andrighi, Laurita Vaz, Jo\u00e3o Ot\u00e1vio de Noronha e Herman Benjamin.<\/p>\n\n\n\n<p><strong>APn 886<\/strong><\/p>\n\n\n\n<p>Conjur<\/p>\n","protected":false},"excerpt":{"rendered":"<p>A Corte Especial do Superior Tribunal de Justi\u00e7a decidiu manter a tramita\u00e7\u00e3o da a\u00e7\u00e3o penal que apura queixa-crime contra o desembargador Tutm\u00e9s Airan, presidente do Tribunal de Justi\u00e7a de Alagoas. Em julgamento nesta quarta-feira (7\/10), o colegiado descartou proposi\u00e7\u00e3o do ministro Napole\u00e3o Nunes Maia, que acolheu embargos de declara\u00e7\u00e3o ajuizados pela defesa do desembargador alagoano<br \/><a class=\"more-link\" href=\"https:\/\/justicapotiguar.com.br\/index.php\/2020\/10\/08\/stj-rejeita-perdao-judicial-a-desembargador-do-tj-al-que-xingou-advogada\/\">Mais&#8230;<\/a><\/p>\n","protected":false},"author":5,"featured_media":10461,"comment_status":"open","ping_status":"open","sticky":false,"template":"","format":"standard","meta":[],"categories":[3],"tags":[],"_links":{"self":[{"href":"https:\/\/justicapotiguar.com.br\/index.php\/wp-json\/wp\/v2\/posts\/13700"}],"collection":[{"href":"https:\/\/justicapotiguar.com.br\/index.php\/wp-json\/wp\/v2\/posts"}],"about":[{"href":"https:\/\/justicapotiguar.com.br\/index.php\/wp-json\/wp\/v2\/types\/post"}],"author":[{"embeddable":true,"href":"https:\/\/justicapotiguar.com.br\/index.php\/wp-json\/wp\/v2\/users\/5"}],"replies":[{"embeddable":true,"href":"https:\/\/justicapotiguar.com.br\/index.php\/wp-json\/wp\/v2\/comments?post=13700"}],"version-history":[{"count":1,"href":"https:\/\/justicapotiguar.com.br\/index.php\/wp-json\/wp\/v2\/posts\/13700\/revisions"}],"predecessor-version":[{"id":13701,"href":"https:\/\/justicapotiguar.com.br\/index.php\/wp-json\/wp\/v2\/posts\/13700\/revisions\/13701"}],"wp:featuredmedia":[{"embeddable":true,"href":"https:\/\/justicapotiguar.com.br\/index.php\/wp-json\/wp\/v2\/media\/10461"}],"wp:attachment":[{"href":"https:\/\/justicapotiguar.com.br\/index.php\/wp-json\/wp\/v2\/media?parent=13700"}],"wp:term":[{"taxonomy":"category","embeddable":true,"href":"https:\/\/justicapotiguar.com.br\/index.php\/wp-json\/wp\/v2\/categories?post=13700"},{"taxonomy":"post_tag","embeddable":true,"href":"https:\/\/justicapotiguar.com.br\/index.php\/wp-json\/wp\/v2\/tags?post=13700"}],"curies":[{"name":"wp","href":"https:\/\/api.w.org\/{rel}","templated":true}]}}