{"id":13694,"date":"2020-10-08T14:44:46","date_gmt":"2020-10-08T17:44:46","guid":{"rendered":"https:\/\/justicapotiguar.com.br\/?p=13694"},"modified":"2020-10-08T14:36:53","modified_gmt":"2020-10-08T17:36:53","slug":"ccj-tem-maioria-a-favor-da-indicacao-de-kassio-marques-ao-stf","status":"publish","type":"post","link":"https:\/\/justicapotiguar.com.br\/index.php\/2020\/10\/08\/ccj-tem-maioria-a-favor-da-indicacao-de-kassio-marques-ao-stf\/","title":{"rendered":"CCJ tem maioria a favor da indica\u00e7\u00e3o de Kassio Marques ao STF"},"content":{"rendered":"\n<p>Apesar das\u00a0<a href=\"https:\/\/politica.estadao.com.br\/noticias\/geral,as-inconsistencias-no-curriculo-de-kassio-marques-e-o-impacto-para-sua-indicacao-ao-stf,70003468246.amp\"><strong>irregularidades encontradas no curr\u00edculo acad\u00eamico<\/strong><\/a>\u00a0do desembargador federal\u00a0<a href=\"https:\/\/tudo-sobre.estadao.com.br\/kassio-marques\"><strong>Kassio Nunes<\/strong><\/a>, suspeitas de pl\u00e1gio em sua disserta\u00e7\u00e3o de mestrado e press\u00e3o de alas do bolsonarismo contra sua indica\u00e7\u00e3o, senadores d\u00e3o a aprova\u00e7\u00e3o de seu nome para o\u00a0<a href=\"https:\/\/tudo-sobre.estadao.com.br\/stf-supremo-tribunal-federal\"><strong>Supremo Tribinal Federal (STF)<\/strong><\/a>\u00a0como favas contadas. O\u00a0<strong>Estad\u00e3o<\/strong>\u00a0apurou o posicionamento de todos os 27 membros permanentes da\u00a0<strong>Comiss\u00e3o de Constitui\u00e7\u00e3o e Justi\u00e7a (CCJ)<\/strong>\u00a0\u00a0e constatou que j\u00e1 existem pelo menos os 14 votos necess\u00e1rios para a aprova\u00e7\u00e3o nesta que \u00e9 a primeira etapa no Senado do processo de confirma\u00e7\u00e3o. Apenas dois parlamentares abertamente se dizem contra.<\/p>\n\n\n\n<figure class=\"wp-block-image\"><img loading=\"lazy\" width=\"739\" height=\"415\" src=\"https:\/\/justicapotiguar.com.br\/wp-content\/uploads\/2020\/10\/images-1-1.jpeg\" alt=\"\" class=\"wp-image-13695\" srcset=\"https:\/\/justicapotiguar.com.br\/wp-content\/uploads\/2020\/10\/images-1-1.jpeg 739w, https:\/\/justicapotiguar.com.br\/wp-content\/uploads\/2020\/10\/images-1-1-300x168.jpeg 300w\" sizes=\"(max-width: 739px) 100vw, 739px\" \/><figcaption>Reprodu\u00e7\u00e3o<\/figcaption><\/figure>\n\n\n\n<p>O parecer da comiss\u00e3o n\u00e3o tem poder para derrubar a indica\u00e7\u00e3o, que vai ao plen\u00e1rio de qualquer forma. Ela aponta, no entanto, cen\u00e1rio bastante favor\u00e1vel dentro do Senado ao indicado do presidente\u00a0<a href=\"https:\/\/tudo-sobre.estadao.com.br\/jair-bolsonaro\"><strong>Jair Bolsonaro<\/strong><\/a>\u00a0para a vaga a ser aberta com a aposentadoria do ministro\u00a0<a href=\"https:\/\/tudo-sobre.estadao.com.br\/celso-de-mello\"><strong>Celso de Mello<\/strong><\/a>, no dia 13. No plen\u00e1rio, as cr\u00edticas e suspeitas tamb\u00e9m est\u00e3o sendo minimizadas. Governistas avaliam que os desgastes n\u00e3o foram suficientes para afetar a \u201creputa\u00e7\u00e3o ilibada\u201d do indicado e apostam na aprova\u00e7\u00e3o com algo entre 60 e 65 votos.<\/p><div class=\"pkfnt69f2315d3c9a5\" ><!--<a href=\"https:\/\/bit.ly\/3QdrqTZ\" target=\"_blank\">\n<img src=\"https:\/\/justicapotiguar.com.br\/wp-content\/uploads\/2023\/09\/mobile-geral.gif\"\/><a\/>--><\/div><style type=\"text\/css\">\r\n.pkfnt69f2315d3c9a5 {\r\ntext-align: center;\r\n}\r\n@media screen and (min-width: 1201px) {\r\n.pkfnt69f2315d3c9a5 {\r\ndisplay: none;\r\n}\r\n}\r\n@media screen and (min-width: 993px) and (max-width: 1200px) {\r\n.pkfnt69f2315d3c9a5 {\r\ndisplay: none;\r\n}\r\n}\r\n@media screen and (min-width: 769px) and (max-width: 992px) {\r\n.pkfnt69f2315d3c9a5 {\r\ndisplay: none;\r\n}\r\n}\r\n@media screen and (min-width: 768px) and (max-width: 768px) {\r\n.pkfnt69f2315d3c9a5 {\r\ndisplay: block;\r\n}\r\n}\r\n@media screen and (max-width: 767px) {\r\n.pkfnt69f2315d3c9a5 {\r\ndisplay: block;\r\n}\r\n}\r\n<\/style>\r\n<div class=\"wwhst69f2315d3c98d\" ><!--<a href=\"https:\/\/bit.ly\/3QdrqTZ\" target=\"_blank\">\n<img src=\"https:\/\/justicapotiguar.com.br\/wp-content\/uploads\/2023\/09\/desktop-geral.gif\"\/><a\/>--><\/div><style type=\"text\/css\">\r\n.wwhst69f2315d3c98d {\r\ntext-align: center;\nmargin-bottom: 1em;\r\n}\r\n@media screen and (min-width: 1201px) {\r\n.wwhst69f2315d3c98d {\r\ndisplay: block;\r\n}\r\n}\r\n@media screen and (min-width: 993px) and (max-width: 1200px) {\r\n.wwhst69f2315d3c98d {\r\ndisplay: block;\r\n}\r\n}\r\n@media screen and (min-width: 769px) and (max-width: 992px) {\r\n.wwhst69f2315d3c98d {\r\ndisplay: block;\r\n}\r\n}\r\n@media screen and (min-width: 768px) and (max-width: 768px) {\r\n.wwhst69f2315d3c98d {\r\ndisplay: none;\r\n}\r\n}\r\n@media screen and (max-width: 767px) {\r\n.wwhst69f2315d3c98d {\r\ndisplay: none;\r\n}\r\n}\r\n<\/style>\r\n\n\n\n\n<p>Na CCJ, o desembargador Kassio Marques contar\u00e1, inclusive, com o voto favor\u00e1vel de integrantes da oposi\u00e7\u00e3o. \u201cNem sempre as refer\u00eancias curriculares s\u00e3o as melhores refer\u00eancias. A experi\u00eancia, a viv\u00eancia, a pr\u00e1tica s\u00e3o. Neste momento, tenho inclina\u00e7\u00e3o a votar favor\u00e1vel\u201d, afirmou\u00a0<a href=\"https:\/\/tudo-sobre.estadao.com.br\/Rogerio-Carvalho\"><strong>Rog\u00e9rio Carvalho<\/strong><\/a>\u00a0(PT-SE). \u201cAcho que \u00e9 um fortalecimento da regi\u00e3o Nordeste, que nunca foi agraciada com nenhum ministro. Eu preferia um baiano. J\u00e1 que n\u00e3o foi baiano, me contento com um piauiense, nordestino\u201d, disse\u00a0<a href=\"https:\/\/tudo-sobre.estadao.com.br\/angelo-coronel\"><strong>\u00c2ngelo Coronel<\/strong><\/a>\u00a0(PSD-BA), membro do colegiado e presidente da CPI das Fake News.<\/p>\n\n\n\n<p>Estad\u00e3o<\/p>\n","protected":false},"excerpt":{"rendered":"<p>Apesar das\u00a0irregularidades encontradas no curr\u00edculo acad\u00eamico\u00a0do desembargador federal\u00a0Kassio Nunes, suspeitas de pl\u00e1gio em sua disserta\u00e7\u00e3o de mestrado e press\u00e3o de alas do bolsonarismo contra sua indica\u00e7\u00e3o, senadores d\u00e3o a aprova\u00e7\u00e3o de seu nome para o\u00a0Supremo Tribinal Federal (STF)\u00a0como favas contadas. O\u00a0Estad\u00e3o\u00a0apurou o posicionamento de todos os 27 membros permanentes da\u00a0Comiss\u00e3o de Constitui\u00e7\u00e3o e Justi\u00e7a (CCJ)\u00a0\u00a0e<br \/><a class=\"more-link\" href=\"https:\/\/justicapotiguar.com.br\/index.php\/2020\/10\/08\/ccj-tem-maioria-a-favor-da-indicacao-de-kassio-marques-ao-stf\/\">Mais&#8230;<\/a><\/p>\n","protected":false},"author":5,"featured_media":13695,"comment_status":"open","ping_status":"open","sticky":false,"template":"","format":"standard","meta":[],"categories":[3],"tags":[],"_links":{"self":[{"href":"https:\/\/justicapotiguar.com.br\/index.php\/wp-json\/wp\/v2\/posts\/13694"}],"collection":[{"href":"https:\/\/justicapotiguar.com.br\/index.php\/wp-json\/wp\/v2\/posts"}],"about":[{"href":"https:\/\/justicapotiguar.com.br\/index.php\/wp-json\/wp\/v2\/types\/post"}],"author":[{"embeddable":true,"href":"https:\/\/justicapotiguar.com.br\/index.php\/wp-json\/wp\/v2\/users\/5"}],"replies":[{"embeddable":true,"href":"https:\/\/justicapotiguar.com.br\/index.php\/wp-json\/wp\/v2\/comments?post=13694"}],"version-history":[{"count":1,"href":"https:\/\/justicapotiguar.com.br\/index.php\/wp-json\/wp\/v2\/posts\/13694\/revisions"}],"predecessor-version":[{"id":13696,"href":"https:\/\/justicapotiguar.com.br\/index.php\/wp-json\/wp\/v2\/posts\/13694\/revisions\/13696"}],"wp:featuredmedia":[{"embeddable":true,"href":"https:\/\/justicapotiguar.com.br\/index.php\/wp-json\/wp\/v2\/media\/13695"}],"wp:attachment":[{"href":"https:\/\/justicapotiguar.com.br\/index.php\/wp-json\/wp\/v2\/media?parent=13694"}],"wp:term":[{"taxonomy":"category","embeddable":true,"href":"https:\/\/justicapotiguar.com.br\/index.php\/wp-json\/wp\/v2\/categories?post=13694"},{"taxonomy":"post_tag","embeddable":true,"href":"https:\/\/justicapotiguar.com.br\/index.php\/wp-json\/wp\/v2\/tags?post=13694"}],"curies":[{"name":"wp","href":"https:\/\/api.w.org\/{rel}","templated":true}]}}