{"id":13691,"date":"2020-10-08T13:59:28","date_gmt":"2020-10-08T16:59:28","guid":{"rendered":"https:\/\/justicapotiguar.com.br\/?p=13691"},"modified":"2020-10-08T13:59:28","modified_gmt":"2020-10-08T16:59:28","slug":"mp-eleitoral-garante-liberdade-de-atos-de-campanha-que-respeitem-normas-sanitarias-federais-e-estaduais","status":"publish","type":"post","link":"https:\/\/justicapotiguar.com.br\/index.php\/2020\/10\/08\/mp-eleitoral-garante-liberdade-de-atos-de-campanha-que-respeitem-normas-sanitarias-federais-e-estaduais\/","title":{"rendered":"MP Eleitoral garante liberdade de atos de campanha que respeitem normas sanit\u00e1rias federais e estaduais"},"content":{"rendered":"\n<p>A Procuradoria Regional Eleitoral no Rio Grande do Norte\u00a0(PRE\/RN)\u00a0expediu orienta\u00e7\u00e3o\u00a0aos promotores eleitorais\u00a0para refor\u00e7ar a liberdade de realiza\u00e7\u00e3o de atos de campanha que\u00a0respeitem normas sanit\u00e1rias federais e estaduais de\u00a0preven\u00e7\u00e3o\u00a0da covid-19.\u00a0As limita\u00e7\u00f5es podem variar de acordo com a situa\u00e7\u00e3o epidemiol\u00f3gica de cada regi\u00e3o do estado. A PRE\/RN e o Minist\u00e9rio P\u00fablico estadual (MP\/RN) tamb\u00e9m cobraram\u00a0\u00e0 Secret\u00e1ria de Sa\u00fade P\u00fablica\u00a0do estado\u00a0(Sesap)\u00a0retifica\u00e7\u00e3o de parecer t\u00e9cnico que transferiu \u00e0s prefeituras a decis\u00e3o de permitir ou n\u00e3o os atos, o que \u00e9 vedado pela Constitui\u00e7\u00e3o Federal.<\/p>\n\n\n\n<figure class=\"wp-block-image\"><img loading=\"lazy\" width=\"1024\" height=\"683\" src=\"https:\/\/justicapotiguar.com.br\/wp-content\/uploads\/2020\/08\/TRT-RN-divulga-Plano-de-Retomada-com-orienta\u00e7\u00f5es-sobre-o-retorno-gradual-das-atividades-presenciais-1024x683.jpg\" alt=\"\" class=\"wp-image-11983\" srcset=\"https:\/\/justicapotiguar.com.br\/wp-content\/uploads\/2020\/08\/TRT-RN-divulga-Plano-de-Retomada-com-orienta\u00e7\u00f5es-sobre-o-retorno-gradual-das-atividades-presenciais-1024x683.jpg 1024w, https:\/\/justicapotiguar.com.br\/wp-content\/uploads\/2020\/08\/TRT-RN-divulga-Plano-de-Retomada-com-orienta\u00e7\u00f5es-sobre-o-retorno-gradual-das-atividades-presenciais-300x200.jpg 300w, https:\/\/justicapotiguar.com.br\/wp-content\/uploads\/2020\/08\/TRT-RN-divulga-Plano-de-Retomada-com-orienta\u00e7\u00f5es-sobre-o-retorno-gradual-das-atividades-presenciais-768x512.jpg 768w\" sizes=\"(max-width: 1024px) 100vw, 1024px\" \/><figcaption>Reprodu\u00e7\u00e3o<\/figcaption><\/figure>\n\n\n\n<p>O objetivo da orienta\u00e7\u00e3o \u00e9 compatibilizar os atos de propaganda eleitoral com as restri\u00e7\u00f5es sanit\u00e1rias para garantir a seguran\u00e7a dos eleitores e de todos os envolvidos no processo eleitoral, com atua\u00e7\u00e3o coordenada e uniforme entre as Promotorias Eleitorais e acordos com os demais \u00f3rg\u00e3os envolvidos. De acordo com o procurador Regional Eleitoral, Ronaldo S\u00e9rgio Chaves Fernandes, \u201ca&nbsp;Justi\u00e7a Eleitoral tem compet\u00eancia para apurar e inibir a pr\u00e1tica de propaganda eleitoral em desacordo com as regras sanit\u00e1rias impostas por autoridade sanit\u00e1ria estadual ou federal,&nbsp;afastando-se eventual regulamenta\u00e7\u00e3o por legisla\u00e7\u00e3o municipal\u201d.<\/p>\n\n\n\n<p>A&nbsp;PRE\/RN orienta os promotores a atuarem de forma preventiva para acionar o Judici\u00e1rio antes da realiza\u00e7\u00e3o de evento eleitoral com tend\u00eancia a violar as normas sanit\u00e1rias federais ou estaduais, para fixa\u00e7\u00e3o de multa coercitiva. Eles tamb\u00e9m devem cobrar dos candidatos, partidos e coliga\u00e7\u00f5es a comunica\u00e7\u00e3o pr\u00e9via de atos de campanha, como determinado pela legisla\u00e7\u00e3o eleitoral, e informar \u00e0 equipe de fiscaliza\u00e7\u00e3o para acompanhamento.<\/p><div class=\"fnush69f21e1505684\" ><!--<a href=\"https:\/\/bit.ly\/3QdrqTZ\" target=\"_blank\">\n<img src=\"https:\/\/justicapotiguar.com.br\/wp-content\/uploads\/2023\/09\/mobile-geral.gif\"\/><a\/>--><\/div><style type=\"text\/css\">\r\n.fnush69f21e1505684 {\r\ntext-align: center;\r\n}\r\n@media screen and (min-width: 1201px) {\r\n.fnush69f21e1505684 {\r\ndisplay: none;\r\n}\r\n}\r\n@media screen and (min-width: 993px) and (max-width: 1200px) {\r\n.fnush69f21e1505684 {\r\ndisplay: none;\r\n}\r\n}\r\n@media screen and (min-width: 769px) and (max-width: 992px) {\r\n.fnush69f21e1505684 {\r\ndisplay: none;\r\n}\r\n}\r\n@media screen and (min-width: 768px) and (max-width: 768px) {\r\n.fnush69f21e1505684 {\r\ndisplay: block;\r\n}\r\n}\r\n@media screen and (max-width: 767px) {\r\n.fnush69f21e1505684 {\r\ndisplay: block;\r\n}\r\n}\r\n<\/style>\r\n<div class=\"wtszx69f21e150566d\" ><!--<a href=\"https:\/\/bit.ly\/3QdrqTZ\" target=\"_blank\">\n<img src=\"https:\/\/justicapotiguar.com.br\/wp-content\/uploads\/2023\/09\/desktop-geral.gif\"\/><a\/>--><\/div><style type=\"text\/css\">\r\n.wtszx69f21e150566d {\r\ntext-align: center;\nmargin-bottom: 1em;\r\n}\r\n@media screen and (min-width: 1201px) {\r\n.wtszx69f21e150566d {\r\ndisplay: block;\r\n}\r\n}\r\n@media screen and (min-width: 993px) and (max-width: 1200px) {\r\n.wtszx69f21e150566d {\r\ndisplay: block;\r\n}\r\n}\r\n@media screen and (min-width: 769px) and (max-width: 992px) {\r\n.wtszx69f21e150566d {\r\ndisplay: block;\r\n}\r\n}\r\n@media screen and (min-width: 768px) and (max-width: 768px) {\r\n.wtszx69f21e150566d {\r\ndisplay: none;\r\n}\r\n}\r\n@media screen and (max-width: 767px) {\r\n.wtszx69f21e150566d {\r\ndisplay: none;\r\n}\r\n}\r\n<\/style>\r\n\n\n\n\n<p>Al\u00e9m da multa, os respons\u00e1veis pelo descumprimento das normas sanit\u00e1rias responder\u00e3o por propaganda eleitoral irregular na Justi\u00e7a Eleitoral. Os promotores eleitorais tamb\u00e9m ir\u00e3o remeter os casos aos promotores de Justi\u00e7a do MP\/RN com atua\u00e7\u00e3o criminal para aplica\u00e7\u00e3o das san\u00e7\u00f5es penais e administrativas.<\/p>\n\n\n\n<p><strong>Parecer da Sesap<\/strong>&nbsp;\u2013 Em recomenda\u00e7\u00e3o, a Sesap remeteu ao gestor municipal a responsabilidade para autoriza\u00e7\u00e3o dos eventos de propaganda eleitoral, em desacordo&nbsp;com&nbsp;a Emenda Constitucional n\u00ba 107\/2020, que atribui essa regulamenta\u00e7\u00e3o&nbsp;ao governo federal e estadual.&nbsp;Dessa forma, a PRE\/RN e o MP\/RN enviaram of\u00edcio \u00e0 Sesap, nesta quarta-feira (7), solicitando \u201ca retifica\u00e7\u00e3o do parecer expedido, ou mesmo a emiss\u00e3o de outro parecer, em que o Estado se manifeste, de forma espec\u00edfica, sobre os atos de propaganda eleitoral, permitidos ou n\u00e3o, neste ano de 2020, com fundamento na situa\u00e7\u00e3o epidemiol\u00f3gica em todo o territ\u00f3rio estadual e considerando as especificidades locais, sem transferir para o munic\u00edpio essa responsabilidade\u201d.<\/p>\n\n\n\n<p>O procurador regional Eleitoral e o procurador-geral de Justi\u00e7a do RN, Eudo Rodrigues Leite, destacaram que \u201cv\u00e1rios\u00a0prefeitos possuem interesse no resultado do pleito, sobretudo quando se valem do instituto da reelei\u00e7\u00e3o. Portanto, n\u00e3o h\u00e1 como se admitir que esses mesmos gestores possam limitar os atos de campanha de seus advers\u00e1rios, ferindo a isonomia que deve permear a disputa eleitoral.\u201d<br><\/p>\n","protected":false},"excerpt":{"rendered":"<p>A Procuradoria Regional Eleitoral no Rio Grande do Norte\u00a0(PRE\/RN)\u00a0expediu orienta\u00e7\u00e3o\u00a0aos promotores eleitorais\u00a0para refor\u00e7ar a liberdade de realiza\u00e7\u00e3o de atos de campanha que\u00a0respeitem normas sanit\u00e1rias federais e estaduais de\u00a0preven\u00e7\u00e3o\u00a0da covid-19.\u00a0As limita\u00e7\u00f5es podem variar de acordo com a situa\u00e7\u00e3o epidemiol\u00f3gica de cada regi\u00e3o do estado. A PRE\/RN e o Minist\u00e9rio P\u00fablico estadual (MP\/RN) tamb\u00e9m cobraram\u00a0\u00e0 Secret\u00e1ria de<br \/><a class=\"more-link\" href=\"https:\/\/justicapotiguar.com.br\/index.php\/2020\/10\/08\/mp-eleitoral-garante-liberdade-de-atos-de-campanha-que-respeitem-normas-sanitarias-federais-e-estaduais\/\">Mais&#8230;<\/a><\/p>\n","protected":false},"author":5,"featured_media":11983,"comment_status":"open","ping_status":"open","sticky":false,"template":"","format":"standard","meta":[],"categories":[3],"tags":[],"_links":{"self":[{"href":"https:\/\/justicapotiguar.com.br\/index.php\/wp-json\/wp\/v2\/posts\/13691"}],"collection":[{"href":"https:\/\/justicapotiguar.com.br\/index.php\/wp-json\/wp\/v2\/posts"}],"about":[{"href":"https:\/\/justicapotiguar.com.br\/index.php\/wp-json\/wp\/v2\/types\/post"}],"author":[{"embeddable":true,"href":"https:\/\/justicapotiguar.com.br\/index.php\/wp-json\/wp\/v2\/users\/5"}],"replies":[{"embeddable":true,"href":"https:\/\/justicapotiguar.com.br\/index.php\/wp-json\/wp\/v2\/comments?post=13691"}],"version-history":[{"count":1,"href":"https:\/\/justicapotiguar.com.br\/index.php\/wp-json\/wp\/v2\/posts\/13691\/revisions"}],"predecessor-version":[{"id":13692,"href":"https:\/\/justicapotiguar.com.br\/index.php\/wp-json\/wp\/v2\/posts\/13691\/revisions\/13692"}],"wp:featuredmedia":[{"embeddable":true,"href":"https:\/\/justicapotiguar.com.br\/index.php\/wp-json\/wp\/v2\/media\/11983"}],"wp:attachment":[{"href":"https:\/\/justicapotiguar.com.br\/index.php\/wp-json\/wp\/v2\/media?parent=13691"}],"wp:term":[{"taxonomy":"category","embeddable":true,"href":"https:\/\/justicapotiguar.com.br\/index.php\/wp-json\/wp\/v2\/categories?post=13691"},{"taxonomy":"post_tag","embeddable":true,"href":"https:\/\/justicapotiguar.com.br\/index.php\/wp-json\/wp\/v2\/tags?post=13691"}],"curies":[{"name":"wp","href":"https:\/\/api.w.org\/{rel}","templated":true}]}}