{"id":13689,"date":"2020-10-08T11:41:33","date_gmt":"2020-10-08T14:41:33","guid":{"rendered":"https:\/\/justicapotiguar.com.br\/?p=13689"},"modified":"2020-10-08T11:13:12","modified_gmt":"2020-10-08T14:13:12","slug":"bolsonaro-indica-jorge-oliveira-para-cargo-de-ministro-do-tcu","status":"publish","type":"post","link":"https:\/\/justicapotiguar.com.br\/index.php\/2020\/10\/08\/bolsonaro-indica-jorge-oliveira-para-cargo-de-ministro-do-tcu\/","title":{"rendered":"Bolsonaro indica Jorge Oliveira para cargo de ministro do TCU"},"content":{"rendered":"\n<p>O presidente Jair Bolsonaro indicou Jorge Oliveira, atual Secret\u00e1rio-Geral da Presid\u00eancia, para o cargo de ministro do Tribunal de Contas da Uni\u00e3o. A indica\u00e7\u00e3o foi publicada no&nbsp;<em>Di\u00e1rio Oficial da Uni\u00e3o<\/em>&nbsp;desta quinta-feira (8\/10).&nbsp;<\/p>\n\n\n\n<figure class=\"wp-block-image\"><img src=\"https:\/\/www.conjur.com.br\/img\/b\/jorge-oliveira.jpeg\" alt=\"\"\/><figcaption>Oliveira foi indicado para o cargo de ministro do TCU<br><sup>Alan Santos\/PR<\/sup><\/figcaption><\/figure>\n\n\n\n<p>Oliveira tem 45 anos, \u00e9 policial militar da reserva do Distrito Federal, formado em Direito e um dos ministros mais pr\u00f3ximos de Bolsonaro. Se for aprovado no Senado, ele ir\u00e1 substituir o atual presidente do TCU, ministro Jos\u00e9 M\u00facio, que decidiu antecipar em dois anos e nove meses sua aposentadoria compuls\u00f3ria (que ocorre quando os servidores completam 75 anos).<\/p>\n\n\n\n<p>&#8220;Considerando a necessidade de pr\u00e9via organiza\u00e7\u00e3o para o funcionamento das delibera\u00e7\u00f5es dessa Casa, em virtude do estado de calamidade p\u00fablica ocasionado pela pandemia do coronav\u00edrus, submeto \u00e0 aprecia\u00e7\u00e3o do Senado Federal, o nome do senhor Jorge Antonio de Oliveira Francisco, para exercer o cargo de ministro do Tribunal de Contas da Uni\u00e3o&#8221;, afirma o despacho da Presid\u00eancia da Rep\u00fablica.&nbsp;<\/p><div class=\"mzgvu69f21deb85f85\" ><!--<a href=\"https:\/\/bit.ly\/3QdrqTZ\" target=\"_blank\">\n<img src=\"https:\/\/justicapotiguar.com.br\/wp-content\/uploads\/2023\/09\/mobile-geral.gif\"\/><a\/>--><\/div><style type=\"text\/css\">\r\n.mzgvu69f21deb85f85 {\r\ntext-align: center;\r\n}\r\n@media screen and (min-width: 1201px) {\r\n.mzgvu69f21deb85f85 {\r\ndisplay: none;\r\n}\r\n}\r\n@media screen and (min-width: 993px) and (max-width: 1200px) {\r\n.mzgvu69f21deb85f85 {\r\ndisplay: none;\r\n}\r\n}\r\n@media screen and (min-width: 769px) and (max-width: 992px) {\r\n.mzgvu69f21deb85f85 {\r\ndisplay: none;\r\n}\r\n}\r\n@media screen and (min-width: 768px) and (max-width: 768px) {\r\n.mzgvu69f21deb85f85 {\r\ndisplay: block;\r\n}\r\n}\r\n@media screen and (max-width: 767px) {\r\n.mzgvu69f21deb85f85 {\r\ndisplay: block;\r\n}\r\n}\r\n<\/style>\r\n<div class=\"scysf69f21deb85f6d\" ><!--<a href=\"https:\/\/bit.ly\/3QdrqTZ\" target=\"_blank\">\n<img src=\"https:\/\/justicapotiguar.com.br\/wp-content\/uploads\/2023\/09\/desktop-geral.gif\"\/><a\/>--><\/div><style type=\"text\/css\">\r\n.scysf69f21deb85f6d {\r\ntext-align: center;\nmargin-bottom: 1em;\r\n}\r\n@media screen and (min-width: 1201px) {\r\n.scysf69f21deb85f6d {\r\ndisplay: block;\r\n}\r\n}\r\n@media screen and (min-width: 993px) and (max-width: 1200px) {\r\n.scysf69f21deb85f6d {\r\ndisplay: block;\r\n}\r\n}\r\n@media screen and (min-width: 769px) and (max-width: 992px) {\r\n.scysf69f21deb85f6d {\r\ndisplay: block;\r\n}\r\n}\r\n@media screen and (min-width: 768px) and (max-width: 768px) {\r\n.scysf69f21deb85f6d {\r\ndisplay: none;\r\n}\r\n}\r\n@media screen and (max-width: 767px) {\r\n.scysf69f21deb85f6d {\r\ndisplay: none;\r\n}\r\n}\r\n<\/style>\r\n\n\n\n\n<p>A assessoria do TCU afirmou que M\u00facio informou ao Congresso e ao Pal\u00e1cio do Planalto que solicitou a tomada de provid\u00eancias necess\u00e1rias para que sua aposentadoria ocorra&nbsp;em 31 de dezembro de 2020. Com a sa\u00edda, a ministra Ana Arraes assumir\u00e1 a presid\u00eancia do tribunal.&nbsp;<\/p>\n\n\n\n<p><strong>Clique\u00a0<a rel=\"noreferrer noopener\" href=\"https:\/\/www.conjur.com.br\/dl\/bolsonaro-indica-pm-reserva-jorge.pdf\" target=\"_blank\">aqui<\/a>\u00a0para ler a indica\u00e7\u00e3o<br>Despacho Presidencial 579<\/strong><\/p>\n\n\n\n<p>Conjur<\/p>\n","protected":false},"excerpt":{"rendered":"<p>O presidente Jair Bolsonaro indicou Jorge Oliveira, atual Secret\u00e1rio-Geral da Presid\u00eancia, para o cargo de ministro do Tribunal de Contas da Uni\u00e3o. A indica\u00e7\u00e3o foi publicada no&nbsp;Di\u00e1rio Oficial da Uni\u00e3o&nbsp;desta quinta-feira (8\/10).&nbsp; Oliveira tem 45 anos, \u00e9 policial militar da reserva do Distrito Federal, formado em Direito e um dos ministros mais pr\u00f3ximos de Bolsonaro.<br \/><a class=\"more-link\" href=\"https:\/\/justicapotiguar.com.br\/index.php\/2020\/10\/08\/bolsonaro-indica-jorge-oliveira-para-cargo-de-ministro-do-tcu\/\">Mais&#8230;<\/a><\/p>\n","protected":false},"author":5,"featured_media":10049,"comment_status":"open","ping_status":"open","sticky":false,"template":"","format":"standard","meta":[],"categories":[3],"tags":[],"_links":{"self":[{"href":"https:\/\/justicapotiguar.com.br\/index.php\/wp-json\/wp\/v2\/posts\/13689"}],"collection":[{"href":"https:\/\/justicapotiguar.com.br\/index.php\/wp-json\/wp\/v2\/posts"}],"about":[{"href":"https:\/\/justicapotiguar.com.br\/index.php\/wp-json\/wp\/v2\/types\/post"}],"author":[{"embeddable":true,"href":"https:\/\/justicapotiguar.com.br\/index.php\/wp-json\/wp\/v2\/users\/5"}],"replies":[{"embeddable":true,"href":"https:\/\/justicapotiguar.com.br\/index.php\/wp-json\/wp\/v2\/comments?post=13689"}],"version-history":[{"count":1,"href":"https:\/\/justicapotiguar.com.br\/index.php\/wp-json\/wp\/v2\/posts\/13689\/revisions"}],"predecessor-version":[{"id":13690,"href":"https:\/\/justicapotiguar.com.br\/index.php\/wp-json\/wp\/v2\/posts\/13689\/revisions\/13690"}],"wp:featuredmedia":[{"embeddable":true,"href":"https:\/\/justicapotiguar.com.br\/index.php\/wp-json\/wp\/v2\/media\/10049"}],"wp:attachment":[{"href":"https:\/\/justicapotiguar.com.br\/index.php\/wp-json\/wp\/v2\/media?parent=13689"}],"wp:term":[{"taxonomy":"category","embeddable":true,"href":"https:\/\/justicapotiguar.com.br\/index.php\/wp-json\/wp\/v2\/categories?post=13689"},{"taxonomy":"post_tag","embeddable":true,"href":"https:\/\/justicapotiguar.com.br\/index.php\/wp-json\/wp\/v2\/tags?post=13689"}],"curies":[{"name":"wp","href":"https:\/\/api.w.org\/{rel}","templated":true}]}}