{"id":13681,"date":"2020-10-08T08:28:25","date_gmt":"2020-10-08T11:28:25","guid":{"rendered":"https:\/\/justicapotiguar.com.br\/?p=13681"},"modified":"2020-10-07T23:09:54","modified_gmt":"2020-10-08T02:09:54","slug":"promotor-e-denunciado-pelo-mpf-por-abuso-de-autoridade-ao-dar-voz-de-prisao-a-advogado-e-pagara-r-10-mil","status":"publish","type":"post","link":"https:\/\/justicapotiguar.com.br\/index.php\/2020\/10\/08\/promotor-e-denunciado-pelo-mpf-por-abuso-de-autoridade-ao-dar-voz-de-prisao-a-advogado-e-pagara-r-10-mil\/","title":{"rendered":"Promotor \u00e9 denunciado pelo MPF por abuso de autoridade ao dar voz de pris\u00e3o a advogado e pagar\u00e1 R$ 10 mil"},"content":{"rendered":"\n<p>O\u00a0<a href=\"https:\/\/epoca.globo.com\/guilherme-amado\/alvo-do-mpf-deputado-ja-entregou-taca-moro-por-combate-corrupcao-24643301\">Minist\u00e9rio P\u00fablico Federal<\/a>\u00a0denunciou o promotor Marcelo Vilela Tannus Filho, que deu voz de pris\u00e3o a um advogado durante uma audi\u00eancia, no ano passado.<\/p>\n\n\n\n<figure class=\"wp-block-image\"><img loading=\"lazy\" width=\"800\" height=\"519\" src=\"https:\/\/justicapotiguar.com.br\/wp-content\/uploads\/2019\/08\/Lei-Abuso-Autoridade.png\" alt=\"\" class=\"wp-image-1004\" srcset=\"https:\/\/justicapotiguar.com.br\/wp-content\/uploads\/2019\/08\/Lei-Abuso-Autoridade.png 800w, https:\/\/justicapotiguar.com.br\/wp-content\/uploads\/2019\/08\/Lei-Abuso-Autoridade-300x195.png 300w, https:\/\/justicapotiguar.com.br\/wp-content\/uploads\/2019\/08\/Lei-Abuso-Autoridade-768x498.png 768w\" sizes=\"(max-width: 800px) 100vw, 800px\" \/><figcaption>Ilustrativa<\/figcaption><\/figure>\n\n\n\n<p>A den\u00fancia, resultado de a\u00e7\u00e3o da OAB do Distrito Federal, \u00e9 assinada pela procuradora regional Raquel Branquinho. Tannus Filho foi denunciado pelo crime de abuso de autoridade e pagou R$ 10 mil em um acordo.<\/p>\n\n\n\n<p>Em abril do ano passado, Tannus Filho deu voz de pris\u00e3o ao advogado Alisson Pereira do Roz\u00e1rio, em uma audi\u00eancia da 3\u00aa Vara Criminal de Ceil\u00e2ndia, no Distrito Federal.<\/p>\n\n\n\n<p>O promotor havia solicitado \u00e0 ju\u00edza da sess\u00e3o que desse voz de pris\u00e3o ao defensor por desacato.<\/p>\n\n\n\n<p>A magistrada rejeitou o pleito. Ent\u00e3o, o promotor pediu a condu\u00e7\u00e3o do advogado a uma delegacia.<\/p><div class=\"puuop69f20ea0b0637\" ><!--<a href=\"https:\/\/bit.ly\/3QdrqTZ\" target=\"_blank\">\n<img src=\"https:\/\/justicapotiguar.com.br\/wp-content\/uploads\/2023\/09\/mobile-geral.gif\"\/><a\/>--><\/div><style type=\"text\/css\">\r\n.puuop69f20ea0b0637 {\r\ntext-align: center;\r\n}\r\n@media screen and (min-width: 1201px) {\r\n.puuop69f20ea0b0637 {\r\ndisplay: none;\r\n}\r\n}\r\n@media screen and (min-width: 993px) and (max-width: 1200px) {\r\n.puuop69f20ea0b0637 {\r\ndisplay: none;\r\n}\r\n}\r\n@media screen and (min-width: 769px) and (max-width: 992px) {\r\n.puuop69f20ea0b0637 {\r\ndisplay: none;\r\n}\r\n}\r\n@media screen and (min-width: 768px) and (max-width: 768px) {\r\n.puuop69f20ea0b0637 {\r\ndisplay: block;\r\n}\r\n}\r\n@media screen and (max-width: 767px) {\r\n.puuop69f20ea0b0637 {\r\ndisplay: block;\r\n}\r\n}\r\n<\/style>\r\n<div class=\"rjeuw69f20ea0b0620\" ><!--<a href=\"https:\/\/bit.ly\/3QdrqTZ\" target=\"_blank\">\n<img src=\"https:\/\/justicapotiguar.com.br\/wp-content\/uploads\/2023\/09\/desktop-geral.gif\"\/><a\/>--><\/div><style type=\"text\/css\">\r\n.rjeuw69f20ea0b0620 {\r\ntext-align: center;\nmargin-bottom: 1em;\r\n}\r\n@media screen and (min-width: 1201px) {\r\n.rjeuw69f20ea0b0620 {\r\ndisplay: block;\r\n}\r\n}\r\n@media screen and (min-width: 993px) and (max-width: 1200px) {\r\n.rjeuw69f20ea0b0620 {\r\ndisplay: block;\r\n}\r\n}\r\n@media screen and (min-width: 769px) and (max-width: 992px) {\r\n.rjeuw69f20ea0b0620 {\r\ndisplay: block;\r\n}\r\n}\r\n@media screen and (min-width: 768px) and (max-width: 768px) {\r\n.rjeuw69f20ea0b0620 {\r\ndisplay: none;\r\n}\r\n}\r\n@media screen and (max-width: 767px) {\r\n.rjeuw69f20ea0b0620 {\r\ndisplay: none;\r\n}\r\n}\r\n<\/style>\r\n\n\n\n\n<p>\u201cEsse caso \u00e9 um dos maiores absurdos que j\u00e1 se noticiou em casos de abuso de autoridade, pois se deu no meio de uma audi\u00eancia, no exerc\u00edcio das fun\u00e7\u00f5es\u201d, afirmou D\u00e9lio Lins e Silva Jr, presidente da OAB no DF.<\/p>\n\n\n\n<p>Confira den\u00fancia<\/p>\n\n\n\n<div class=\"wp-block-file\"><a href=\"https:\/\/justicapotiguar.com.br\/wp-content\/uploads\/2020\/10\/Denu\u0301ncia.pdf\">Denu\u0301ncia<\/a><a href=\"https:\/\/justicapotiguar.com.br\/wp-content\/uploads\/2020\/10\/Denu\u0301ncia.pdf\" class=\"wp-block-file__button\" download>Baixar<\/a><\/div>\n\n\n\n<p>\u00c9poca<\/p>\n\n\n\n<p><br><\/p>\n","protected":false},"excerpt":{"rendered":"<p>O\u00a0Minist\u00e9rio P\u00fablico Federal\u00a0denunciou o promotor Marcelo Vilela Tannus Filho, que deu voz de pris\u00e3o a um advogado durante uma audi\u00eancia, no ano passado. A den\u00fancia, resultado de a\u00e7\u00e3o da OAB do Distrito Federal, \u00e9 assinada pela procuradora regional Raquel Branquinho. Tannus Filho foi denunciado pelo crime de abuso de autoridade e pagou R$ 10 mil<br \/><a class=\"more-link\" href=\"https:\/\/justicapotiguar.com.br\/index.php\/2020\/10\/08\/promotor-e-denunciado-pelo-mpf-por-abuso-de-autoridade-ao-dar-voz-de-prisao-a-advogado-e-pagara-r-10-mil\/\">Mais&#8230;<\/a><\/p>\n","protected":false},"author":5,"featured_media":1004,"comment_status":"open","ping_status":"open","sticky":false,"template":"","format":"standard","meta":[],"categories":[3],"tags":[],"_links":{"self":[{"href":"https:\/\/justicapotiguar.com.br\/index.php\/wp-json\/wp\/v2\/posts\/13681"}],"collection":[{"href":"https:\/\/justicapotiguar.com.br\/index.php\/wp-json\/wp\/v2\/posts"}],"about":[{"href":"https:\/\/justicapotiguar.com.br\/index.php\/wp-json\/wp\/v2\/types\/post"}],"author":[{"embeddable":true,"href":"https:\/\/justicapotiguar.com.br\/index.php\/wp-json\/wp\/v2\/users\/5"}],"replies":[{"embeddable":true,"href":"https:\/\/justicapotiguar.com.br\/index.php\/wp-json\/wp\/v2\/comments?post=13681"}],"version-history":[{"count":1,"href":"https:\/\/justicapotiguar.com.br\/index.php\/wp-json\/wp\/v2\/posts\/13681\/revisions"}],"predecessor-version":[{"id":13683,"href":"https:\/\/justicapotiguar.com.br\/index.php\/wp-json\/wp\/v2\/posts\/13681\/revisions\/13683"}],"wp:featuredmedia":[{"embeddable":true,"href":"https:\/\/justicapotiguar.com.br\/index.php\/wp-json\/wp\/v2\/media\/1004"}],"wp:attachment":[{"href":"https:\/\/justicapotiguar.com.br\/index.php\/wp-json\/wp\/v2\/media?parent=13681"}],"wp:term":[{"taxonomy":"category","embeddable":true,"href":"https:\/\/justicapotiguar.com.br\/index.php\/wp-json\/wp\/v2\/categories?post=13681"},{"taxonomy":"post_tag","embeddable":true,"href":"https:\/\/justicapotiguar.com.br\/index.php\/wp-json\/wp\/v2\/tags?post=13681"}],"curies":[{"name":"wp","href":"https:\/\/api.w.org\/{rel}","templated":true}]}}