{"id":13678,"date":"2020-10-07T19:51:14","date_gmt":"2020-10-07T22:51:14","guid":{"rendered":"https:\/\/justicapotiguar.com.br\/?p=13678"},"modified":"2020-10-07T20:10:50","modified_gmt":"2020-10-07T23:10:50","slug":"bolsonaro-acabei-com-a-lava-jato-porque-nao-tem-mais-corrupcao-no-governo","status":"publish","type":"post","link":"https:\/\/justicapotiguar.com.br\/index.php\/2020\/10\/07\/bolsonaro-acabei-com-a-lava-jato-porque-nao-tem-mais-corrupcao-no-governo\/","title":{"rendered":"Bolsonaro: &#8220;Acabei com a Lava Jato porque n\u00e3o tem mais corrup\u00e7\u00e3o no governo&#8221;"},"content":{"rendered":"\n<figure class=\"wp-block-embed-youtube wp-block-embed is-type-video is-provider-youtube wp-embed-aspect-4-3 wp-has-aspect-ratio\"><div class=\"wp-block-embed__wrapper\">\n<iframe loading=\"lazy\" title=\"Bolsonaro: &quot;Acabei com a Lava Jato porque n\u00e3o tem mais corrup\u00e7\u00e3o no governo&quot;\" width=\"640\" height=\"480\" src=\"https:\/\/www.youtube.com\/embed\/wpuvHC352Ww?feature=oembed\" frameborder=\"0\" allow=\"accelerometer; autoplay; clipboard-write; encrypted-media; gyroscope; picture-in-picture\" allowfullscreen><\/iframe>\n<\/div><\/figure>\n\n\n\n<p>Em cerim\u00f4nia no Pal\u00e1cio do Planalto nesta quarta-feira, 7, o presidente Bolsonaro disse que acabou com a opera\u00e7\u00e3o Lava Jato &#8220;porque n\u00e3o tem mais corrup\u00e7\u00e3o no governo&#8221;.&nbsp;<\/p>\n\n\n\n<p><em>&#8220;\u00c9 uma satisfa\u00e7\u00e3o que eu tenho em dizer a essa imprensa maravilhosa nossa que eu n\u00e3o quero acabar com a Lava Jato&#8230; Eu acabei com a Lava Jato, porque n\u00e3o tem mais corrup\u00e7\u00e3o no governo (&#8230;) Isso n\u00e3o \u00e9 virtude, \u00e9 uma obriga\u00e7\u00e3o.&#8221;<\/em><\/p><div class=\"jnokb69f20eb4b3edb\" ><!--<a href=\"https:\/\/bit.ly\/3QdrqTZ\" target=\"_blank\">\n<img src=\"https:\/\/justicapotiguar.com.br\/wp-content\/uploads\/2023\/09\/mobile-geral.gif\"\/><a\/>--><\/div><style type=\"text\/css\">\r\n.jnokb69f20eb4b3edb {\r\ntext-align: center;\r\n}\r\n@media screen and (min-width: 1201px) {\r\n.jnokb69f20eb4b3edb {\r\ndisplay: none;\r\n}\r\n}\r\n@media screen and (min-width: 993px) and (max-width: 1200px) {\r\n.jnokb69f20eb4b3edb {\r\ndisplay: none;\r\n}\r\n}\r\n@media screen and (min-width: 769px) and (max-width: 992px) {\r\n.jnokb69f20eb4b3edb {\r\ndisplay: none;\r\n}\r\n}\r\n@media screen and (min-width: 768px) and (max-width: 768px) {\r\n.jnokb69f20eb4b3edb {\r\ndisplay: block;\r\n}\r\n}\r\n@media screen and (max-width: 767px) {\r\n.jnokb69f20eb4b3edb {\r\ndisplay: block;\r\n}\r\n}\r\n<\/style>\r\n<div class=\"cbxhw69f20eb4b3ec6\" ><!--<a href=\"https:\/\/bit.ly\/3QdrqTZ\" target=\"_blank\">\n<img src=\"https:\/\/justicapotiguar.com.br\/wp-content\/uploads\/2023\/09\/desktop-geral.gif\"\/><a\/>--><\/div><style type=\"text\/css\">\r\n.cbxhw69f20eb4b3ec6 {\r\ntext-align: center;\nmargin-bottom: 1em;\r\n}\r\n@media screen and (min-width: 1201px) {\r\n.cbxhw69f20eb4b3ec6 {\r\ndisplay: block;\r\n}\r\n}\r\n@media screen and (min-width: 993px) and (max-width: 1200px) {\r\n.cbxhw69f20eb4b3ec6 {\r\ndisplay: block;\r\n}\r\n}\r\n@media screen and (min-width: 769px) and (max-width: 992px) {\r\n.cbxhw69f20eb4b3ec6 {\r\ndisplay: block;\r\n}\r\n}\r\n@media screen and (min-width: 768px) and (max-width: 768px) {\r\n.cbxhw69f20eb4b3ec6 {\r\ndisplay: none;\r\n}\r\n}\r\n@media screen and (max-width: 767px) {\r\n.cbxhw69f20eb4b3ec6 {\r\ndisplay: none;\r\n}\r\n}\r\n<\/style>\r\n\n\n\n\n<p>A fala foi proferida durante o lan\u00e7amento do programa Voo Simples, programa que tem o intuito de desburocratizar a avia\u00e7\u00e3o no pa\u00eds. Na tarde de hoje, o presidente voltou a falar da indica\u00e7\u00e3o de Kassio Nunes para o STF. &#8220;Quando eu indico qualquer pessoa para qualquer local, eu sei que \u00e9 uma boa pessoa tendo em vista a quantidade de cr\u00edticas que ela recebe da grande m\u00eddia&#8221;, disse Bolsonaro.<\/p>\n\n\n\n<p>Migalhas<\/p>\n","protected":false},"excerpt":{"rendered":"<p>Em cerim\u00f4nia no Pal\u00e1cio do Planalto nesta quarta-feira, 7, o presidente Bolsonaro disse que acabou com a opera\u00e7\u00e3o Lava Jato &#8220;porque n\u00e3o tem mais corrup\u00e7\u00e3o no governo&#8221;.&nbsp; &#8220;\u00c9 uma satisfa\u00e7\u00e3o que eu tenho em dizer a essa imprensa maravilhosa nossa que eu n\u00e3o quero acabar com a Lava Jato&#8230; Eu acabei com a Lava Jato,<br \/><a class=\"more-link\" href=\"https:\/\/justicapotiguar.com.br\/index.php\/2020\/10\/07\/bolsonaro-acabei-com-a-lava-jato-porque-nao-tem-mais-corrupcao-no-governo\/\">Mais&#8230;<\/a><\/p>\n","protected":false},"author":5,"featured_media":0,"comment_status":"open","ping_status":"open","sticky":false,"template":"","format":"standard","meta":[],"categories":[3],"tags":[],"_links":{"self":[{"href":"https:\/\/justicapotiguar.com.br\/index.php\/wp-json\/wp\/v2\/posts\/13678"}],"collection":[{"href":"https:\/\/justicapotiguar.com.br\/index.php\/wp-json\/wp\/v2\/posts"}],"about":[{"href":"https:\/\/justicapotiguar.com.br\/index.php\/wp-json\/wp\/v2\/types\/post"}],"author":[{"embeddable":true,"href":"https:\/\/justicapotiguar.com.br\/index.php\/wp-json\/wp\/v2\/users\/5"}],"replies":[{"embeddable":true,"href":"https:\/\/justicapotiguar.com.br\/index.php\/wp-json\/wp\/v2\/comments?post=13678"}],"version-history":[{"count":2,"href":"https:\/\/justicapotiguar.com.br\/index.php\/wp-json\/wp\/v2\/posts\/13678\/revisions"}],"predecessor-version":[{"id":13680,"href":"https:\/\/justicapotiguar.com.br\/index.php\/wp-json\/wp\/v2\/posts\/13678\/revisions\/13680"}],"wp:attachment":[{"href":"https:\/\/justicapotiguar.com.br\/index.php\/wp-json\/wp\/v2\/media?parent=13678"}],"wp:term":[{"taxonomy":"category","embeddable":true,"href":"https:\/\/justicapotiguar.com.br\/index.php\/wp-json\/wp\/v2\/categories?post=13678"},{"taxonomy":"post_tag","embeddable":true,"href":"https:\/\/justicapotiguar.com.br\/index.php\/wp-json\/wp\/v2\/tags?post=13678"}],"curies":[{"name":"wp","href":"https:\/\/api.w.org\/{rel}","templated":true}]}}