{"id":13676,"date":"2020-10-08T09:08:19","date_gmt":"2020-10-08T12:08:19","guid":{"rendered":"https:\/\/justicapotiguar.com.br\/?p=13676"},"modified":"2020-10-07T23:10:17","modified_gmt":"2020-10-08T02:10:17","slug":"corregedor-afirma-que-o-tre-nao-ira-tolerar-excessos-nas-eleicoes-no-rn","status":"publish","type":"post","link":"https:\/\/justicapotiguar.com.br\/index.php\/2020\/10\/08\/corregedor-afirma-que-o-tre-nao-ira-tolerar-excessos-nas-eleicoes-no-rn\/","title":{"rendered":"Corregedor afirma que o TRE n\u00e3o ir\u00e1 tolerar excessos nas Elei\u00e7\u00f5es no RN"},"content":{"rendered":"\n<p>\u201cA Justi\u00e7a Eleitoral ir\u00e1 aplicar com dureza a lei e n\u00f3s vamos ter elei\u00e7\u00f5es tranquilas no Rio Grande do Norte. Esperamos a colabora\u00e7\u00e3o dos pol\u00edticos e de todas as pessoas envolvidas para que a manifesta\u00e7\u00e3o do cidad\u00e3o possa se realizar com tranquilidade\u201d, afirmou o Corregedor Regional Eleitoral, Desembargador Claudio Santos, em reuni\u00e3o realizada na tarde de hoje (07), no pr\u00e9dio-sede do Tribunal Regional Eleitoral (TRE-RN), com o objetivo de tratar de graves incidentes de viol\u00eancia ocorridos em manifesta\u00e7\u00f5es pol\u00edticas no munic\u00edpio de Pedro Velho. O corregedor enfatizou que \u201ca Justi\u00e7a n\u00e3o vai tolerar nenhum excesso\u201d.\u00a0<br><\/p>\n\n\n\n<figure class=\"wp-block-image\"><img loading=\"lazy\" width=\"414\" height=\"263\" src=\"https:\/\/justicapotiguar.com.br\/wp-content\/uploads\/2020\/09\/claudio-santos.jpeg\" alt=\"\" class=\"wp-image-13114\" srcset=\"https:\/\/justicapotiguar.com.br\/wp-content\/uploads\/2020\/09\/claudio-santos.jpeg 414w, https:\/\/justicapotiguar.com.br\/wp-content\/uploads\/2020\/09\/claudio-santos-300x191.jpeg 300w\" sizes=\"(max-width: 414px) 100vw, 414px\" \/><figcaption>Reprodu\u00e7\u00e3o TRE<\/figcaption><\/figure>\n\n\n\n<p>Para discutir o assunto, o Corregedor reuniu-se com o Procurador Eleitoral, Ronaldo Chaves, a ju\u00edza da 11\u00aa Zona Eleitoral, Daniela Cosmo; o secret\u00e1rio de Seguran\u00e7a P\u00fablica do Rio Grande do Norte, Coronel Ara\u00fajo; o comandante da Pol\u00edcia Militar, Coronel Alarico; o diretor da Pol\u00edcia Civil no interior, Delegado In\u00e1cio Rodrigues e representantes da comarca de Pedro Velho, a ju\u00edza Deonita Antunes e o promotor Clayton Barreto.\u00a0<\/p>\n\n\n\n<p><br>Na ocasi\u00e3o, o Desembargador Cl\u00e1udio Santos falou sobre a preocupa\u00e7\u00e3o da Justi\u00e7a Eleitoral com o fato ocorrido em Pedro Velho. \u201cTrouxemos as for\u00e7as da Justi\u00e7a, Minist\u00e9rio P\u00fablico e da Pol\u00edcia para que n\u00f3s possamos refrear esse fato de maneira exemplar, did\u00e1tica e pedag\u00f3gica para que outros casos violentos n\u00e3o possam acontecer durante as elei\u00e7\u00f5es\u201d, enfatizou o Corregedor Eleitoral.\u00a0<br><\/p>\n\n\n\n<p>A ju\u00edza Deonita Antunes manifestou preocupa\u00e7\u00e3o com atos locais de viol\u00eancia e disse que a reuni\u00e3o era um momento muito importante para garantir que o direito do cidad\u00e3o seja garantido, no que diz respeito \u00e0 manifesta\u00e7\u00e3o e ao voto. Em Pedro Velho, ocorreram duas mortes durante atos de campanha, na \u00faltima segunda (05), que est\u00e3o sendo investigadas pela pol\u00edcia.\u00a0<\/p><div class=\"vrlzm69f20e8bb5c2a\" ><!--<a href=\"https:\/\/bit.ly\/3QdrqTZ\" target=\"_blank\">\n<img src=\"https:\/\/justicapotiguar.com.br\/wp-content\/uploads\/2023\/09\/mobile-geral.gif\"\/><a\/>--><\/div><style type=\"text\/css\">\r\n.vrlzm69f20e8bb5c2a {\r\ntext-align: center;\r\n}\r\n@media screen and (min-width: 1201px) {\r\n.vrlzm69f20e8bb5c2a {\r\ndisplay: none;\r\n}\r\n}\r\n@media screen and (min-width: 993px) and (max-width: 1200px) {\r\n.vrlzm69f20e8bb5c2a {\r\ndisplay: none;\r\n}\r\n}\r\n@media screen and (min-width: 769px) and (max-width: 992px) {\r\n.vrlzm69f20e8bb5c2a {\r\ndisplay: none;\r\n}\r\n}\r\n@media screen and (min-width: 768px) and (max-width: 768px) {\r\n.vrlzm69f20e8bb5c2a {\r\ndisplay: block;\r\n}\r\n}\r\n@media screen and (max-width: 767px) {\r\n.vrlzm69f20e8bb5c2a {\r\ndisplay: block;\r\n}\r\n}\r\n<\/style>\r\n<div class=\"zwftc69f20e8bb5c11\" ><!--<a href=\"https:\/\/bit.ly\/3QdrqTZ\" target=\"_blank\">\n<img src=\"https:\/\/justicapotiguar.com.br\/wp-content\/uploads\/2023\/09\/desktop-geral.gif\"\/><a\/>--><\/div><style type=\"text\/css\">\r\n.zwftc69f20e8bb5c11 {\r\ntext-align: center;\nmargin-bottom: 1em;\r\n}\r\n@media screen and (min-width: 1201px) {\r\n.zwftc69f20e8bb5c11 {\r\ndisplay: block;\r\n}\r\n}\r\n@media screen and (min-width: 993px) and (max-width: 1200px) {\r\n.zwftc69f20e8bb5c11 {\r\ndisplay: block;\r\n}\r\n}\r\n@media screen and (min-width: 769px) and (max-width: 992px) {\r\n.zwftc69f20e8bb5c11 {\r\ndisplay: block;\r\n}\r\n}\r\n@media screen and (min-width: 768px) and (max-width: 768px) {\r\n.zwftc69f20e8bb5c11 {\r\ndisplay: none;\r\n}\r\n}\r\n@media screen and (max-width: 767px) {\r\n.zwftc69f20e8bb5c11 {\r\ndisplay: none;\r\n}\r\n}\r\n<\/style>\r\n\n\n\n\n<p><br>O Procurador Regional Eleitoral, Ronaldo Chaves, afirmou que ir\u00e1 publicar uma recomenda\u00e7\u00e3o para que os partidos pol\u00edticos comuniquem \u00e0s for\u00e7as de seguran\u00e7a a realiza\u00e7\u00e3o de eventos. \u201cOs promotores v\u00e3o recomendar novamente aos partidos e candidatos para que se fa\u00e7a uma comunica\u00e7\u00e3o pr\u00e9via \u00e0s for\u00e7as de seguran\u00e7a, como determina a Legisla\u00e7\u00e3o Eleitoral, sobre a realiza\u00e7\u00e3o de eventos, como com\u00edcios, carreatas e passeatas. A partir disso, a Pol\u00edcia Rodovi\u00e1ria Federal ou a Pol\u00edcia Militar podem organizar e ordenar o tr\u00e2nsito e a seguran\u00e7a da popula\u00e7\u00e3o\u201d, disse.<\/p>\n\n\n\n<p><br>Durante a reuni\u00e3o, o Desembargador Cl\u00e1udio Santos orientou que houvesse um refor\u00e7o das a\u00e7\u00f5es policiais antes de qualquer evento pol\u00edtico. O secret\u00e1rio de Seguran\u00e7a P\u00fablica, Coronel Ara\u00fajo, falou sobre a ajuda que os partidos pol\u00edticos podem dar \u00e0s for\u00e7as de seguran\u00e7a e como a pol\u00edcia ir\u00e1 refor\u00e7ar as a\u00e7\u00f5es.<\/p>\n\n\n\n<p> \u201cOs partidos pol\u00edticos t\u00eam que cumprir a lei eleitoral e comunicar de forma pr\u00e9via \u00e0s for\u00e7as de seguran\u00e7a p\u00fablica, quando for realizar algum evento\u201d, disse, acrescentando que o \u201crefor\u00e7o policial s\u00e3o opera\u00e7\u00f5es antes de qualquer evento pol\u00edtico justamente se encontrar algu\u00e9m portando arma de fogo, essas pessoas ser\u00e3o conduzidas \u00e0 delegacia\u201d, conclui.<\/p>\n","protected":false},"excerpt":{"rendered":"<p>\u201cA Justi\u00e7a Eleitoral ir\u00e1 aplicar com dureza a lei e n\u00f3s vamos ter elei\u00e7\u00f5es tranquilas no Rio Grande do Norte. Esperamos a colabora\u00e7\u00e3o dos pol\u00edticos e de todas as pessoas envolvidas para que a manifesta\u00e7\u00e3o do cidad\u00e3o possa se realizar com tranquilidade\u201d, afirmou o Corregedor Regional Eleitoral, Desembargador Claudio Santos, em reuni\u00e3o realizada na tarde<br \/><a class=\"more-link\" href=\"https:\/\/justicapotiguar.com.br\/index.php\/2020\/10\/08\/corregedor-afirma-que-o-tre-nao-ira-tolerar-excessos-nas-eleicoes-no-rn\/\">Mais&#8230;<\/a><\/p>\n","protected":false},"author":5,"featured_media":13114,"comment_status":"open","ping_status":"open","sticky":false,"template":"","format":"standard","meta":[],"categories":[3],"tags":[],"_links":{"self":[{"href":"https:\/\/justicapotiguar.com.br\/index.php\/wp-json\/wp\/v2\/posts\/13676"}],"collection":[{"href":"https:\/\/justicapotiguar.com.br\/index.php\/wp-json\/wp\/v2\/posts"}],"about":[{"href":"https:\/\/justicapotiguar.com.br\/index.php\/wp-json\/wp\/v2\/types\/post"}],"author":[{"embeddable":true,"href":"https:\/\/justicapotiguar.com.br\/index.php\/wp-json\/wp\/v2\/users\/5"}],"replies":[{"embeddable":true,"href":"https:\/\/justicapotiguar.com.br\/index.php\/wp-json\/wp\/v2\/comments?post=13676"}],"version-history":[{"count":1,"href":"https:\/\/justicapotiguar.com.br\/index.php\/wp-json\/wp\/v2\/posts\/13676\/revisions"}],"predecessor-version":[{"id":13677,"href":"https:\/\/justicapotiguar.com.br\/index.php\/wp-json\/wp\/v2\/posts\/13676\/revisions\/13677"}],"wp:featuredmedia":[{"embeddable":true,"href":"https:\/\/justicapotiguar.com.br\/index.php\/wp-json\/wp\/v2\/media\/13114"}],"wp:attachment":[{"href":"https:\/\/justicapotiguar.com.br\/index.php\/wp-json\/wp\/v2\/media?parent=13676"}],"wp:term":[{"taxonomy":"category","embeddable":true,"href":"https:\/\/justicapotiguar.com.br\/index.php\/wp-json\/wp\/v2\/categories?post=13676"},{"taxonomy":"post_tag","embeddable":true,"href":"https:\/\/justicapotiguar.com.br\/index.php\/wp-json\/wp\/v2\/tags?post=13676"}],"curies":[{"name":"wp","href":"https:\/\/api.w.org\/{rel}","templated":true}]}}