{"id":13671,"date":"2020-10-07T19:14:54","date_gmt":"2020-10-07T22:14:54","guid":{"rendered":"https:\/\/justicapotiguar.com.br\/?p=13671"},"modified":"2020-10-07T19:17:13","modified_gmt":"2020-10-07T22:17:13","slug":"stf-decide-que-acoes-penais-incluindo-as-da-lava-jato-devem-ser-analisadas-no-plenario","status":"publish","type":"post","link":"https:\/\/justicapotiguar.com.br\/index.php\/2020\/10\/07\/stf-decide-que-acoes-penais-incluindo-as-da-lava-jato-devem-ser-analisadas-no-plenario\/","title":{"rendered":"STF decide que a\u00e7\u00f5es penais, incluindo as da Lava-Jato, devem ser analisadas no plen\u00e1rio"},"content":{"rendered":"\n<p>O Supremo Tribunal Federal (STF) decidiu, nesta quarta-feira (7\/10), que as a\u00e7\u00f5es penais devem sair da an\u00e1lise das turmas e retornar ao plen\u00e1rio da Corte, para an\u00e1lise dos 11 ministros. Entre elas, est\u00e3o as da Lava-Jato, que, at\u00e9 ent\u00e3o, eram avaliadas pela Segunda Turma da Corte, onde est\u00e1 o ministro Celso de Mello. Ele se aposenta no pr\u00f3ximo dia 13 e, no lugar dele, o presidente Jair Bolsonaro indicou o desembargador Kassio Nunes Marques, do Tribunal Regional Federal da 1\u00aa Regi\u00e3o (TRF-1).<\/p>\n\n\n\n<figure class=\"wp-block-image\"><img loading=\"lazy\" width=\"680\" height=\"453\" src=\"https:\/\/justicapotiguar.com.br\/wp-content\/uploads\/2020\/09\/stf-2.gif\" alt=\"\" class=\"wp-image-12735\"\/><figcaption>Reprodu\u00e7\u00e3o<\/figcaption><\/figure>\n\n\n\n<p>Nos \u00faltimos tempos, Celso de Mello esteve ausente da turma, devido a problemas de sa\u00fade. Com isso, os julgamentos relacionados \u00e0 Lava-Jato ficavam empatados, o que favorece os r\u00e9us. Em agosto, por exemplo, ap\u00f3s um empate, o colegiado anulou a condena\u00e7\u00e3o do doleiro Paulo Roberto Krug, no caso do suposto esquema de fraude no antigo Banco do Estado do Paran\u00e1 (Banestado), ap\u00f3s a defesa apontar parcialidade do ent\u00e3o juiz federal Sergio Moro.<\/p><div class=\"bqvep69f20ee83b184\" ><!--<a href=\"https:\/\/bit.ly\/3QdrqTZ\" target=\"_blank\">\n<img src=\"https:\/\/justicapotiguar.com.br\/wp-content\/uploads\/2023\/09\/mobile-geral.gif\"\/><a\/>--><\/div><style type=\"text\/css\">\r\n.bqvep69f20ee83b184 {\r\ntext-align: center;\r\n}\r\n@media screen and (min-width: 1201px) {\r\n.bqvep69f20ee83b184 {\r\ndisplay: none;\r\n}\r\n}\r\n@media screen and (min-width: 993px) and (max-width: 1200px) {\r\n.bqvep69f20ee83b184 {\r\ndisplay: none;\r\n}\r\n}\r\n@media screen and (min-width: 769px) and (max-width: 992px) {\r\n.bqvep69f20ee83b184 {\r\ndisplay: none;\r\n}\r\n}\r\n@media screen and (min-width: 768px) and (max-width: 768px) {\r\n.bqvep69f20ee83b184 {\r\ndisplay: block;\r\n}\r\n}\r\n@media screen and (max-width: 767px) {\r\n.bqvep69f20ee83b184 {\r\ndisplay: block;\r\n}\r\n}\r\n<\/style>\r\n<div class=\"nwlhb69f20ee83b164\" ><!--<a href=\"https:\/\/bit.ly\/3QdrqTZ\" target=\"_blank\">\n<img src=\"https:\/\/justicapotiguar.com.br\/wp-content\/uploads\/2023\/09\/desktop-geral.gif\"\/><a\/>--><\/div><style type=\"text\/css\">\r\n.nwlhb69f20ee83b164 {\r\ntext-align: center;\nmargin-bottom: 1em;\r\n}\r\n@media screen and (min-width: 1201px) {\r\n.nwlhb69f20ee83b164 {\r\ndisplay: block;\r\n}\r\n}\r\n@media screen and (min-width: 993px) and (max-width: 1200px) {\r\n.nwlhb69f20ee83b164 {\r\ndisplay: block;\r\n}\r\n}\r\n@media screen and (min-width: 769px) and (max-width: 992px) {\r\n.nwlhb69f20ee83b164 {\r\ndisplay: block;\r\n}\r\n}\r\n@media screen and (min-width: 768px) and (max-width: 768px) {\r\n.nwlhb69f20ee83b164 {\r\ndisplay: none;\r\n}\r\n}\r\n@media screen and (max-width: 767px) {\r\n.nwlhb69f20ee83b164 {\r\ndisplay: none;\r\n}\r\n}\r\n<\/style>\r\n\n\n\n\n<p>Al\u00e9m de Mello, a Segunda Turma \u00e9 composta por Gilmar Mendes, que \u00e9 o presidente; Ricardo Lewandowski, Edson Fachin e C\u00e1rmen L\u00facia. A Primeira Turma tamb\u00e9m \u00e9 composta por cinco ministros.<\/p>\n\n\n\n<p>Correio Braziliense<\/p>\n","protected":false},"excerpt":{"rendered":"<p>O Supremo Tribunal Federal (STF) decidiu, nesta quarta-feira (7\/10), que as a\u00e7\u00f5es penais devem sair da an\u00e1lise das turmas e retornar ao plen\u00e1rio da Corte, para an\u00e1lise dos 11 ministros. Entre elas, est\u00e3o as da Lava-Jato, que, at\u00e9 ent\u00e3o, eram avaliadas pela Segunda Turma da Corte, onde est\u00e1 o ministro Celso de Mello. Ele se<br \/><a class=\"more-link\" href=\"https:\/\/justicapotiguar.com.br\/index.php\/2020\/10\/07\/stf-decide-que-acoes-penais-incluindo-as-da-lava-jato-devem-ser-analisadas-no-plenario\/\">Mais&#8230;<\/a><\/p>\n","protected":false},"author":5,"featured_media":12735,"comment_status":"open","ping_status":"open","sticky":false,"template":"","format":"standard","meta":[],"categories":[3],"tags":[],"_links":{"self":[{"href":"https:\/\/justicapotiguar.com.br\/index.php\/wp-json\/wp\/v2\/posts\/13671"}],"collection":[{"href":"https:\/\/justicapotiguar.com.br\/index.php\/wp-json\/wp\/v2\/posts"}],"about":[{"href":"https:\/\/justicapotiguar.com.br\/index.php\/wp-json\/wp\/v2\/types\/post"}],"author":[{"embeddable":true,"href":"https:\/\/justicapotiguar.com.br\/index.php\/wp-json\/wp\/v2\/users\/5"}],"replies":[{"embeddable":true,"href":"https:\/\/justicapotiguar.com.br\/index.php\/wp-json\/wp\/v2\/comments?post=13671"}],"version-history":[{"count":1,"href":"https:\/\/justicapotiguar.com.br\/index.php\/wp-json\/wp\/v2\/posts\/13671\/revisions"}],"predecessor-version":[{"id":13672,"href":"https:\/\/justicapotiguar.com.br\/index.php\/wp-json\/wp\/v2\/posts\/13671\/revisions\/13672"}],"wp:featuredmedia":[{"embeddable":true,"href":"https:\/\/justicapotiguar.com.br\/index.php\/wp-json\/wp\/v2\/media\/12735"}],"wp:attachment":[{"href":"https:\/\/justicapotiguar.com.br\/index.php\/wp-json\/wp\/v2\/media?parent=13671"}],"wp:term":[{"taxonomy":"category","embeddable":true,"href":"https:\/\/justicapotiguar.com.br\/index.php\/wp-json\/wp\/v2\/categories?post=13671"},{"taxonomy":"post_tag","embeddable":true,"href":"https:\/\/justicapotiguar.com.br\/index.php\/wp-json\/wp\/v2\/tags?post=13671"}],"curies":[{"name":"wp","href":"https:\/\/api.w.org\/{rel}","templated":true}]}}