{"id":13668,"date":"2020-10-07T16:46:05","date_gmt":"2020-10-07T19:46:05","guid":{"rendered":"https:\/\/justicapotiguar.com.br\/?p=13668"},"modified":"2020-10-07T15:17:55","modified_gmt":"2020-10-07T18:17:55","slug":"jfrn-promove-teleaudiencia-criminal-com-quase-50-acessos-simultaneos","status":"publish","type":"post","link":"https:\/\/justicapotiguar.com.br\/index.php\/2020\/10\/07\/jfrn-promove-teleaudiencia-criminal-com-quase-50-acessos-simultaneos\/","title":{"rendered":"JFRN promove teleaudi\u00eancia criminal com quase 50 acessos simult\u00e2neos"},"content":{"rendered":"\n<p>A 2\u00aa Vara da Justi\u00e7a Federal no Rio Grande do Norte, especializada em processos criminais, promoveu uma teleaudi\u00eancia com quase 50 pessoas em acessos simult\u00e2neos. A audi\u00eancia, in\u00e9dita pelo n\u00famero de participantes e no formato de teleconfer\u00eancia, foi presidida pelo Juiz Federal Walter Nunes da Silva J\u00fanior, titular da Vara. O processo envolveu roubo a carreta dos Correios, no que ficou conhecido como opera\u00e7\u00e3o Express.<\/p>\n\n\n\n<figure class=\"wp-block-image\"><img loading=\"lazy\" width=\"1024\" height=\"576\" src=\"https:\/\/justicapotiguar.com.br\/wp-content\/uploads\/2020\/10\/WhatsApp-Image-2020-10-06-at-11.14.16-1024x576.jpeg\" alt=\"\" class=\"wp-image-13669\" srcset=\"https:\/\/justicapotiguar.com.br\/wp-content\/uploads\/2020\/10\/WhatsApp-Image-2020-10-06-at-11.14.16.jpeg 1024w, https:\/\/justicapotiguar.com.br\/wp-content\/uploads\/2020\/10\/WhatsApp-Image-2020-10-06-at-11.14.16-300x169.jpeg 300w, https:\/\/justicapotiguar.com.br\/wp-content\/uploads\/2020\/10\/WhatsApp-Image-2020-10-06-at-11.14.16-768x432.jpeg 768w\" sizes=\"(max-width: 1024px) 100vw, 1024px\" \/><figcaption>Reprodu\u00e7\u00e3o<\/figcaption><\/figure>\n\n\n\n<p>No total, estavam no acesso remoto o representante do Minist\u00e9rio P\u00fablico Federal, 10 acusados, 8 advogados, 2 servidores assistentes de audi\u00eancia e 22 alunos da Universidade Federal do Rio Grande do Norte. Nessa grande teleaudi\u00eancia, seis dos acusados estavam presos, em quatro unidades distintas.<\/p><div class=\"vtcuo69f20eb4b46a7\" ><!--<a href=\"https:\/\/bit.ly\/3QdrqTZ\" target=\"_blank\">\n<img src=\"https:\/\/justicapotiguar.com.br\/wp-content\/uploads\/2023\/09\/mobile-geral.gif\"\/><a\/>--><\/div><style type=\"text\/css\">\r\n.vtcuo69f20eb4b46a7 {\r\ntext-align: center;\r\n}\r\n@media screen and (min-width: 1201px) {\r\n.vtcuo69f20eb4b46a7 {\r\ndisplay: none;\r\n}\r\n}\r\n@media screen and (min-width: 993px) and (max-width: 1200px) {\r\n.vtcuo69f20eb4b46a7 {\r\ndisplay: none;\r\n}\r\n}\r\n@media screen and (min-width: 769px) and (max-width: 992px) {\r\n.vtcuo69f20eb4b46a7 {\r\ndisplay: none;\r\n}\r\n}\r\n@media screen and (min-width: 768px) and (max-width: 768px) {\r\n.vtcuo69f20eb4b46a7 {\r\ndisplay: block;\r\n}\r\n}\r\n@media screen and (max-width: 767px) {\r\n.vtcuo69f20eb4b46a7 {\r\ndisplay: block;\r\n}\r\n}\r\n<\/style>\r\n<div class=\"dpqwg69f20eb4b4691\" ><!--<a href=\"https:\/\/bit.ly\/3QdrqTZ\" target=\"_blank\">\n<img src=\"https:\/\/justicapotiguar.com.br\/wp-content\/uploads\/2023\/09\/desktop-geral.gif\"\/><a\/>--><\/div><style type=\"text\/css\">\r\n.dpqwg69f20eb4b4691 {\r\ntext-align: center;\nmargin-bottom: 1em;\r\n}\r\n@media screen and (min-width: 1201px) {\r\n.dpqwg69f20eb4b4691 {\r\ndisplay: block;\r\n}\r\n}\r\n@media screen and (min-width: 993px) and (max-width: 1200px) {\r\n.dpqwg69f20eb4b4691 {\r\ndisplay: block;\r\n}\r\n}\r\n@media screen and (min-width: 769px) and (max-width: 992px) {\r\n.dpqwg69f20eb4b4691 {\r\ndisplay: block;\r\n}\r\n}\r\n@media screen and (min-width: 768px) and (max-width: 768px) {\r\n.dpqwg69f20eb4b4691 {\r\ndisplay: none;\r\n}\r\n}\r\n@media screen and (max-width: 767px) {\r\n.dpqwg69f20eb4b4691 {\r\ndisplay: none;\r\n}\r\n}\r\n<\/style>\r\n\n\n\n\n<p>Toda estrutura mobilizada contou com o trabalho direto do diretor do N\u00facleo de Tecnologia da Informa\u00e7\u00e3o, David Montalv\u00e3o J\u00fanior. A Secretaria de Justi\u00e7a do Estado tem sido grande parceira, viabilizando a teleaudi\u00eancia com a participa\u00e7\u00e3o dos presos de dentro dos pres\u00eddios.<\/p>\n","protected":false},"excerpt":{"rendered":"<p>A 2\u00aa Vara da Justi\u00e7a Federal no Rio Grande do Norte, especializada em processos criminais, promoveu uma teleaudi\u00eancia com quase 50 pessoas em acessos simult\u00e2neos. A audi\u00eancia, in\u00e9dita pelo n\u00famero de participantes e no formato de teleconfer\u00eancia, foi presidida pelo Juiz Federal Walter Nunes da Silva J\u00fanior, titular da Vara. O processo envolveu roubo a<br \/><a class=\"more-link\" href=\"https:\/\/justicapotiguar.com.br\/index.php\/2020\/10\/07\/jfrn-promove-teleaudiencia-criminal-com-quase-50-acessos-simultaneos\/\">Mais&#8230;<\/a><\/p>\n","protected":false},"author":5,"featured_media":13669,"comment_status":"open","ping_status":"open","sticky":false,"template":"","format":"standard","meta":[],"categories":[3],"tags":[],"_links":{"self":[{"href":"https:\/\/justicapotiguar.com.br\/index.php\/wp-json\/wp\/v2\/posts\/13668"}],"collection":[{"href":"https:\/\/justicapotiguar.com.br\/index.php\/wp-json\/wp\/v2\/posts"}],"about":[{"href":"https:\/\/justicapotiguar.com.br\/index.php\/wp-json\/wp\/v2\/types\/post"}],"author":[{"embeddable":true,"href":"https:\/\/justicapotiguar.com.br\/index.php\/wp-json\/wp\/v2\/users\/5"}],"replies":[{"embeddable":true,"href":"https:\/\/justicapotiguar.com.br\/index.php\/wp-json\/wp\/v2\/comments?post=13668"}],"version-history":[{"count":1,"href":"https:\/\/justicapotiguar.com.br\/index.php\/wp-json\/wp\/v2\/posts\/13668\/revisions"}],"predecessor-version":[{"id":13670,"href":"https:\/\/justicapotiguar.com.br\/index.php\/wp-json\/wp\/v2\/posts\/13668\/revisions\/13670"}],"wp:featuredmedia":[{"embeddable":true,"href":"https:\/\/justicapotiguar.com.br\/index.php\/wp-json\/wp\/v2\/media\/13669"}],"wp:attachment":[{"href":"https:\/\/justicapotiguar.com.br\/index.php\/wp-json\/wp\/v2\/media?parent=13668"}],"wp:term":[{"taxonomy":"category","embeddable":true,"href":"https:\/\/justicapotiguar.com.br\/index.php\/wp-json\/wp\/v2\/categories?post=13668"},{"taxonomy":"post_tag","embeddable":true,"href":"https:\/\/justicapotiguar.com.br\/index.php\/wp-json\/wp\/v2\/tags?post=13668"}],"curies":[{"name":"wp","href":"https:\/\/api.w.org\/{rel}","templated":true}]}}