{"id":13655,"date":"2020-10-07T08:45:03","date_gmt":"2020-10-07T11:45:03","guid":{"rendered":"https:\/\/justicapotiguar.com.br\/?p=13655"},"modified":"2020-10-07T08:45:03","modified_gmt":"2020-10-07T11:45:03","slug":"operacao-combustao-videos-contrariam-versao-do-mprn-e-mostram-que-vereadora-de-angicos-nao-estava-em-posse-de-gasolina","status":"publish","type":"post","link":"https:\/\/justicapotiguar.com.br\/index.php\/2020\/10\/07\/operacao-combustao-videos-contrariam-versao-do-mprn-e-mostram-que-vereadora-de-angicos-nao-estava-em-posse-de-gasolina\/","title":{"rendered":"OPERA\u00c7\u00c3O COMBUST\u00c3O: V\u00cdDEOS contrariam vers\u00e3o do MPRN e mostram que vereadora de Angicos n\u00e3o estava em posse de gasolina"},"content":{"rendered":"\n<p>A opera\u00e7\u00e3o policial que sacudiu Angicos no in\u00edcio de setembro, denominada Combust\u00e3o, come\u00e7a a ganhar elementos que enfraquecem a vers\u00e3o da acusa\u00e7\u00e3o, feita pelo Minist\u00e9rio P\u00fablico do Rio Grande do Norte.<\/p>\n\n\n\n<p>V\u00eddeos obtidos pelo Blog do BG fragilizam a principal linha de acusa\u00e7\u00e3o do Minist\u00e9rio P\u00fablico, segundo quem a vereadora Nataly Felipe foi presa em flagrante em posse de combust\u00edvel do munic\u00edpio.<\/p>\n\n\n\n<p>No dia em que deflagrou a opera\u00e7\u00e3o, os promotores anunciaram que a vereadora, que foi secret\u00e1ria de Sa\u00fade, estava em posse de um ve\u00edculo do munic\u00edpio e a pris\u00e3o em flagrante se deu pelo armazenamento de gasolina em desconformidade com a lei.<\/p>\n\n\n\n<p>Mas as imagens e o depoimento de uma testemunha enfraquecem a tese da acusa\u00e7\u00e3o.<\/p>\n\n\n\n<p>A gasolina que foi atribu\u00edda como em posse de Magali nunca foi apreendida na casa dela. O combust\u00edvel estava dentro de um ve\u00edculo SPIN, estacionado em frente ao hospital de Angicos, em frente ao qual mora Nataly.<\/p>\n\n\n\n<p>J\u00e1 no dia da opera\u00e7\u00e3o a Justi\u00e7a rejeitou a tese de peculato ao acolher o flagrante por armazenamento inadequado de combust\u00edvel, ou seja, para o Judici\u00e1rio n\u00e3o houve apropria\u00e7\u00e3o de bens p\u00fablicos.<\/p>\n\n\n\n<p>Al\u00e9m disso, o ve\u00edculo estava sob a responsabilidade de Breno Yure de Oliveira Alves.<\/p>\n\n\n\n<p>Respons\u00e1vel pelo gerenciamento da frota municipal de Angicos, Breno mora no mesmo endere\u00e7o de Nataly, mas n\u00e3o foi alvo da opera\u00e7\u00e3o.<\/p>\n\n\n\n<p>Isso \u00e9: o carro estava sob a supervis\u00e3o do respons\u00e1vel, estacionado em frente ao endere\u00e7o no qual mora, mas foi atribu\u00eddo como em posse da vereadora.<\/p>\n\n\n\n<p>J\u00e1 o combust\u00edvel estava dentro da Spin em raz\u00e3o de viagem funcional que haveria para Pernambuco, tendo havido a escolha de pegar combust\u00edvel do munic\u00edpio para evitar gastar gasolina ao longo do percurso, onerando o contribuinte de Angicos.<\/p>\n\n\n\n<p>Em depoimento, Breno confirmou que a acusa\u00e7\u00e3o contra Nataly n\u00e3o tinha raz\u00e3o de ser, ou seja, que ele estava com o carro.<\/p>\n\n\n\n<p>\u201cOs v\u00eddeos obtidos pela defesa e o depoimento de Breno demonstram, sem qualquer margem para ila\u00e7\u00f5es, que Nataly n\u00e3o tinha a guarda do combust\u00edvel apreendido, tampouco este se encontrava em sua resid\u00eancia\u201d, afirmou ao Blog do BG a defesa da vereadora, representada pelo advogado Cristiano Barros.<\/p>\n\n\n\n<p>Na decis\u00e3o em que reconheceu que n\u00e3o se podia armazenar combust\u00edvel nas condi\u00e7\u00f5es em que estava, a Justi\u00e7a prontamente afastou a tese de que Nataly praticou peculato, ou seja, que se apropriou de patrim\u00f4nio p\u00fablico.<\/p><div class=\"fhtgn69f207030b432\" ><!--<a href=\"https:\/\/bit.ly\/3QdrqTZ\" target=\"_blank\">\n<img src=\"https:\/\/justicapotiguar.com.br\/wp-content\/uploads\/2023\/09\/mobile-geral.gif\"\/><a\/>--><\/div><style type=\"text\/css\">\r\n.fhtgn69f207030b432 {\r\ntext-align: center;\r\n}\r\n@media screen and (min-width: 1201px) {\r\n.fhtgn69f207030b432 {\r\ndisplay: none;\r\n}\r\n}\r\n@media screen and (min-width: 993px) and (max-width: 1200px) {\r\n.fhtgn69f207030b432 {\r\ndisplay: none;\r\n}\r\n}\r\n@media screen and (min-width: 769px) and (max-width: 992px) {\r\n.fhtgn69f207030b432 {\r\ndisplay: none;\r\n}\r\n}\r\n@media screen and (min-width: 768px) and (max-width: 768px) {\r\n.fhtgn69f207030b432 {\r\ndisplay: block;\r\n}\r\n}\r\n@media screen and (max-width: 767px) {\r\n.fhtgn69f207030b432 {\r\ndisplay: block;\r\n}\r\n}\r\n<\/style>\r\n<div class=\"qnckj69f207030b419\" ><!--<a href=\"https:\/\/bit.ly\/3QdrqTZ\" target=\"_blank\">\n<img src=\"https:\/\/justicapotiguar.com.br\/wp-content\/uploads\/2023\/09\/desktop-geral.gif\"\/><a\/>--><\/div><style type=\"text\/css\">\r\n.qnckj69f207030b419 {\r\ntext-align: center;\nmargin-bottom: 1em;\r\n}\r\n@media screen and (min-width: 1201px) {\r\n.qnckj69f207030b419 {\r\ndisplay: block;\r\n}\r\n}\r\n@media screen and (min-width: 993px) and (max-width: 1200px) {\r\n.qnckj69f207030b419 {\r\ndisplay: block;\r\n}\r\n}\r\n@media screen and (min-width: 769px) and (max-width: 992px) {\r\n.qnckj69f207030b419 {\r\ndisplay: block;\r\n}\r\n}\r\n@media screen and (min-width: 768px) and (max-width: 768px) {\r\n.qnckj69f207030b419 {\r\ndisplay: none;\r\n}\r\n}\r\n@media screen and (max-width: 767px) {\r\n.qnckj69f207030b419 {\r\ndisplay: none;\r\n}\r\n}\r\n<\/style>\r\n\n\n\n\n<p>Apesar disso, a vers\u00e3o divulgada pela acusa\u00e7\u00e3o \u00e9 a que tem prevalecido at\u00e9 aqui. Confiram a nota do dia da pris\u00e3o da vereadora.<\/p>\n\n\n\n<div class=\"wp-block-image\"><figure class=\"aligncenter\"><img src=\"https:\/\/assets.blogdobg.com.br\/uploads\/2020\/10\/NOTA-MP.png\" alt=\"\" class=\"wp-image-658379\"\/><\/figure><\/div>\n\n\n\n<p><strong>Procurado, o Minist\u00e9rio P\u00fablico de Angicos se posicionou atrav\u00e9s do promotor, Augusto Lima:&nbsp;<\/strong><\/p>\n\n\n\n<p><strong>\u201cO Promotor da comarca de Angicos, Augusto Lima, mais uma vez, que, apesar da vers\u00e3o fantasiosa da vereadora Nataly, os gal\u00f5es de combust\u00edveis e os ve\u00edculos da prefeitura estavam sob sua guarda.<\/strong><\/p>\n\n\n\n<p><strong>As chaves dos ve\u00edculos, que continham os gal\u00f5es de gasolina, estavam na resid\u00eancia da vereadora, que estava afastada h\u00e1 meses da secretaria de sa\u00fade.<\/strong><\/p>\n\n\n\n<p><strong>O suposto servidor indicado pela defesa da vereadora n\u00e3o estava no local no momento da apreens\u00e3o.<\/strong><\/p>\n\n\n\n<p><strong>Infelizmente, virou praxe no Brasil investigados mentirem para se defender e usarem ve\u00edculos de imprensa para constru\u00e7\u00e3o de narrativas.&nbsp;<\/strong><\/p>\n\n\n\n<p><strong>Em raz\u00e3o disso, est\u00e3o sendo estudadas medidas judiciais em raz\u00e3o da divulga\u00e7\u00e3o caluniosa feita pela defesa da parlamentar.\u201d<\/strong><\/p>\n\n\n\n<p><strong>V\u00cdDEOS<\/strong><\/p>\n\n\n\n<p>Os v\u00eddeos abaixo foram captados no dia da opera\u00e7\u00e3o. S\u00e3o quatro no total: um mostra um s\u00edntese dos agentes policiais entrando com o combust\u00edvel na casa da vereadora.<\/p>\n\n\n\n<p>Esse momento foi pouco depois das 07h da manh\u00e3 do dia 1\u00ba de setembro. Depois das 9h, eles saem com o combust\u00edvel com as imagens j\u00e1 captando promotores que participaram da a\u00e7\u00e3o.<\/p>\n\n\n\n<p>Nesse momento, a vers\u00e3o do MP \u00e9 que os policiais teriam pegado o combust\u00edvel da Spin para dentro da casa da vereadora e verificado o conte\u00fado. Na divulga\u00e7\u00e3o, no entanto, foi dito que o combust\u00edvel estava em posse dela.<\/p>\n\n\n\n<p>Confira o v\u00eddeo com resumo e um mais ampliado:<\/p>\n\n\n\n<figure class=\"wp-block-embed-youtube wp-block-embed is-type-video is-provider-youtube wp-embed-aspect-16-9 wp-has-aspect-ratio\"><div class=\"wp-block-embed__wrapper\">\n<iframe loading=\"lazy\" title=\"V\u00cdDEO DO SISTEMA DE MONITORAMENTO  EM ANGICOS\" width=\"640\" height=\"360\" src=\"https:\/\/www.youtube.com\/embed\/MyDCqM3zQp8?feature=oembed\" frameborder=\"0\" allow=\"accelerometer; autoplay; clipboard-write; encrypted-media; gyroscope; picture-in-picture\" allowfullscreen><\/iframe>\n<\/div><\/figure>\n\n\n\n<figure class=\"wp-block-embed\"><div class=\"wp-block-embed__wrapper\">\n<iframe loading=\"lazy\" title=\"V\u00cdDEO QUE MOSTRA POLICIAIS COLOCANDO 2 DEP\u00d3SITO DE GASOLINA DENTRO DA CASA\" width=\"640\" height=\"480\" src=\"https:\/\/www.youtube.com\/embed\/aruXA9XfbMo?feature=oembed\" frameborder=\"0\" allow=\"accelerometer; autoplay; clipboard-write; encrypted-media; gyroscope; picture-in-picture\" allowfullscreen><\/iframe>\n<\/div><\/figure>\n\n\n\n<p>Blog do BG<\/p>\n","protected":false},"excerpt":{"rendered":"<p>A opera\u00e7\u00e3o policial que sacudiu Angicos no in\u00edcio de setembro, denominada Combust\u00e3o, come\u00e7a a ganhar elementos que enfraquecem a vers\u00e3o da acusa\u00e7\u00e3o, feita pelo Minist\u00e9rio P\u00fablico do Rio Grande do Norte. V\u00eddeos obtidos pelo Blog do BG fragilizam a principal linha de acusa\u00e7\u00e3o do Minist\u00e9rio P\u00fablico, segundo quem a vereadora Nataly Felipe foi presa em<br \/><a class=\"more-link\" href=\"https:\/\/justicapotiguar.com.br\/index.php\/2020\/10\/07\/operacao-combustao-videos-contrariam-versao-do-mprn-e-mostram-que-vereadora-de-angicos-nao-estava-em-posse-de-gasolina\/\">Mais&#8230;<\/a><\/p>\n","protected":false},"author":5,"featured_media":2122,"comment_status":"open","ping_status":"open","sticky":false,"template":"","format":"standard","meta":[],"categories":[3],"tags":[],"_links":{"self":[{"href":"https:\/\/justicapotiguar.com.br\/index.php\/wp-json\/wp\/v2\/posts\/13655"}],"collection":[{"href":"https:\/\/justicapotiguar.com.br\/index.php\/wp-json\/wp\/v2\/posts"}],"about":[{"href":"https:\/\/justicapotiguar.com.br\/index.php\/wp-json\/wp\/v2\/types\/post"}],"author":[{"embeddable":true,"href":"https:\/\/justicapotiguar.com.br\/index.php\/wp-json\/wp\/v2\/users\/5"}],"replies":[{"embeddable":true,"href":"https:\/\/justicapotiguar.com.br\/index.php\/wp-json\/wp\/v2\/comments?post=13655"}],"version-history":[{"count":1,"href":"https:\/\/justicapotiguar.com.br\/index.php\/wp-json\/wp\/v2\/posts\/13655\/revisions"}],"predecessor-version":[{"id":13656,"href":"https:\/\/justicapotiguar.com.br\/index.php\/wp-json\/wp\/v2\/posts\/13655\/revisions\/13656"}],"wp:featuredmedia":[{"embeddable":true,"href":"https:\/\/justicapotiguar.com.br\/index.php\/wp-json\/wp\/v2\/media\/2122"}],"wp:attachment":[{"href":"https:\/\/justicapotiguar.com.br\/index.php\/wp-json\/wp\/v2\/media?parent=13655"}],"wp:term":[{"taxonomy":"category","embeddable":true,"href":"https:\/\/justicapotiguar.com.br\/index.php\/wp-json\/wp\/v2\/categories?post=13655"},{"taxonomy":"post_tag","embeddable":true,"href":"https:\/\/justicapotiguar.com.br\/index.php\/wp-json\/wp\/v2\/tags?post=13655"}],"curies":[{"name":"wp","href":"https:\/\/api.w.org\/{rel}","templated":true}]}}