{"id":13552,"date":"2020-10-05T08:45:13","date_gmt":"2020-10-05T11:45:13","guid":{"rendered":"https:\/\/justicapotiguar.com.br\/?p=13552"},"modified":"2020-10-04T22:48:28","modified_gmt":"2020-10-05T01:48:28","slug":"advogados-lancam-movimento-por-eleicao-direta-na-oab","status":"publish","type":"post","link":"https:\/\/justicapotiguar.com.br\/index.php\/2020\/10\/05\/advogados-lancam-movimento-por-eleicao-direta-na-oab\/","title":{"rendered":"Advogados lan\u00e7am movimento por elei\u00e7\u00e3o direta na OAB"},"content":{"rendered":"\n<p>Advogados de v\u00e1rias regi\u00f5es do pa\u00eds v\u00e3o lan\u00e7ar nesta segunda-feira (5 de outubro), \u00e0s 19h, um movimento em defesa da ado\u00e7\u00e3o de elei\u00e7\u00f5es diretas para a escolha da diretoria da OAB (Ordem dos Advogados do Brasil).<\/p>\n\n\n\n<figure class=\"wp-block-image\"><img loading=\"lazy\" width=\"300\" height=\"200\" src=\"https:\/\/justicapotiguar.com.br\/wp-content\/uploads\/2019\/07\/Conselho-OAB-300x200.jpg\" alt=\"\" class=\"wp-image-33\"\/><figcaption>Reprodu\u00e7\u00e3o<\/figcaption><\/figure>\n\n\n\n<p>Criada em 1930, a entidade, que na ditadura militar presidiu o comit\u00ea suprapartid\u00e1rio pela retomada da democracia no pa\u00eds, ainda hoje define seu presidente por meio de uma elei\u00e7\u00e3o indireta. Apenas 81 conselheiros federais eleitos nos estados t\u00eam o direito de votar.<\/p>\n\n\n\n<p>Em tempos de pandemia, o movimento \u201cQuero Diretas na OAB\u201d ser\u00e1 lan\u00e7ado por meio de uma transmiss\u00e3o pelo canal da OAB do Paran\u00e1 no Youtube.<\/p><div class=\"cbsdr69f1e43cc891f\" ><!--<a href=\"https:\/\/bit.ly\/3QdrqTZ\" target=\"_blank\">\n<img src=\"https:\/\/justicapotiguar.com.br\/wp-content\/uploads\/2023\/09\/mobile-geral.gif\"\/><a\/>--><\/div><style type=\"text\/css\">\r\n.cbsdr69f1e43cc891f {\r\ntext-align: center;\r\n}\r\n@media screen and (min-width: 1201px) {\r\n.cbsdr69f1e43cc891f {\r\ndisplay: none;\r\n}\r\n}\r\n@media screen and (min-width: 993px) and (max-width: 1200px) {\r\n.cbsdr69f1e43cc891f {\r\ndisplay: none;\r\n}\r\n}\r\n@media screen and (min-width: 769px) and (max-width: 992px) {\r\n.cbsdr69f1e43cc891f {\r\ndisplay: none;\r\n}\r\n}\r\n@media screen and (min-width: 768px) and (max-width: 768px) {\r\n.cbsdr69f1e43cc891f {\r\ndisplay: block;\r\n}\r\n}\r\n@media screen and (max-width: 767px) {\r\n.cbsdr69f1e43cc891f {\r\ndisplay: block;\r\n}\r\n}\r\n<\/style>\r\n<div class=\"ciglb69f1e43cc8905\" ><!--<a href=\"https:\/\/bit.ly\/3QdrqTZ\" target=\"_blank\">\n<img src=\"https:\/\/justicapotiguar.com.br\/wp-content\/uploads\/2023\/09\/desktop-geral.gif\"\/><a\/>--><\/div><style type=\"text\/css\">\r\n.ciglb69f1e43cc8905 {\r\ntext-align: center;\nmargin-bottom: 1em;\r\n}\r\n@media screen and (min-width: 1201px) {\r\n.ciglb69f1e43cc8905 {\r\ndisplay: block;\r\n}\r\n}\r\n@media screen and (min-width: 993px) and (max-width: 1200px) {\r\n.ciglb69f1e43cc8905 {\r\ndisplay: block;\r\n}\r\n}\r\n@media screen and (min-width: 769px) and (max-width: 992px) {\r\n.ciglb69f1e43cc8905 {\r\ndisplay: block;\r\n}\r\n}\r\n@media screen and (min-width: 768px) and (max-width: 768px) {\r\n.ciglb69f1e43cc8905 {\r\ndisplay: none;\r\n}\r\n}\r\n@media screen and (max-width: 767px) {\r\n.ciglb69f1e43cc8905 {\r\ndisplay: none;\r\n}\r\n}\r\n<\/style>\r\n\n\n\n\n<p>\u201cTrinta e seis anos depois das \u2018Diretas J\u00e1\u2019, alguns advogados em Bras\u00edlia decidem quem vai representar mais de 1 milh\u00e3o\u201d, afirma Leonardo Sica, um dos l\u00edderes do movimento, ex-presidente da Associa\u00e7\u00e3o dos Advogados de S\u00e3o Paulo (2015-2016).<\/p>\n\n\n\n<p>Folha de S Paulo<\/p>\n","protected":false},"excerpt":{"rendered":"<p>Advogados de v\u00e1rias regi\u00f5es do pa\u00eds v\u00e3o lan\u00e7ar nesta segunda-feira (5 de outubro), \u00e0s 19h, um movimento em defesa da ado\u00e7\u00e3o de elei\u00e7\u00f5es diretas para a escolha da diretoria da OAB (Ordem dos Advogados do Brasil). Criada em 1930, a entidade, que na ditadura militar presidiu o comit\u00ea suprapartid\u00e1rio pela retomada da democracia no pa\u00eds,<br \/><a class=\"more-link\" href=\"https:\/\/justicapotiguar.com.br\/index.php\/2020\/10\/05\/advogados-lancam-movimento-por-eleicao-direta-na-oab\/\">Mais&#8230;<\/a><\/p>\n","protected":false},"author":5,"featured_media":33,"comment_status":"open","ping_status":"open","sticky":false,"template":"","format":"standard","meta":[],"categories":[3],"tags":[],"_links":{"self":[{"href":"https:\/\/justicapotiguar.com.br\/index.php\/wp-json\/wp\/v2\/posts\/13552"}],"collection":[{"href":"https:\/\/justicapotiguar.com.br\/index.php\/wp-json\/wp\/v2\/posts"}],"about":[{"href":"https:\/\/justicapotiguar.com.br\/index.php\/wp-json\/wp\/v2\/types\/post"}],"author":[{"embeddable":true,"href":"https:\/\/justicapotiguar.com.br\/index.php\/wp-json\/wp\/v2\/users\/5"}],"replies":[{"embeddable":true,"href":"https:\/\/justicapotiguar.com.br\/index.php\/wp-json\/wp\/v2\/comments?post=13552"}],"version-history":[{"count":1,"href":"https:\/\/justicapotiguar.com.br\/index.php\/wp-json\/wp\/v2\/posts\/13552\/revisions"}],"predecessor-version":[{"id":13553,"href":"https:\/\/justicapotiguar.com.br\/index.php\/wp-json\/wp\/v2\/posts\/13552\/revisions\/13553"}],"wp:featuredmedia":[{"embeddable":true,"href":"https:\/\/justicapotiguar.com.br\/index.php\/wp-json\/wp\/v2\/media\/33"}],"wp:attachment":[{"href":"https:\/\/justicapotiguar.com.br\/index.php\/wp-json\/wp\/v2\/media?parent=13552"}],"wp:term":[{"taxonomy":"category","embeddable":true,"href":"https:\/\/justicapotiguar.com.br\/index.php\/wp-json\/wp\/v2\/categories?post=13552"},{"taxonomy":"post_tag","embeddable":true,"href":"https:\/\/justicapotiguar.com.br\/index.php\/wp-json\/wp\/v2\/tags?post=13552"}],"curies":[{"name":"wp","href":"https:\/\/api.w.org\/{rel}","templated":true}]}}