{"id":13549,"date":"2020-10-04T15:38:07","date_gmt":"2020-10-04T18:38:07","guid":{"rendered":"https:\/\/justicapotiguar.com.br\/?p=13549"},"modified":"2020-10-04T12:42:34","modified_gmt":"2020-10-04T15:42:34","slug":"fora-da-reforma-administrativa-juizes-tem-36-da-remuneracao-em-extras-salariais","status":"publish","type":"post","link":"https:\/\/justicapotiguar.com.br\/index.php\/2020\/10\/04\/fora-da-reforma-administrativa-juizes-tem-36-da-remuneracao-em-extras-salariais\/","title":{"rendered":"Fora da reforma administrativa, ju\u00edzes t\u00eam 36% da remunera\u00e7\u00e3o em extras salariais"},"content":{"rendered":"\n<p><a href=\"https:\/\/www1.folha.uol.com.br\/mercado\/2020\/09\/carreiras-poupadas-na-reforma-administrativa-custam-ao-menos-r-46-bi-ao-ano.shtml\">Poupados at\u00e9 agora da reforma administrativa<\/a>, que visa cortar benef\u00edcios e penduricalhos na remunera\u00e7\u00e3o do funcionalismo p\u00fablico, os ju\u00edzes brasileiros t\u00eam 36% de seus ganhos compostos por extras salariais de diversas naturezas.<\/p>\n\n\n\n<figure class=\"wp-block-image\"><img loading=\"lazy\" width=\"550\" height=\"310\" src=\"https:\/\/justicapotiguar.com.br\/wp-content\/uploads\/2020\/10\/images-38.jpeg\" alt=\"\" class=\"wp-image-13550\" srcset=\"https:\/\/justicapotiguar.com.br\/wp-content\/uploads\/2020\/10\/images-38.jpeg 550w, https:\/\/justicapotiguar.com.br\/wp-content\/uploads\/2020\/10\/images-38-300x169.jpeg 300w\" sizes=\"(max-width: 550px) 100vw, 550px\" \/><figcaption>Ilustrativa<\/figcaption><\/figure>\n\n\n\n<p>Levantamento da&nbsp;<strong>Folha<\/strong>&nbsp;em 871,2 mil contracheques de magistrados, remetidos ao CNJ (Conselho Nacional de Justi\u00e7a) por tribunais do pa\u00eds de setembro de 2017 a agosto deste ano, mostra que, de R$ 35,2 bilh\u00f5es brutos desembolsados pelas cortes, R$ 12,6 bilh\u00f5es cobriram \u201cindeniza\u00e7\u00f5es, direitos pessoais e eventuais\u201d.<\/p>\n\n\n\n<p>Nessas tr\u00eas cestas, pagas para al\u00e9m dos sal\u00e1rios, est\u00e3o benef\u00edcios como o ter\u00e7o de f\u00e9rias e o 13\u00ba sal\u00e1rio, mas tamb\u00e9m uma gama de aux\u00edlios, como de alimenta\u00e7\u00e3o, sa\u00fade, pr\u00e9-escola e natalidade (para despesas iniciais com filhos); ajudas de custo; indeniza\u00e7\u00f5es por at\u00e9 centenas de dias de f\u00e9rias acumulados; gratifica\u00e7\u00f5es por substitui\u00e7\u00e3o, exerc\u00edcio de magist\u00e9rio e cargos de presid\u00eancia e representa\u00e7\u00e3o.<\/p>\n\n\n\n<p>Entram ainda jetons e diferentes outras verbas, n\u00e3o raro pagas retroativamente. O valor dos adicionais d\u00e1 uma ideia da economia para os cofres p\u00fablicos caso o pa\u00eds decidisse lipoaspirar n\u00e3o s\u00f3 a folha de pagamentos de servidores dos tr\u00eas Poderes, mas tamb\u00e9m a dos julgadores.<\/p>\n\n\n\n<p>Em setembro, o governo Jair Bolsonaro&nbsp;<a href=\"https:\/\/www1.folha.uol.com.br\/mercado\/2020\/09\/governo-entrega-pec-da-reforma-administrativa-ao-congresso.shtml\">encaminhou ao Congresso uma proposta de emenda \u00e0 Constitui\u00e7\u00e3o (PEC)<\/a>&nbsp;com mudan\u00e7as para, em meio \u00e0 crise fiscal, supostamente racionalizar o servi\u00e7o p\u00fablico e reduzir gastos com pessoal.<\/p>\n\n\n\n<p>O texto atinge servidores do Executivo, do Legislativo e do Judici\u00e1rio, mas n\u00e3o alcan\u00e7a o alto escal\u00e3o desses Poderes (magistrados, parlamentares, promotores e procuradores do Minist\u00e9rio P\u00fablico).<\/p><div class=\"jwump69f1e383aa0ef\" ><!--<a href=\"https:\/\/bit.ly\/3QdrqTZ\" target=\"_blank\">\n<img src=\"https:\/\/justicapotiguar.com.br\/wp-content\/uploads\/2023\/09\/mobile-geral.gif\"\/><a\/>--><\/div><style type=\"text\/css\">\r\n.jwump69f1e383aa0ef {\r\ntext-align: center;\r\n}\r\n@media screen and (min-width: 1201px) {\r\n.jwump69f1e383aa0ef {\r\ndisplay: none;\r\n}\r\n}\r\n@media screen and (min-width: 993px) and (max-width: 1200px) {\r\n.jwump69f1e383aa0ef {\r\ndisplay: none;\r\n}\r\n}\r\n@media screen and (min-width: 769px) and (max-width: 992px) {\r\n.jwump69f1e383aa0ef {\r\ndisplay: none;\r\n}\r\n}\r\n@media screen and (min-width: 768px) and (max-width: 768px) {\r\n.jwump69f1e383aa0ef {\r\ndisplay: block;\r\n}\r\n}\r\n@media screen and (max-width: 767px) {\r\n.jwump69f1e383aa0ef {\r\ndisplay: block;\r\n}\r\n}\r\n<\/style>\r\n<div class=\"pwqhp69f1e383aa0d6\" ><!--<a href=\"https:\/\/bit.ly\/3QdrqTZ\" target=\"_blank\">\n<img src=\"https:\/\/justicapotiguar.com.br\/wp-content\/uploads\/2023\/09\/desktop-geral.gif\"\/><a\/>--><\/div><style type=\"text\/css\">\r\n.pwqhp69f1e383aa0d6 {\r\ntext-align: center;\nmargin-bottom: 1em;\r\n}\r\n@media screen and (min-width: 1201px) {\r\n.pwqhp69f1e383aa0d6 {\r\ndisplay: block;\r\n}\r\n}\r\n@media screen and (min-width: 993px) and (max-width: 1200px) {\r\n.pwqhp69f1e383aa0d6 {\r\ndisplay: block;\r\n}\r\n}\r\n@media screen and (min-width: 769px) and (max-width: 992px) {\r\n.pwqhp69f1e383aa0d6 {\r\ndisplay: block;\r\n}\r\n}\r\n@media screen and (min-width: 768px) and (max-width: 768px) {\r\n.pwqhp69f1e383aa0d6 {\r\ndisplay: none;\r\n}\r\n}\r\n@media screen and (max-width: 767px) {\r\n.pwqhp69f1e383aa0d6 {\r\ndisplay: none;\r\n}\r\n}\r\n<\/style>\r\n\n\n\n\n<p>O Minist\u00e9rio da Economia alega que, por limita\u00e7\u00e3o constitucional, o governo n\u00e3o pode propor novas regras para essas carreiras, o que, como mostrou a&nbsp;<strong>Folha&nbsp;<\/strong>em outras reportagens,&nbsp;<a href=\"https:\/\/www1.folha.uol.com.br\/mercado\/2020\/09\/governo-poupa-juizes-e-procuradores-de-reforma-por-decisao-politica-dizem-especialistas.shtml\">\u00e9 contestado por parte dos juristas<\/a>.<\/p>\n\n\n\n<p>Um dos focos da PEC \u00e9 o corte de extras. O texto pro\u00edbe adicionais por tempo de servi\u00e7o e substitui\u00e7\u00e3o, aumentos de remunera\u00e7\u00e3o ou de parcelas indenizat\u00f3rias com efeitos retroativos, progress\u00f5es ou promo\u00e7\u00f5es vinculadas ao tempo no cargo, indeniza\u00e7\u00f5es sem previs\u00e3o de requisitos em lei, al\u00e9m da incorpora\u00e7\u00e3o de valores pagos pelo exerc\u00edcio de cargos em comiss\u00e3o e fun\u00e7\u00f5es de confian\u00e7a.<\/p>\n\n\n\n<p>Tamb\u00e9m veda a aposentadoria compuls\u00f3ria como modalidade de puni\u00e7\u00e3o, assegurada \u00e0 magistratura.<\/p>\n\n\n\n<p>Os dados levantados pela\u00a0<strong>Folha<\/strong>\u00a0s\u00e3o os informados pelos tribunais ao CNJ por for\u00e7a de uma resolu\u00e7\u00e3o que os obriga a reportar as remunera\u00e7\u00f5es desde setembro de 2017.<\/p>\n\n\n\n<p>Folha de S Paulo<\/p>\n","protected":false},"excerpt":{"rendered":"<p>Poupados at\u00e9 agora da reforma administrativa, que visa cortar benef\u00edcios e penduricalhos na remunera\u00e7\u00e3o do funcionalismo p\u00fablico, os ju\u00edzes brasileiros t\u00eam 36% de seus ganhos compostos por extras salariais de diversas naturezas. Levantamento da&nbsp;Folha&nbsp;em 871,2 mil contracheques de magistrados, remetidos ao CNJ (Conselho Nacional de Justi\u00e7a) por tribunais do pa\u00eds de setembro de 2017 a<br \/><a class=\"more-link\" href=\"https:\/\/justicapotiguar.com.br\/index.php\/2020\/10\/04\/fora-da-reforma-administrativa-juizes-tem-36-da-remuneracao-em-extras-salariais\/\">Mais&#8230;<\/a><\/p>\n","protected":false},"author":5,"featured_media":13550,"comment_status":"open","ping_status":"open","sticky":false,"template":"","format":"standard","meta":[],"categories":[3],"tags":[],"_links":{"self":[{"href":"https:\/\/justicapotiguar.com.br\/index.php\/wp-json\/wp\/v2\/posts\/13549"}],"collection":[{"href":"https:\/\/justicapotiguar.com.br\/index.php\/wp-json\/wp\/v2\/posts"}],"about":[{"href":"https:\/\/justicapotiguar.com.br\/index.php\/wp-json\/wp\/v2\/types\/post"}],"author":[{"embeddable":true,"href":"https:\/\/justicapotiguar.com.br\/index.php\/wp-json\/wp\/v2\/users\/5"}],"replies":[{"embeddable":true,"href":"https:\/\/justicapotiguar.com.br\/index.php\/wp-json\/wp\/v2\/comments?post=13549"}],"version-history":[{"count":1,"href":"https:\/\/justicapotiguar.com.br\/index.php\/wp-json\/wp\/v2\/posts\/13549\/revisions"}],"predecessor-version":[{"id":13551,"href":"https:\/\/justicapotiguar.com.br\/index.php\/wp-json\/wp\/v2\/posts\/13549\/revisions\/13551"}],"wp:featuredmedia":[{"embeddable":true,"href":"https:\/\/justicapotiguar.com.br\/index.php\/wp-json\/wp\/v2\/media\/13550"}],"wp:attachment":[{"href":"https:\/\/justicapotiguar.com.br\/index.php\/wp-json\/wp\/v2\/media?parent=13549"}],"wp:term":[{"taxonomy":"category","embeddable":true,"href":"https:\/\/justicapotiguar.com.br\/index.php\/wp-json\/wp\/v2\/categories?post=13549"},{"taxonomy":"post_tag","embeddable":true,"href":"https:\/\/justicapotiguar.com.br\/index.php\/wp-json\/wp\/v2\/tags?post=13549"}],"curies":[{"name":"wp","href":"https:\/\/api.w.org\/{rel}","templated":true}]}}