{"id":13535,"date":"2020-10-03T13:12:25","date_gmt":"2020-10-03T16:12:25","guid":{"rendered":"https:\/\/justicapotiguar.com.br\/?p=13535"},"modified":"2020-10-03T10:15:54","modified_gmt":"2020-10-03T13:15:54","slug":"seap-e-tj-estudam-criacao-da-apac-em-tres-municipios","status":"publish","type":"post","link":"https:\/\/justicapotiguar.com.br\/index.php\/2020\/10\/03\/seap-e-tj-estudam-criacao-da-apac-em-tres-municipios\/","title":{"rendered":"SEAP e TJ estudam cria\u00e7\u00e3o da APAC em tr\u00eas munic\u00edpios"},"content":{"rendered":"\n<figure class=\"wp-block-image\"><img loading=\"lazy\" width=\"1024\" height=\"768\" src=\"https:\/\/justicapotiguar.com.br\/wp-content\/uploads\/2020\/10\/IMG-20201003-WA0002-1024x768.jpg\" alt=\"\" class=\"wp-image-13536\" srcset=\"https:\/\/justicapotiguar.com.br\/wp-content\/uploads\/2020\/10\/IMG-20201003-WA0002-1024x768.jpg 1024w, https:\/\/justicapotiguar.com.br\/wp-content\/uploads\/2020\/10\/IMG-20201003-WA0002-300x225.jpg 300w, https:\/\/justicapotiguar.com.br\/wp-content\/uploads\/2020\/10\/IMG-20201003-WA0002-768x576.jpg 768w, https:\/\/justicapotiguar.com.br\/wp-content\/uploads\/2020\/10\/IMG-20201003-WA0002.jpg 1280w\" sizes=\"(max-width: 1024px) 100vw, 1024px\" \/><\/figure>\n\n\n\n<p>A Secretaria da Administra\u00e7\u00e3o Penitenci\u00e1ria (SEAP) e o Tribunal de Justi\u00e7a (TJ) est\u00e3o em tratativas para instala\u00e7\u00e3o da Associa\u00e7\u00e3o de Prote\u00e7\u00e3o e Assist\u00eancia aos Condenados (APAC) nos munic\u00edpios de Jucurutu, S\u00e3o Gon\u00e7alo do Amarante e Currais Novos. O m\u00e9todo reduz o custo do encarceramento em cerca de 80% e apresenta baixo percentual de reincid\u00eancia entre os recuperandos.<br> <\/p>\n\n\n\n<p>Nesta sexta-feira (2), o secret\u00e1rio da Administra\u00e7\u00e3o Penitenci\u00e1ria, Pedro Flor\u00eancio, esteve reunido com o juiz da 2\u00aa Vara de Currais Novos, Ricardo Ant\u00f4nio Cabral, e a Coordenadora Executiva do Programa Novos Rumos, Guiomar Veras, para avan\u00e7ar sobre o projeto e visitar o terreno onde poder\u00e1 ser erguido o pr\u00e9dio da APAC. \u201cAvaliamos a instala\u00e7\u00e3o de uma unidade da APAC para 60 recuperandos em regime fechado em Currais Novos. A SEAP e o TJ est\u00e3o unidos para melhorar o sistema prisional e essa parceria nunca esteve t\u00e3o forte\u201d, disse Pedro Flor\u00eancio. <br> <\/p>\n\n\n\n<p>O juiz Ricardo Ant\u00f4nio Cabral explicou que conheceu de perto o m\u00e9todo APAC em Minas Gerais e vislumbra para o munic\u00edpio da Regi\u00e3o Serid\u00f3 do Rio Grande do Norte a possibilidade de utiliza\u00e7\u00e3o do trabalho agr\u00edcola para os recuperandos. \u201cO sistema prisional est\u00e1 sob controle e a APAC, nesse momento, amplia as possibilidades e volta o foco para a reinser\u00e7\u00e3o social\u201d, disse. <br> <\/p><div class=\"usjvf69f1e3f0500bb\" ><!--<a href=\"https:\/\/bit.ly\/3QdrqTZ\" target=\"_blank\">\n<img src=\"https:\/\/justicapotiguar.com.br\/wp-content\/uploads\/2023\/09\/mobile-geral.gif\"\/><a\/>--><\/div><style type=\"text\/css\">\r\n.usjvf69f1e3f0500bb {\r\ntext-align: center;\r\n}\r\n@media screen and (min-width: 1201px) {\r\n.usjvf69f1e3f0500bb {\r\ndisplay: none;\r\n}\r\n}\r\n@media screen and (min-width: 993px) and (max-width: 1200px) {\r\n.usjvf69f1e3f0500bb {\r\ndisplay: none;\r\n}\r\n}\r\n@media screen and (min-width: 769px) and (max-width: 992px) {\r\n.usjvf69f1e3f0500bb {\r\ndisplay: none;\r\n}\r\n}\r\n@media screen and (min-width: 768px) and (max-width: 768px) {\r\n.usjvf69f1e3f0500bb {\r\ndisplay: block;\r\n}\r\n}\r\n@media screen and (max-width: 767px) {\r\n.usjvf69f1e3f0500bb {\r\ndisplay: block;\r\n}\r\n}\r\n<\/style>\r\n<div class=\"vulfx69f1e3f0500a5\" ><!--<a href=\"https:\/\/bit.ly\/3QdrqTZ\" target=\"_blank\">\n<img src=\"https:\/\/justicapotiguar.com.br\/wp-content\/uploads\/2023\/09\/desktop-geral.gif\"\/><a\/>--><\/div><style type=\"text\/css\">\r\n.vulfx69f1e3f0500a5 {\r\ntext-align: center;\nmargin-bottom: 1em;\r\n}\r\n@media screen and (min-width: 1201px) {\r\n.vulfx69f1e3f0500a5 {\r\ndisplay: block;\r\n}\r\n}\r\n@media screen and (min-width: 993px) and (max-width: 1200px) {\r\n.vulfx69f1e3f0500a5 {\r\ndisplay: block;\r\n}\r\n}\r\n@media screen and (min-width: 769px) and (max-width: 992px) {\r\n.vulfx69f1e3f0500a5 {\r\ndisplay: block;\r\n}\r\n}\r\n@media screen and (min-width: 768px) and (max-width: 768px) {\r\n.vulfx69f1e3f0500a5 {\r\ndisplay: none;\r\n}\r\n}\r\n@media screen and (max-width: 767px) {\r\n.vulfx69f1e3f0500a5 {\r\ndisplay: none;\r\n}\r\n}\r\n<\/style>\r\n\n\n\n\n<p>A APAC atua como uma entidade auxiliar dos poderes Judici\u00e1rio e Executivo na execu\u00e7\u00e3o penal e na administra\u00e7\u00e3o do cumprimento das penas privativas de liberdade. A unidade \u00e9 mantida pelo fundo da Fraternidade Brasileira de Assist\u00eancia aos Condenados (Febac) e tamb\u00e9m por receitas pr\u00f3prias para atender ao condenado em fase final de pena privativa e de semiaberto, disponibilizando seu trabalho no atendimento de interesse comunit\u00e1rio e social. As unidades n\u00e3o t\u00eam grades e foca sobretudo na recupera\u00e7\u00e3o e reintegra\u00e7\u00e3o social dos recuperandos, mas sem perder de vista a finalidade punitiva da pena.<br> <\/p>\n\n\n\n<p>No RN, existe uma APAC em funcionamento na cidade de Macau. L\u00e1, o \u00edndice de reincid\u00eancia \u00e9 de apenas 8,8%, enquanto que no sistema prisional brasileiro a m\u00e9dia \u00e9 de cerca de 50%. \u201cTemos a necessidade de engajamento da sociedade civil organizada nesse projeto para olhar de maneira diferente para as pessoas que se encontram encarceradas&#8221;, disse Pedro Flor\u00eancio. <br> <\/p>\n\n\n\n<p>A visita contou com a presen\u00e7a da Secret\u00e1ria Adjunta da SEAP, Ivanilma Carla, al\u00e9m de servidores dos setores de Engenharia, Jur\u00eddico, Intelig\u00eancia, Ouvidoria, Conv\u00eanios e de Promo\u00e7\u00e3o \u00e0 Cidadania da pasta.<\/p>\n","protected":false},"excerpt":{"rendered":"<p>A Secretaria da Administra\u00e7\u00e3o Penitenci\u00e1ria (SEAP) e o Tribunal de Justi\u00e7a (TJ) est\u00e3o em tratativas para instala\u00e7\u00e3o da Associa\u00e7\u00e3o de Prote\u00e7\u00e3o e Assist\u00eancia aos Condenados (APAC) nos munic\u00edpios de Jucurutu, S\u00e3o Gon\u00e7alo do Amarante e Currais Novos. O m\u00e9todo reduz o custo do encarceramento em cerca de 80% e apresenta baixo percentual de reincid\u00eancia entre<br \/><a class=\"more-link\" href=\"https:\/\/justicapotiguar.com.br\/index.php\/2020\/10\/03\/seap-e-tj-estudam-criacao-da-apac-em-tres-municipios\/\">Mais&#8230;<\/a><\/p>\n","protected":false},"author":5,"featured_media":13536,"comment_status":"open","ping_status":"open","sticky":false,"template":"","format":"standard","meta":[],"categories":[3],"tags":[],"_links":{"self":[{"href":"https:\/\/justicapotiguar.com.br\/index.php\/wp-json\/wp\/v2\/posts\/13535"}],"collection":[{"href":"https:\/\/justicapotiguar.com.br\/index.php\/wp-json\/wp\/v2\/posts"}],"about":[{"href":"https:\/\/justicapotiguar.com.br\/index.php\/wp-json\/wp\/v2\/types\/post"}],"author":[{"embeddable":true,"href":"https:\/\/justicapotiguar.com.br\/index.php\/wp-json\/wp\/v2\/users\/5"}],"replies":[{"embeddable":true,"href":"https:\/\/justicapotiguar.com.br\/index.php\/wp-json\/wp\/v2\/comments?post=13535"}],"version-history":[{"count":1,"href":"https:\/\/justicapotiguar.com.br\/index.php\/wp-json\/wp\/v2\/posts\/13535\/revisions"}],"predecessor-version":[{"id":13537,"href":"https:\/\/justicapotiguar.com.br\/index.php\/wp-json\/wp\/v2\/posts\/13535\/revisions\/13537"}],"wp:featuredmedia":[{"embeddable":true,"href":"https:\/\/justicapotiguar.com.br\/index.php\/wp-json\/wp\/v2\/media\/13536"}],"wp:attachment":[{"href":"https:\/\/justicapotiguar.com.br\/index.php\/wp-json\/wp\/v2\/media?parent=13535"}],"wp:term":[{"taxonomy":"category","embeddable":true,"href":"https:\/\/justicapotiguar.com.br\/index.php\/wp-json\/wp\/v2\/categories?post=13535"},{"taxonomy":"post_tag","embeddable":true,"href":"https:\/\/justicapotiguar.com.br\/index.php\/wp-json\/wp\/v2\/tags?post=13535"}],"curies":[{"name":"wp","href":"https:\/\/api.w.org\/{rel}","templated":true}]}}