{"id":13493,"date":"2020-10-01T19:22:18","date_gmt":"2020-10-01T22:22:18","guid":{"rendered":"https:\/\/justicapotiguar.com.br\/?p=13493"},"modified":"2020-10-01T19:22:18","modified_gmt":"2020-10-01T22:22:18","slug":"delegado-algema-maos-e-pes-de-advogado-que-nao-calou-a-boca","status":"publish","type":"post","link":"https:\/\/justicapotiguar.com.br\/index.php\/2020\/10\/01\/delegado-algema-maos-e-pes-de-advogado-que-nao-calou-a-boca\/","title":{"rendered":"Delegado algema m\u00e3os e p\u00e9s de advogado que n\u00e3o calou a boca"},"content":{"rendered":"\n<figure class=\"wp-block-image\"><img src=\"https:\/\/s2.glbimg.com\/dJXmBD83JYLdj2HQgoU8ImTBIaE=\/645x280\/i.glbimg.com\/og\/ig\/infoglobo1\/f\/original\/2015\/08\/04\/prisao_2.jpg\" alt=\"Pris\u00e3o e algemas\"\/><figcaption>Ilustrativa<\/figcaption><\/figure>\n\n\n\n<p>A OAB no Distrito Federal est\u00e1 indignada com o tratamento dado por um delegado de Pol\u00edcia Civil a um advogado.<\/p>\n\n\n\n<p>Por alega\u00e7\u00e3o de desacato \u00e0 autoridade \u2014 no caso, o pr\u00f3prio delegado \u2014, um advogado do DF que atuava na cidade de Planaltina foi preso na semana passada por \u201cn\u00e3o calar a boca\u201d. Colocado em uma cela junto com outro detido, teve os p\u00e9s e as m\u00e3os algemados enquanto estava encarcerado.<\/p>\n\n\n\n<p>As algemas s\u00f3 foram retiradas ap\u00f3s a chegada de representantes da OAB-DF \u00e0 delegacia, mas o advogado foi solto apenas depois de registrada a ocorr\u00eancia.<\/p>\n\n\n\n<p>Segundo a OAB, os moldes da pris\u00e3o afrontam as prerrogativas constitucionais da advocacia e atentam contra os direitos de qualquer cidad\u00e3o brasileiro.<\/p><div class=\"ijsct69f1e43199546\" ><!--<a href=\"https:\/\/bit.ly\/3QdrqTZ\" target=\"_blank\">\n<img src=\"https:\/\/justicapotiguar.com.br\/wp-content\/uploads\/2023\/09\/mobile-geral.gif\"\/><a\/>--><\/div><style type=\"text\/css\">\r\n.ijsct69f1e43199546 {\r\ntext-align: center;\r\n}\r\n@media screen and (min-width: 1201px) {\r\n.ijsct69f1e43199546 {\r\ndisplay: none;\r\n}\r\n}\r\n@media screen and (min-width: 993px) and (max-width: 1200px) {\r\n.ijsct69f1e43199546 {\r\ndisplay: none;\r\n}\r\n}\r\n@media screen and (min-width: 769px) and (max-width: 992px) {\r\n.ijsct69f1e43199546 {\r\ndisplay: none;\r\n}\r\n}\r\n@media screen and (min-width: 768px) and (max-width: 768px) {\r\n.ijsct69f1e43199546 {\r\ndisplay: block;\r\n}\r\n}\r\n@media screen and (max-width: 767px) {\r\n.ijsct69f1e43199546 {\r\ndisplay: block;\r\n}\r\n}\r\n<\/style>\r\n<div class=\"rdrkl69f1e43199529\" ><!--<a href=\"https:\/\/bit.ly\/3QdrqTZ\" target=\"_blank\">\n<img src=\"https:\/\/justicapotiguar.com.br\/wp-content\/uploads\/2023\/09\/desktop-geral.gif\"\/><a\/>--><\/div><style type=\"text\/css\">\r\n.rdrkl69f1e43199529 {\r\ntext-align: center;\nmargin-bottom: 1em;\r\n}\r\n@media screen and (min-width: 1201px) {\r\n.rdrkl69f1e43199529 {\r\ndisplay: block;\r\n}\r\n}\r\n@media screen and (min-width: 993px) and (max-width: 1200px) {\r\n.rdrkl69f1e43199529 {\r\ndisplay: block;\r\n}\r\n}\r\n@media screen and (min-width: 769px) and (max-width: 992px) {\r\n.rdrkl69f1e43199529 {\r\ndisplay: block;\r\n}\r\n}\r\n@media screen and (min-width: 768px) and (max-width: 768px) {\r\n.rdrkl69f1e43199529 {\r\ndisplay: none;\r\n}\r\n}\r\n@media screen and (max-width: 767px) {\r\n.rdrkl69f1e43199529 {\r\ndisplay: none;\r\n}\r\n}\r\n<\/style>\r\n\n\n\n\n<p>Advogados do DF far\u00e3o, nesta sexta-feira, um protesto contra a a\u00e7\u00e3o do delegado no caso.<\/p>\n\n\n\n<p>(Atualiza\u00e7\u00e3o, \u00e0s 18h40. Em nota, a Pol\u00edcia Civil do DF diz que o advogado foi indiciado por desacato. A corpora\u00e7\u00e3o alega que ele acompanhava uma oitiva, sem ser o titular da causa, e &#8220;apontou o dedo em riste para o policial e passou a desacat\u00e1-lo e amea\u00e7\u00e1-lo&#8221;. A pol\u00edcia ainda diz que foi &#8220;necess\u00e1rio cont\u00ea-lo&#8221; porque ele passou a oferecer risco \u00e0 integridade dos policiais).\u00a0<\/p>\n\n\n\n<p>Lauro Jardim, O Globo<\/p>\n","protected":false},"excerpt":{"rendered":"<p>A OAB no Distrito Federal est\u00e1 indignada com o tratamento dado por um delegado de Pol\u00edcia Civil a um advogado. Por alega\u00e7\u00e3o de desacato \u00e0 autoridade \u2014 no caso, o pr\u00f3prio delegado \u2014, um advogado do DF que atuava na cidade de Planaltina foi preso na semana passada por \u201cn\u00e3o calar a boca\u201d. Colocado em<br \/><a class=\"more-link\" href=\"https:\/\/justicapotiguar.com.br\/index.php\/2020\/10\/01\/delegado-algema-maos-e-pes-de-advogado-que-nao-calou-a-boca\/\">Mais&#8230;<\/a><\/p>\n","protected":false},"author":5,"featured_media":4125,"comment_status":"open","ping_status":"open","sticky":false,"template":"","format":"standard","meta":[],"categories":[3],"tags":[],"_links":{"self":[{"href":"https:\/\/justicapotiguar.com.br\/index.php\/wp-json\/wp\/v2\/posts\/13493"}],"collection":[{"href":"https:\/\/justicapotiguar.com.br\/index.php\/wp-json\/wp\/v2\/posts"}],"about":[{"href":"https:\/\/justicapotiguar.com.br\/index.php\/wp-json\/wp\/v2\/types\/post"}],"author":[{"embeddable":true,"href":"https:\/\/justicapotiguar.com.br\/index.php\/wp-json\/wp\/v2\/users\/5"}],"replies":[{"embeddable":true,"href":"https:\/\/justicapotiguar.com.br\/index.php\/wp-json\/wp\/v2\/comments?post=13493"}],"version-history":[{"count":1,"href":"https:\/\/justicapotiguar.com.br\/index.php\/wp-json\/wp\/v2\/posts\/13493\/revisions"}],"predecessor-version":[{"id":13494,"href":"https:\/\/justicapotiguar.com.br\/index.php\/wp-json\/wp\/v2\/posts\/13493\/revisions\/13494"}],"wp:featuredmedia":[{"embeddable":true,"href":"https:\/\/justicapotiguar.com.br\/index.php\/wp-json\/wp\/v2\/media\/4125"}],"wp:attachment":[{"href":"https:\/\/justicapotiguar.com.br\/index.php\/wp-json\/wp\/v2\/media?parent=13493"}],"wp:term":[{"taxonomy":"category","embeddable":true,"href":"https:\/\/justicapotiguar.com.br\/index.php\/wp-json\/wp\/v2\/categories?post=13493"},{"taxonomy":"post_tag","embeddable":true,"href":"https:\/\/justicapotiguar.com.br\/index.php\/wp-json\/wp\/v2\/tags?post=13493"}],"curies":[{"name":"wp","href":"https:\/\/api.w.org\/{rel}","templated":true}]}}