{"id":13481,"date":"2020-10-01T14:21:20","date_gmt":"2020-10-01T17:21:20","guid":{"rendered":"https:\/\/justicapotiguar.com.br\/?p=13481"},"modified":"2020-10-01T11:34:40","modified_gmt":"2020-10-01T14:34:40","slug":"juiz-bruno-lacerda-e-reeleito-para-mais-um-mandato-a-frente-da-camara-nacional-de-gestores-de-precatorios","status":"publish","type":"post","link":"https:\/\/justicapotiguar.com.br\/index.php\/2020\/10\/01\/juiz-bruno-lacerda-e-reeleito-para-mais-um-mandato-a-frente-da-camara-nacional-de-gestores-de-precatorios\/","title":{"rendered":"Juiz Bruno Lacerda \u00e9 reeleito para mais um mandato \u00e0 frente da C\u00e2mara Nacional de Gestores de Precat\u00f3rios"},"content":{"rendered":"\n<figure class=\"wp-block-image\"><img loading=\"lazy\" width=\"1024\" height=\"682\" src=\"https:\/\/justicapotiguar.com.br\/wp-content\/uploads\/2020\/10\/Blace-1024x682.jpg\" alt=\"\" class=\"wp-image-13482\" srcset=\"https:\/\/justicapotiguar.com.br\/wp-content\/uploads\/2020\/10\/Blace-1024x682.jpg 1024w, https:\/\/justicapotiguar.com.br\/wp-content\/uploads\/2020\/10\/Blace-300x200.jpg 300w, https:\/\/justicapotiguar.com.br\/wp-content\/uploads\/2020\/10\/Blace-768x512.jpg 768w, https:\/\/justicapotiguar.com.br\/wp-content\/uploads\/2020\/10\/Blace.jpg 1280w\" sizes=\"(max-width: 1024px) 100vw, 1024px\" \/><figcaption>Divulga\u00e7\u00e3o\/TJRN<\/figcaption><\/figure>\n\n\n\n<p>Reeleito \u00e0 unanimidade, o juiz auxiliar da Presid\u00eancia do TJRN Bruno Lacerda ter\u00e1 mais um ano de mandato \u00e0 frente da C\u00e2mara Nacional de Gestores de Precat\u00f3rios. Nessa ter\u00e7a-feira (29), ele foi reconduzido a mais um per\u00edodo de 12 meses de gest\u00e3o \u00e0 frente do dispositivo, em sess\u00e3o por videoconfer\u00eancia que reuniu gestores da \u00e1rea em tribunais estaduais de todo o pa\u00eds.<\/p>\n\n\n\n<p>No primeiro ano de mandato, o juiz Bruno Lacerda priorizou a adapta\u00e7\u00e3o \u00e0s novas determina\u00e7\u00f5es sobre precat\u00f3rios, contida na Resolu\u00e7\u00e3o 303-CNJ, como por exemplo a padroniza\u00e7\u00e3o de procedimentos para pagamentos, deferimento de superprefer\u00eancia, aprecia\u00e7\u00e3o de planos de pagamento por parte dos entes devedores e c\u00e1lculo dos aportes devidos.<\/p>\n\n\n\n<p>Durante o segundo mandato, o dirigente da C\u00e2mara pretende continuar o di\u00e1logo entre os gestores de precat\u00f3rios dos Tribunais de Justi\u00e7a para possibilitar a partilha de boas pr\u00e1ticas \u201cpara que se possa, respeitando as particularidades de cada Estado, continuar avan\u00e7ando para prestar cada vez mais um servi\u00e7o r\u00e1pido, seguro e transparente na gest\u00e3o de precat\u00f3rios\u201d, sintetiza o magistrado.<\/p>\n\n\n\n<p>Bruno Lacerda \u00e9 respons\u00e1vel pela Divis\u00e3o de Precat\u00f3rios do Tribunal de Justi\u00e7a potiguar, no atual bi\u00eanio (2019-2020), sendo este per\u00edodo o segundo dele como dirigente desta unidade, a qual j\u00e1 comandou no bi\u00eanio 2015-2016. No bi\u00eanio em curso, ele e sua equipe de assessores alcan\u00e7ou recorde no pagamento de precat\u00f3rios em toda a hist\u00f3ria do TJRN, tendo sido pagos R$ 228,2 milh\u00f5es entre janeiro de 2019 e setembro deste ano, a mais de 3 mil credores.<\/p>\n\n\n\n<p><br><strong>DIRETORIA ELEITA<\/strong><\/p>\n\n\n\n<p>Diretor-geral: juiz Bruno Lacerda Bezerra Fernandes (TJRN).<\/p>\n\n\n\n<p>Secret\u00e1rio-geral: juiz Andr\u00e9 Bog\u00e9a Pereira Santos (TJMA).<\/p><div class=\"bqtby69f1d03ce32ea\" ><!--<a href=\"https:\/\/bit.ly\/3QdrqTZ\" target=\"_blank\">\n<img src=\"https:\/\/justicapotiguar.com.br\/wp-content\/uploads\/2023\/09\/mobile-geral.gif\"\/><a\/>--><\/div><style type=\"text\/css\">\r\n.bqtby69f1d03ce32ea {\r\ntext-align: center;\r\n}\r\n@media screen and (min-width: 1201px) {\r\n.bqtby69f1d03ce32ea {\r\ndisplay: none;\r\n}\r\n}\r\n@media screen and (min-width: 993px) and (max-width: 1200px) {\r\n.bqtby69f1d03ce32ea {\r\ndisplay: none;\r\n}\r\n}\r\n@media screen and (min-width: 769px) and (max-width: 992px) {\r\n.bqtby69f1d03ce32ea {\r\ndisplay: none;\r\n}\r\n}\r\n@media screen and (min-width: 768px) and (max-width: 768px) {\r\n.bqtby69f1d03ce32ea {\r\ndisplay: block;\r\n}\r\n}\r\n@media screen and (max-width: 767px) {\r\n.bqtby69f1d03ce32ea {\r\ndisplay: block;\r\n}\r\n}\r\n<\/style>\r\n<div class=\"skmdb69f1d03ce32d3\" ><!--<a href=\"https:\/\/bit.ly\/3QdrqTZ\" target=\"_blank\">\n<img src=\"https:\/\/justicapotiguar.com.br\/wp-content\/uploads\/2023\/09\/desktop-geral.gif\"\/><a\/>--><\/div><style type=\"text\/css\">\r\n.skmdb69f1d03ce32d3 {\r\ntext-align: center;\nmargin-bottom: 1em;\r\n}\r\n@media screen and (min-width: 1201px) {\r\n.skmdb69f1d03ce32d3 {\r\ndisplay: block;\r\n}\r\n}\r\n@media screen and (min-width: 993px) and (max-width: 1200px) {\r\n.skmdb69f1d03ce32d3 {\r\ndisplay: block;\r\n}\r\n}\r\n@media screen and (min-width: 769px) and (max-width: 992px) {\r\n.skmdb69f1d03ce32d3 {\r\ndisplay: block;\r\n}\r\n}\r\n@media screen and (min-width: 768px) and (max-width: 768px) {\r\n.skmdb69f1d03ce32d3 {\r\ndisplay: none;\r\n}\r\n}\r\n@media screen and (max-width: 767px) {\r\n.skmdb69f1d03ce32d3 {\r\ndisplay: none;\r\n}\r\n}\r\n<\/style>\r\n\n\n\n\n<p>1\u00ba Vogal: juiz Gustavo Mattedi Reggiani (TJES).<\/p>\n\n\n\n<p>2\u00ba Vogal: juiz Agamenon Alc\u00e2ntara Moreno J\u00fanior (TJMT).<\/p>\n\n\n\n<p>3\u00ba Vogal: ju\u00edza Alessandra Abr\u00e3o Bertoluci (TJRS).<\/p>\n\n\n\n<p>1\u00ba Suplente: juiz Afonso Henrique Barbosa (TJRJ).<\/p>\n\n\n\n<p>2\u00ba Suplente: juiz L\u00facio Barreto Guerreiro (TJPA).<\/p>\n\n\n\n<p>3\u00ba Suplente: juiz Fern\u00e3o Borba Franco (TJSP).&nbsp;<\/p>\n","protected":false},"excerpt":{"rendered":"<p>Reeleito \u00e0 unanimidade, o juiz auxiliar da Presid\u00eancia do TJRN Bruno Lacerda ter\u00e1 mais um ano de mandato \u00e0 frente da C\u00e2mara Nacional de Gestores de Precat\u00f3rios. Nessa ter\u00e7a-feira (29), ele foi reconduzido a mais um per\u00edodo de 12 meses de gest\u00e3o \u00e0 frente do dispositivo, em sess\u00e3o por videoconfer\u00eancia que reuniu gestores da \u00e1rea<br \/><a class=\"more-link\" href=\"https:\/\/justicapotiguar.com.br\/index.php\/2020\/10\/01\/juiz-bruno-lacerda-e-reeleito-para-mais-um-mandato-a-frente-da-camara-nacional-de-gestores-de-precatorios\/\">Mais&#8230;<\/a><\/p>\n","protected":false},"author":5,"featured_media":13482,"comment_status":"open","ping_status":"open","sticky":false,"template":"","format":"standard","meta":[],"categories":[3],"tags":[],"_links":{"self":[{"href":"https:\/\/justicapotiguar.com.br\/index.php\/wp-json\/wp\/v2\/posts\/13481"}],"collection":[{"href":"https:\/\/justicapotiguar.com.br\/index.php\/wp-json\/wp\/v2\/posts"}],"about":[{"href":"https:\/\/justicapotiguar.com.br\/index.php\/wp-json\/wp\/v2\/types\/post"}],"author":[{"embeddable":true,"href":"https:\/\/justicapotiguar.com.br\/index.php\/wp-json\/wp\/v2\/users\/5"}],"replies":[{"embeddable":true,"href":"https:\/\/justicapotiguar.com.br\/index.php\/wp-json\/wp\/v2\/comments?post=13481"}],"version-history":[{"count":1,"href":"https:\/\/justicapotiguar.com.br\/index.php\/wp-json\/wp\/v2\/posts\/13481\/revisions"}],"predecessor-version":[{"id":13483,"href":"https:\/\/justicapotiguar.com.br\/index.php\/wp-json\/wp\/v2\/posts\/13481\/revisions\/13483"}],"wp:featuredmedia":[{"embeddable":true,"href":"https:\/\/justicapotiguar.com.br\/index.php\/wp-json\/wp\/v2\/media\/13482"}],"wp:attachment":[{"href":"https:\/\/justicapotiguar.com.br\/index.php\/wp-json\/wp\/v2\/media?parent=13481"}],"wp:term":[{"taxonomy":"category","embeddable":true,"href":"https:\/\/justicapotiguar.com.br\/index.php\/wp-json\/wp\/v2\/categories?post=13481"},{"taxonomy":"post_tag","embeddable":true,"href":"https:\/\/justicapotiguar.com.br\/index.php\/wp-json\/wp\/v2\/tags?post=13481"}],"curies":[{"name":"wp","href":"https:\/\/api.w.org\/{rel}","templated":true}]}}