{"id":13479,"date":"2020-10-01T13:31:54","date_gmt":"2020-10-01T16:31:54","guid":{"rendered":"https:\/\/justicapotiguar.com.br\/?p=13479"},"modified":"2020-10-01T11:28:26","modified_gmt":"2020-10-01T14:28:26","slug":"varas-do-trabalho-do-trt-rn-iniciam-realizacao-de-autoinspecao-judicial","status":"publish","type":"post","link":"https:\/\/justicapotiguar.com.br\/index.php\/2020\/10\/01\/varas-do-trabalho-do-trt-rn-iniciam-realizacao-de-autoinspecao-judicial\/","title":{"rendered":"Varas do Trabalho do TRT-RN iniciam realiza\u00e7\u00e3o de autoinspe\u00e7\u00e3o judicial"},"content":{"rendered":"\n<div class=\"wp-block-image\"><figure class=\"aligncenter\"><img loading=\"lazy\" width=\"350\" height=\"230\" src=\"https:\/\/justicapotiguar.com.br\/wp-content\/uploads\/2020\/03\/Fachada-TRT21.jpg\" alt=\"\" class=\"wp-image-7337\" srcset=\"https:\/\/justicapotiguar.com.br\/wp-content\/uploads\/2020\/03\/Fachada-TRT21.jpg 350w, https:\/\/justicapotiguar.com.br\/wp-content\/uploads\/2020\/03\/Fachada-TRT21-300x197.jpg 300w\" sizes=\"(max-width: 350px) 100vw, 350px\" \/><figcaption>Reprodu\u00e7\u00e3o<\/figcaption><\/figure><\/div>\n\n\n\n<p>As Varas do Trabalho do Tribunal Regional do Trabalho da 21\u00aa Regi\u00e3o (TRT-RN)&nbsp;iniciam, nesta semana, a realiza\u00e7\u00e3o da&nbsp;autoinspe\u00e7\u00e3o&nbsp;judicial. A possibilidade foi aberta pelo corregedor do Tribunal, o desembargador presidente Bento Herculano Duarte Neto. A 2\u00aa Vara do Trabalho de Natal ser\u00e1 a primeira e realizar o procedimento.<br><\/p>\n\n\n\n<p>A autoinspe\u00e7\u00e3o judicial foi facultada aos ju\u00edzes titulares pelo Provimento n\u00ba 2 do TRT-RN e est\u00e1 em conson\u00e2ncia com a Diretriz Estrat\u00e9gica n\u00ba 1 da Corregedoria Nacional de Justi\u00e7a, \u00f3rg\u00e3o vinculado ao Conselho Nacional de Justi\u00e7a (CNJ).<\/p>\n\n\n\n<p>Segundo Bento Herculano Duarte Neto, a finalidade do procedimento \u00e9 que as pr\u00f3prias unidades possam averiguar a regularidade do processamento dos feitos judiciais e dos servi\u00e7os judici\u00e1rios, o cumprimento dos prazos, o aprimoramento da presta\u00e7\u00e3o jurisdicional e a celeridade nos servi\u00e7os. O relat\u00f3rio da autoinspe\u00e7\u00e3o \u00e9 posteriormente analisado pela Corregedoria Regional.<\/p>\n\n\n\n<p>A primeira autoinspe\u00e7\u00e3o no \u00e2mbito do TRT-RN acontece desde ontem (30) e segue at\u00e9 esta sexta-feira (2). A realiza\u00e7\u00e3o do procedimento foi publicada em edital assinado pelo juiz titular da 2\u00aa Vara do Trabalho de Natal, Luciano Athayde Chaves.<\/p><div class=\"dgpzl69f1d023893bb\" ><!--<a href=\"https:\/\/bit.ly\/3QdrqTZ\" target=\"_blank\">\n<img src=\"https:\/\/justicapotiguar.com.br\/wp-content\/uploads\/2023\/09\/mobile-geral.gif\"\/><a\/>--><\/div><style type=\"text\/css\">\r\n.dgpzl69f1d023893bb {\r\ntext-align: center;\r\n}\r\n@media screen and (min-width: 1201px) {\r\n.dgpzl69f1d023893bb {\r\ndisplay: none;\r\n}\r\n}\r\n@media screen and (min-width: 993px) and (max-width: 1200px) {\r\n.dgpzl69f1d023893bb {\r\ndisplay: none;\r\n}\r\n}\r\n@media screen and (min-width: 769px) and (max-width: 992px) {\r\n.dgpzl69f1d023893bb {\r\ndisplay: none;\r\n}\r\n}\r\n@media screen and (min-width: 768px) and (max-width: 768px) {\r\n.dgpzl69f1d023893bb {\r\ndisplay: block;\r\n}\r\n}\r\n@media screen and (max-width: 767px) {\r\n.dgpzl69f1d023893bb {\r\ndisplay: block;\r\n}\r\n}\r\n<\/style>\r\n<div class=\"zgywl69f1d0238939f\" ><!--<a href=\"https:\/\/bit.ly\/3QdrqTZ\" target=\"_blank\">\n<img src=\"https:\/\/justicapotiguar.com.br\/wp-content\/uploads\/2023\/09\/desktop-geral.gif\"\/><a\/>--><\/div><style type=\"text\/css\">\r\n.zgywl69f1d0238939f {\r\ntext-align: center;\nmargin-bottom: 1em;\r\n}\r\n@media screen and (min-width: 1201px) {\r\n.zgywl69f1d0238939f {\r\ndisplay: block;\r\n}\r\n}\r\n@media screen and (min-width: 993px) and (max-width: 1200px) {\r\n.zgywl69f1d0238939f {\r\ndisplay: block;\r\n}\r\n}\r\n@media screen and (min-width: 769px) and (max-width: 992px) {\r\n.zgywl69f1d0238939f {\r\ndisplay: block;\r\n}\r\n}\r\n@media screen and (min-width: 768px) and (max-width: 768px) {\r\n.zgywl69f1d0238939f {\r\ndisplay: none;\r\n}\r\n}\r\n@media screen and (max-width: 767px) {\r\n.zgywl69f1d0238939f {\r\ndisplay: none;\r\n}\r\n}\r\n<\/style>\r\n\n\n\n\n<p>O Minist\u00e9rio P\u00fablico do Trabalho (MPT) e a Ordem dos Advogados do Rio Grande do Norte (OAB-RN) foram oficiados pelo magistrado sobre a autoinspe\u00e7\u00e3o.<\/p>\n\n\n\n<p>O procedimento, como explica ele, ser\u00e1 realizado por interm\u00e9dio de exame por amostragem dos processos em curso na unidade judici\u00e1ria, no percentual m\u00ednimo de 20%. Ap\u00f3s a autoinspe\u00e7\u00e3o, a Vara vai encaminhar \u00e0 Corregedoria Regional todas as ocorr\u00eancias e irregularidades encontradas, bem com as medidas adotadas para sua regular corre\u00e7\u00e3o.<\/p>\n\n\n\n<p>Luciano Athayde Chaves, que tamb\u00e9m \u00e9 o juiz auxiliar da Corregedoria do Tribunal, enfatizou que a autoinspe\u00e7\u00e3o contribui para a concretiza\u00e7\u00e3o do princ\u00edpio da razo\u00e1vel dura\u00e7\u00e3o do processo, consignado no inciso LXXVIII do artigo 5\u00b0 da Constitui\u00e7\u00e3o Federal.<\/p>\n","protected":false},"excerpt":{"rendered":"<p>As Varas do Trabalho do Tribunal Regional do Trabalho da 21\u00aa Regi\u00e3o (TRT-RN)&nbsp;iniciam, nesta semana, a realiza\u00e7\u00e3o da&nbsp;autoinspe\u00e7\u00e3o&nbsp;judicial. A possibilidade foi aberta pelo corregedor do Tribunal, o desembargador presidente Bento Herculano Duarte Neto. A 2\u00aa Vara do Trabalho de Natal ser\u00e1 a primeira e realizar o procedimento. A autoinspe\u00e7\u00e3o judicial foi facultada aos ju\u00edzes titulares<br \/><a class=\"more-link\" href=\"https:\/\/justicapotiguar.com.br\/index.php\/2020\/10\/01\/varas-do-trabalho-do-trt-rn-iniciam-realizacao-de-autoinspecao-judicial\/\">Mais&#8230;<\/a><\/p>\n","protected":false},"author":5,"featured_media":7337,"comment_status":"open","ping_status":"open","sticky":false,"template":"","format":"standard","meta":[],"categories":[3],"tags":[],"_links":{"self":[{"href":"https:\/\/justicapotiguar.com.br\/index.php\/wp-json\/wp\/v2\/posts\/13479"}],"collection":[{"href":"https:\/\/justicapotiguar.com.br\/index.php\/wp-json\/wp\/v2\/posts"}],"about":[{"href":"https:\/\/justicapotiguar.com.br\/index.php\/wp-json\/wp\/v2\/types\/post"}],"author":[{"embeddable":true,"href":"https:\/\/justicapotiguar.com.br\/index.php\/wp-json\/wp\/v2\/users\/5"}],"replies":[{"embeddable":true,"href":"https:\/\/justicapotiguar.com.br\/index.php\/wp-json\/wp\/v2\/comments?post=13479"}],"version-history":[{"count":1,"href":"https:\/\/justicapotiguar.com.br\/index.php\/wp-json\/wp\/v2\/posts\/13479\/revisions"}],"predecessor-version":[{"id":13480,"href":"https:\/\/justicapotiguar.com.br\/index.php\/wp-json\/wp\/v2\/posts\/13479\/revisions\/13480"}],"wp:featuredmedia":[{"embeddable":true,"href":"https:\/\/justicapotiguar.com.br\/index.php\/wp-json\/wp\/v2\/media\/7337"}],"wp:attachment":[{"href":"https:\/\/justicapotiguar.com.br\/index.php\/wp-json\/wp\/v2\/media?parent=13479"}],"wp:term":[{"taxonomy":"category","embeddable":true,"href":"https:\/\/justicapotiguar.com.br\/index.php\/wp-json\/wp\/v2\/categories?post=13479"},{"taxonomy":"post_tag","embeddable":true,"href":"https:\/\/justicapotiguar.com.br\/index.php\/wp-json\/wp\/v2\/tags?post=13479"}],"curies":[{"name":"wp","href":"https:\/\/api.w.org\/{rel}","templated":true}]}}