{"id":13477,"date":"2020-10-01T12:07:35","date_gmt":"2020-10-01T15:07:35","guid":{"rendered":"https:\/\/justicapotiguar.com.br\/?p=13477"},"modified":"2020-10-01T10:38:02","modified_gmt":"2020-10-01T13:38:02","slug":"desembargador-kassio-nunes-cotado-para-stf-liberou-lagostas-e-vinhos-a-corte","status":"publish","type":"post","link":"https:\/\/justicapotiguar.com.br\/index.php\/2020\/10\/01\/desembargador-kassio-nunes-cotado-para-stf-liberou-lagostas-e-vinhos-a-corte\/","title":{"rendered":"Desembargador Kassio Nunes, cotado para STF, liberou lagostas e vinhos \u00e0 Corte"},"content":{"rendered":"\n<div class=\"wp-block-image\"><figure class=\"aligncenter\"><img loading=\"lazy\" width=\"424\" height=\"283\" src=\"https:\/\/justicapotiguar.com.br\/wp-content\/uploads\/2020\/09\/images-32.jpeg\" alt=\"\" class=\"wp-image-13448\" srcset=\"https:\/\/justicapotiguar.com.br\/wp-content\/uploads\/2020\/09\/images-32.jpeg 424w, https:\/\/justicapotiguar.com.br\/wp-content\/uploads\/2020\/09\/images-32-300x200.jpeg 300w\" sizes=\"(max-width: 424px) 100vw, 424px\" \/><figcaption>Reprodu\u00e7\u00e3o<\/figcaption><\/figure><\/div>\n\n\n\n<p>Bastou o nome do desembargador\u00a0<a href=\"https:\/\/extra.globo.com\/noticias\/brasil\/bolsonaro-indicara-desembargador-kassio-nunes-do-trf-1-vaga-no-supremo-diz-fonte-24668801.html\">Kassio Nunes<\/a>\u00a0ser soprado como poss\u00edvel indica\u00e7\u00e3o ao Supremo Tribunal Federal (STF) para o seu perfil repercutir na web. E em suas decis\u00f5es mais recentes, chama aten\u00e7\u00e3o em especial uma determina\u00e7\u00e3o de maio de 2019, quando ele liberou licita\u00e7\u00e3o do STF para compra de lagostas e vinhos. A aquisi\u00e7\u00e3o destes itens aliment\u00edcios havia sido impedida por uma ju\u00edza federal, mas essa proibi\u00e7\u00e3o foi cassada, com Nunes justificando n\u00e3o ver irregularidades nos termos.<\/p>\n\n\n\n<p>O card\u00e1pio discutido nessa quest\u00e3o envolvia &#8220;medalh\u00f5es de lagosta servidos com molho de manteiga queimada, pato assado com molho de laranja ou de azeitonas, vinhos brancos Chardonnay com no m\u00ednimo quatro premia\u00e7\u00f5es internacionais, caipirinha com &#8216;cacha\u00e7a de alta qualidade&#8217;, envelhecida em barris de madeira nobre por um ou tr\u00eas anos&#8221;. O contrato da licita\u00e7\u00e3o podia ser de ser R$ 1,13 milh\u00e3o.<\/p>\n\n\n\n<figure><iframe width=\"2\" height=\"2\"><\/iframe><\/figure>\n\n\n\n<p>&#8220;N\u00e3o se trata de mero fornecimento ordin\u00e1rio de alimenta\u00e7\u00e3o aos Magistrados daquela Corte, tampouco se destina, a contrata\u00e7\u00e3o, a todo e qualquer evento&#8221;, afirmou ele na decis\u00e3o judicial, citando ainda que as refei\u00e7\u00f5es neste caso seriam destinadas &#8220;\u00e0s mais graduadas autoridades nacionais e estrangeiras, em compromissos oficiais nos quais a pr\u00f3pria dignidade da Institui\u00e7\u00e3o, obviamente, \u00e9 exposta&#8221;.<\/p>\n\n\n\n<p>\u00c0 \u00e9poca, foi atendido um pedido da Advocacia-Geral da Uni\u00e3o.<\/p>\n\n\n\n<p>A ju\u00edza que havia impedido a compra de tais alimentos e bebidas, Solange Salgado, classificara que eles &#8220;destoam sobremaneira da realidade socioecon\u00f4mico brasileira, configurando um desprest\u00edgio ao cidad\u00e3o brasileiro que arduamente recolhe seus impostos para manter a m\u00e1quina p\u00fablica funcionando a seu benef\u00edcio&#8221;.<\/p>\n\n\n\n<p>Para exemplificar compromissos merecedores de lagostas e vinhos, Nunes mencionara &#8220;a realiza\u00e7\u00e3o, prevista para 2019, de eventos setoriais do Mercosul, c\u00fapula do BRICS, bem como, a t\u00edtulo exemplificativo, o recebimento de Chefes de Poderes, Chefes de Estados estrangeiros e Ju\u00edzes de Cortes Constitucionais de todos o mundo&#8221;.<\/p>\n\n\n\n<p>Uma vez que seja confirmada a indica\u00e7\u00e3o do presidente Jair Bolsonado ao desembargador, Nunes deve ocupar a vaga no STF que ser\u00e1 aberta com a aposentadoria do ministro Celso de Mello no pr\u00f3ximo dia 13, segundo uma fonte com conhecimento do caso ouvida pela ag\u00eancia de not\u00edcias &#8220;Reuters&#8221;.<\/p><div class=\"jxlrx69f1d01e56a28\" ><!--<a href=\"https:\/\/bit.ly\/3QdrqTZ\" target=\"_blank\">\n<img src=\"https:\/\/justicapotiguar.com.br\/wp-content\/uploads\/2023\/09\/mobile-geral.gif\"\/><a\/>--><\/div><style type=\"text\/css\">\r\n.jxlrx69f1d01e56a28 {\r\ntext-align: center;\r\n}\r\n@media screen and (min-width: 1201px) {\r\n.jxlrx69f1d01e56a28 {\r\ndisplay: none;\r\n}\r\n}\r\n@media screen and (min-width: 993px) and (max-width: 1200px) {\r\n.jxlrx69f1d01e56a28 {\r\ndisplay: none;\r\n}\r\n}\r\n@media screen and (min-width: 769px) and (max-width: 992px) {\r\n.jxlrx69f1d01e56a28 {\r\ndisplay: none;\r\n}\r\n}\r\n@media screen and (min-width: 768px) and (max-width: 768px) {\r\n.jxlrx69f1d01e56a28 {\r\ndisplay: block;\r\n}\r\n}\r\n@media screen and (max-width: 767px) {\r\n.jxlrx69f1d01e56a28 {\r\ndisplay: block;\r\n}\r\n}\r\n<\/style>\r\n<div class=\"iaweg69f1d01e56a0b\" ><!--<a href=\"https:\/\/bit.ly\/3QdrqTZ\" target=\"_blank\">\n<img src=\"https:\/\/justicapotiguar.com.br\/wp-content\/uploads\/2023\/09\/desktop-geral.gif\"\/><a\/>--><\/div><style type=\"text\/css\">\r\n.iaweg69f1d01e56a0b {\r\ntext-align: center;\nmargin-bottom: 1em;\r\n}\r\n@media screen and (min-width: 1201px) {\r\n.iaweg69f1d01e56a0b {\r\ndisplay: block;\r\n}\r\n}\r\n@media screen and (min-width: 993px) and (max-width: 1200px) {\r\n.iaweg69f1d01e56a0b {\r\ndisplay: block;\r\n}\r\n}\r\n@media screen and (min-width: 769px) and (max-width: 992px) {\r\n.iaweg69f1d01e56a0b {\r\ndisplay: block;\r\n}\r\n}\r\n@media screen and (min-width: 768px) and (max-width: 768px) {\r\n.iaweg69f1d01e56a0b {\r\ndisplay: none;\r\n}\r\n}\r\n@media screen and (max-width: 767px) {\r\n.iaweg69f1d01e56a0b {\r\ndisplay: none;\r\n}\r\n}\r\n<\/style>\r\n\n\n\n\n<h4>Rea\u00e7\u00e3o de surpresa<\/h4>\n\n\n\n<p>A escolha de Bolsonaro, que ainda precisa ser confirmada oficialmente, surpreendeu fontes do pr\u00f3prio Supremo por n\u00e3o estar na lista de cotados. Entre os mencionados para a vaga, estavam o ministro da Secretaria-Geral da Presid\u00eancia, Jorge Oliveira, e o ministro da Justi\u00e7a e Seguran\u00e7a P\u00fablica, Andr\u00e9 Mendon\u00e7a.<\/p>\n\n\n\n<p>\u2014 Isso \u00e9 novo pra mim. No STF, \u00e9 a primeira vez que ou\u00e7o esse nome \u2014 disse uma das fontes.<\/p>\n\n\n\n<p>A indica\u00e7\u00e3o de Kassio Nunes ter\u00e1 de ser formalizada pelo presidente e encaminhada ao Senado para sabatina e aprova\u00e7\u00e3o em vota\u00e7\u00e3o secreta.<\/p>\n\n\n\n<p>Se isso ocorrer, o magistrado vai ocupar a cadeira que ficar\u00e1 vaga a partir do dia 13 de outubro com a aposentadoria de Celso de Mello, o mais antigo em atividade no Supremo. O decano decidiu antecipar em tr\u00eas semanas sua sa\u00edda compuls\u00f3ria \u2014 quando completar\u00e1 75 anos.<\/p>\n\n\n\n<p>Celso de Mello \u00e9 o relator do inqu\u00e9rito que investiga se Bolsonaro tentou interferir na Pol\u00edcia Federal e, na v\u00e9spera, pediu que fosse julgado em plen\u00e1rio um recurso para decidir se o presidente vai depor por escrito ou presencialmente, como defende o ministro do STF.<\/p>\n\n\n\n<p>Extra<\/p>\n","protected":false},"excerpt":{"rendered":"<p>Bastou o nome do desembargador\u00a0Kassio Nunes\u00a0ser soprado como poss\u00edvel indica\u00e7\u00e3o ao Supremo Tribunal Federal (STF) para o seu perfil repercutir na web. E em suas decis\u00f5es mais recentes, chama aten\u00e7\u00e3o em especial uma determina\u00e7\u00e3o de maio de 2019, quando ele liberou licita\u00e7\u00e3o do STF para compra de lagostas e vinhos. A aquisi\u00e7\u00e3o destes itens aliment\u00edcios<br \/><a class=\"more-link\" href=\"https:\/\/justicapotiguar.com.br\/index.php\/2020\/10\/01\/desembargador-kassio-nunes-cotado-para-stf-liberou-lagostas-e-vinhos-a-corte\/\">Mais&#8230;<\/a><\/p>\n","protected":false},"author":5,"featured_media":13448,"comment_status":"open","ping_status":"open","sticky":false,"template":"","format":"standard","meta":[],"categories":[3],"tags":[],"_links":{"self":[{"href":"https:\/\/justicapotiguar.com.br\/index.php\/wp-json\/wp\/v2\/posts\/13477"}],"collection":[{"href":"https:\/\/justicapotiguar.com.br\/index.php\/wp-json\/wp\/v2\/posts"}],"about":[{"href":"https:\/\/justicapotiguar.com.br\/index.php\/wp-json\/wp\/v2\/types\/post"}],"author":[{"embeddable":true,"href":"https:\/\/justicapotiguar.com.br\/index.php\/wp-json\/wp\/v2\/users\/5"}],"replies":[{"embeddable":true,"href":"https:\/\/justicapotiguar.com.br\/index.php\/wp-json\/wp\/v2\/comments?post=13477"}],"version-history":[{"count":1,"href":"https:\/\/justicapotiguar.com.br\/index.php\/wp-json\/wp\/v2\/posts\/13477\/revisions"}],"predecessor-version":[{"id":13478,"href":"https:\/\/justicapotiguar.com.br\/index.php\/wp-json\/wp\/v2\/posts\/13477\/revisions\/13478"}],"wp:featuredmedia":[{"embeddable":true,"href":"https:\/\/justicapotiguar.com.br\/index.php\/wp-json\/wp\/v2\/media\/13448"}],"wp:attachment":[{"href":"https:\/\/justicapotiguar.com.br\/index.php\/wp-json\/wp\/v2\/media?parent=13477"}],"wp:term":[{"taxonomy":"category","embeddable":true,"href":"https:\/\/justicapotiguar.com.br\/index.php\/wp-json\/wp\/v2\/categories?post=13477"},{"taxonomy":"post_tag","embeddable":true,"href":"https:\/\/justicapotiguar.com.br\/index.php\/wp-json\/wp\/v2\/tags?post=13477"}],"curies":[{"name":"wp","href":"https:\/\/api.w.org\/{rel}","templated":true}]}}