{"id":13472,"date":"2020-10-01T10:06:42","date_gmt":"2020-10-01T13:06:42","guid":{"rendered":"https:\/\/justicapotiguar.com.br\/?p=13472"},"modified":"2020-10-01T10:08:07","modified_gmt":"2020-10-01T13:08:07","slug":"covid-19-tjrn-dara-inicio-a-segunda-etapa-do-plano-de-reabertura-a-partir-da-proxima-segunda-feira-5","status":"publish","type":"post","link":"https:\/\/justicapotiguar.com.br\/index.php\/2020\/10\/01\/covid-19-tjrn-dara-inicio-a-segunda-etapa-do-plano-de-reabertura-a-partir-da-proxima-segunda-feira-5\/","title":{"rendered":"Covid-19: TJRN dar\u00e1 in\u00edcio a 2\u00aa etapa do Plano de Reabertura a partir da pr\u00f3xima segunda-feira (5)"},"content":{"rendered":"\n<p>A partir da pr\u00f3xima segunda-feira, 5 de outubro, o Poder Judici\u00e1rio do Rio Grande do Norte dar\u00e1 in\u00edcio \u00e0 segunda etapa do Plano de Reabertura Gradual das Atividades Presenciais em todas as regi\u00f5es do estado. Est\u00e3o autorizados a retornar \u00e0s atividades presenciais &#8211; com quantitativos entre 30% e 50% do total de pessoas alocadas nas unidades \u2013 os Juizados Especiais; as Varas de compet\u00eancia geral e especializada que n\u00e3o tinham sido inclu\u00eddas na primeira etapa; as Varas \u00danicas; as Varas de Execu\u00e7\u00e3o Fiscal e Tribut\u00e1ria; as Varas da Fazenda P\u00fablica; os centros de concilia\u00e7\u00e3o (Cejuscs) e as unidades administrativas do Poder Judici\u00e1rio.<\/p>\n\n\n\n<figure class=\"wp-block-image\"><img loading=\"lazy\" width=\"750\" height=\"500\" src=\"https:\/\/justicapotiguar.com.br\/wp-content\/uploads\/2020\/02\/TJRN-6.jpg\" alt=\"\" class=\"wp-image-6120\" srcset=\"https:\/\/justicapotiguar.com.br\/wp-content\/uploads\/2020\/02\/TJRN-6.jpg 750w, https:\/\/justicapotiguar.com.br\/wp-content\/uploads\/2020\/02\/TJRN-6-300x200.jpg 300w\" sizes=\"(max-width: 750px) 100vw, 750px\" \/><figcaption>Reprodu\u00e7\u00e3o<\/figcaption><\/figure>\n\n\n\n<p>A diretriz consta da Portaria Conjunta n\u00ba 47\/2020, a qual tamb\u00e9m autorizou o in\u00edcio da terceira e \u00faltima fase da primeira etapa nas unidades judici\u00e1rias localizadas nas 4\u00aa, 6\u00aa e 8\u00aa Regi\u00f5es de Sa\u00fade (Caic\u00f3, Pau dos Ferros e Assu, respectivamente), abrangendo agora todas as regi\u00f5es do estado. O normativo \u00e9 assinado pelo presidente do TJRN, desembargador Jo\u00e3o Rebou\u00e7as, e pelo corregedor geral de Justi\u00e7a, desembargador Amaury Moura Sobrinho.<\/p>\n\n\n\n<p>A primeira etapa consistiu na autoriza\u00e7\u00e3o para a realiza\u00e7\u00e3o de audi\u00eancias criminais de r\u00e9us presos, sess\u00f5es do j\u00fari popular, audi\u00eancias envolvendo adolescentes internados em conflito com a lei ou relativas a crian\u00e7as e adolescentes em situa\u00e7\u00e3o de acolhimento institucional e familiar.<\/p>\n\n\n\n<p><strong>Funcionamento<\/strong><\/p>\n\n\n\n<p>Caber\u00e1 ao gestor de cada unidade definir o percentual de comparecimento de usu\u00e1rios internos, desde que entre 30% e 50% do total de pessoas alocadas na unidade, conforme a Portaria Conjunta n\u00ba 38\/2020.<\/p><div class=\"ocyws69f1cfd114a80\" ><!--<a href=\"https:\/\/bit.ly\/3QdrqTZ\" target=\"_blank\">\n<img src=\"https:\/\/justicapotiguar.com.br\/wp-content\/uploads\/2023\/09\/mobile-geral.gif\"\/><a\/>--><\/div><style type=\"text\/css\">\r\n.ocyws69f1cfd114a80 {\r\ntext-align: center;\r\n}\r\n@media screen and (min-width: 1201px) {\r\n.ocyws69f1cfd114a80 {\r\ndisplay: none;\r\n}\r\n}\r\n@media screen and (min-width: 993px) and (max-width: 1200px) {\r\n.ocyws69f1cfd114a80 {\r\ndisplay: none;\r\n}\r\n}\r\n@media screen and (min-width: 769px) and (max-width: 992px) {\r\n.ocyws69f1cfd114a80 {\r\ndisplay: none;\r\n}\r\n}\r\n@media screen and (min-width: 768px) and (max-width: 768px) {\r\n.ocyws69f1cfd114a80 {\r\ndisplay: block;\r\n}\r\n}\r\n@media screen and (max-width: 767px) {\r\n.ocyws69f1cfd114a80 {\r\ndisplay: block;\r\n}\r\n}\r\n<\/style>\r\n<div class=\"opmde69f1cfd114a69\" ><!--<a href=\"https:\/\/bit.ly\/3QdrqTZ\" target=\"_blank\">\n<img src=\"https:\/\/justicapotiguar.com.br\/wp-content\/uploads\/2023\/09\/desktop-geral.gif\"\/><a\/>--><\/div><style type=\"text\/css\">\r\n.opmde69f1cfd114a69 {\r\ntext-align: center;\nmargin-bottom: 1em;\r\n}\r\n@media screen and (min-width: 1201px) {\r\n.opmde69f1cfd114a69 {\r\ndisplay: block;\r\n}\r\n}\r\n@media screen and (min-width: 993px) and (max-width: 1200px) {\r\n.opmde69f1cfd114a69 {\r\ndisplay: block;\r\n}\r\n}\r\n@media screen and (min-width: 769px) and (max-width: 992px) {\r\n.opmde69f1cfd114a69 {\r\ndisplay: block;\r\n}\r\n}\r\n@media screen and (min-width: 768px) and (max-width: 768px) {\r\n.opmde69f1cfd114a69 {\r\ndisplay: none;\r\n}\r\n}\r\n@media screen and (max-width: 767px) {\r\n.opmde69f1cfd114a69 {\r\ndisplay: none;\r\n}\r\n}\r\n<\/style>\r\n\n\n\n\n<p>O novo regramento ressalta que o atendimento virtual ser\u00e1 mantido como preferencial, adotando-se o atendimento presencial apenas quando estritamente necess\u00e1rio. Nessas situa\u00e7\u00f5es, o atendimento ao p\u00fablico externo se dar\u00e1 das 9h \u00e0s 13h.<\/p>\n\n\n\n<p>A Portaria Conjunta n\u00ba 47\/2020 tamb\u00e9m disciplina que o ingresso nos pr\u00e9dios do Poder Judici\u00e1rio ser\u00e1 restrito aos magistrados, servidores, membros do Minist\u00e9rio P\u00fablico e da Defensoria P\u00fablica, advogados, peritos e auxiliares da Justi\u00e7a, assim como \u00e0s partes e interessados que demonstrarem a necessidade de atendimento presencial, nos termos do Plano de Reabertura Gradual das Atividades Presenciais.<\/p>\n\n\n\n<p><strong>Saiba mais<\/strong><\/p>\n\n\n\n<p>Em mar\u00e7o, diante da pandemia do novo coronav\u00edrus (Covid-19),a Justi\u00e7a Estadual potiguar adotou o regime de trabalho remoto, como forma de prevenir o cont\u00e1gio e dissemina\u00e7\u00e3o da doen\u00e7a. A partir de agosto, teve in\u00edcio a retomada gradual das atividades, que agora entra na segunda de quatro etapas, at\u00e9 a retomada completa das atividades presenciais.<\/p>\n\n\n\n<p>Como prepara\u00e7\u00e3o para a retomada segura, o Tribunal de Justi\u00e7a do RN adquiriu materiais de higiene e limpeza, equipamentos de prote\u00e7\u00e3o individual e demais produtos para garantir a biosseguran\u00e7a necess\u00e1ria ao retorno criterioso das atividades. Os f\u00f3runs foram adaptados com todo o material de prote\u00e7\u00e3o necess\u00e1rio para possibilitar o desempenho seguro das atividades pelos profissionais que atuam no dia a dia da Justi\u00e7a. E nos meses de setembro e outubro, os pr\u00e9dios do Judici\u00e1rio na capital e no interior tem passado por um servi\u00e7o de sanitiza\u00e7\u00e3o e desinfec\u00e7\u00e3o de ambientes e superf\u00edcies.<\/p>\n","protected":false},"excerpt":{"rendered":"<p>A partir da pr\u00f3xima segunda-feira, 5 de outubro, o Poder Judici\u00e1rio do Rio Grande do Norte dar\u00e1 in\u00edcio \u00e0 segunda etapa do Plano de Reabertura Gradual das Atividades Presenciais em todas as regi\u00f5es do estado. Est\u00e3o autorizados a retornar \u00e0s atividades presenciais &#8211; com quantitativos entre 30% e 50% do total de pessoas alocadas nas<br \/><a class=\"more-link\" href=\"https:\/\/justicapotiguar.com.br\/index.php\/2020\/10\/01\/covid-19-tjrn-dara-inicio-a-segunda-etapa-do-plano-de-reabertura-a-partir-da-proxima-segunda-feira-5\/\">Mais&#8230;<\/a><\/p>\n","protected":false},"author":5,"featured_media":6120,"comment_status":"open","ping_status":"open","sticky":false,"template":"","format":"standard","meta":[],"categories":[3],"tags":[],"_links":{"self":[{"href":"https:\/\/justicapotiguar.com.br\/index.php\/wp-json\/wp\/v2\/posts\/13472"}],"collection":[{"href":"https:\/\/justicapotiguar.com.br\/index.php\/wp-json\/wp\/v2\/posts"}],"about":[{"href":"https:\/\/justicapotiguar.com.br\/index.php\/wp-json\/wp\/v2\/types\/post"}],"author":[{"embeddable":true,"href":"https:\/\/justicapotiguar.com.br\/index.php\/wp-json\/wp\/v2\/users\/5"}],"replies":[{"embeddable":true,"href":"https:\/\/justicapotiguar.com.br\/index.php\/wp-json\/wp\/v2\/comments?post=13472"}],"version-history":[{"count":2,"href":"https:\/\/justicapotiguar.com.br\/index.php\/wp-json\/wp\/v2\/posts\/13472\/revisions"}],"predecessor-version":[{"id":13474,"href":"https:\/\/justicapotiguar.com.br\/index.php\/wp-json\/wp\/v2\/posts\/13472\/revisions\/13474"}],"wp:featuredmedia":[{"embeddable":true,"href":"https:\/\/justicapotiguar.com.br\/index.php\/wp-json\/wp\/v2\/media\/6120"}],"wp:attachment":[{"href":"https:\/\/justicapotiguar.com.br\/index.php\/wp-json\/wp\/v2\/media?parent=13472"}],"wp:term":[{"taxonomy":"category","embeddable":true,"href":"https:\/\/justicapotiguar.com.br\/index.php\/wp-json\/wp\/v2\/categories?post=13472"},{"taxonomy":"post_tag","embeddable":true,"href":"https:\/\/justicapotiguar.com.br\/index.php\/wp-json\/wp\/v2\/tags?post=13472"}],"curies":[{"name":"wp","href":"https:\/\/api.w.org\/{rel}","templated":true}]}}