{"id":13470,"date":"2020-10-01T09:28:22","date_gmt":"2020-10-01T12:28:22","guid":{"rendered":"https:\/\/justicapotiguar.com.br\/?p=13470"},"modified":"2020-10-01T09:28:22","modified_gmt":"2020-10-01T12:28:22","slug":"covid-19-prazos-processuais-de-processos-fisicos-serao-retomados-a-partir-de-13-de-outubro-no-rn","status":"publish","type":"post","link":"https:\/\/justicapotiguar.com.br\/index.php\/2020\/10\/01\/covid-19-prazos-processuais-de-processos-fisicos-serao-retomados-a-partir-de-13-de-outubro-no-rn\/","title":{"rendered":"Covid-19: prazos processuais de processos f\u00edsicos ser\u00e3o retomados a partir de 13 de outubro no RN"},"content":{"rendered":"\n<p>Os\u00a0prazos processuais de feitos que tramitem em meio f\u00edsico ser\u00e3o retomados em todo o Poder Judici\u00e1rio do Rio Grande do Norte a partir do dia 13 de outubro de 2020. A determina\u00e7\u00e3o consta da Portaria Conjunta n\u00ba 47\/2020, da Presid\u00eancia do Tribunal de Justi\u00e7a e da Corregedoria Geral de Justi\u00e7a.<\/p>\n\n\n\n<figure class=\"wp-block-image\"><img loading=\"lazy\" width=\"640\" height=\"427\" src=\"https:\/\/justicapotiguar.com.br\/wp-content\/uploads\/2019\/08\/processos-arquivamento-e-desarquivamento.jpg\" alt=\"\" class=\"wp-image-1526\" srcset=\"https:\/\/justicapotiguar.com.br\/wp-content\/uploads\/2019\/08\/processos-arquivamento-e-desarquivamento.jpg 640w, https:\/\/justicapotiguar.com.br\/wp-content\/uploads\/2019\/08\/processos-arquivamento-e-desarquivamento-300x200.jpg 300w\" sizes=\"(max-width: 640px) 100vw, 640px\" \/><figcaption>Ilustrativa<\/figcaption><\/figure>\n\n\n\n<p>De acordo com o normativo, os prazos processuais ser\u00e3o retomados no estado em que se encontravam no momento da suspens\u00e3o, sendo restitu\u00eddos por tempo igual ao que faltava para sua complementa\u00e7\u00e3o, conforme a Resolu\u00e7\u00e3o n\u00ba 314\/2020 \u2013 CNJ.<\/p><div class=\"znwqs69f1cb0f83e77\" ><!--<a href=\"https:\/\/bit.ly\/3QdrqTZ\" target=\"_blank\">\n<img src=\"https:\/\/justicapotiguar.com.br\/wp-content\/uploads\/2023\/09\/mobile-geral.gif\"\/><a\/>--><\/div><style type=\"text\/css\">\r\n.znwqs69f1cb0f83e77 {\r\ntext-align: center;\r\n}\r\n@media screen and (min-width: 1201px) {\r\n.znwqs69f1cb0f83e77 {\r\ndisplay: none;\r\n}\r\n}\r\n@media screen and (min-width: 993px) and (max-width: 1200px) {\r\n.znwqs69f1cb0f83e77 {\r\ndisplay: none;\r\n}\r\n}\r\n@media screen and (min-width: 769px) and (max-width: 992px) {\r\n.znwqs69f1cb0f83e77 {\r\ndisplay: none;\r\n}\r\n}\r\n@media screen and (min-width: 768px) and (max-width: 768px) {\r\n.znwqs69f1cb0f83e77 {\r\ndisplay: block;\r\n}\r\n}\r\n@media screen and (max-width: 767px) {\r\n.znwqs69f1cb0f83e77 {\r\ndisplay: block;\r\n}\r\n}\r\n<\/style>\r\n<div class=\"ffnti69f1cb0f83e64\" ><!--<a href=\"https:\/\/bit.ly\/3QdrqTZ\" target=\"_blank\">\n<img src=\"https:\/\/justicapotiguar.com.br\/wp-content\/uploads\/2023\/09\/desktop-geral.gif\"\/><a\/>--><\/div><style type=\"text\/css\">\r\n.ffnti69f1cb0f83e64 {\r\ntext-align: center;\nmargin-bottom: 1em;\r\n}\r\n@media screen and (min-width: 1201px) {\r\n.ffnti69f1cb0f83e64 {\r\ndisplay: block;\r\n}\r\n}\r\n@media screen and (min-width: 993px) and (max-width: 1200px) {\r\n.ffnti69f1cb0f83e64 {\r\ndisplay: block;\r\n}\r\n}\r\n@media screen and (min-width: 769px) and (max-width: 992px) {\r\n.ffnti69f1cb0f83e64 {\r\ndisplay: block;\r\n}\r\n}\r\n@media screen and (min-width: 768px) and (max-width: 768px) {\r\n.ffnti69f1cb0f83e64 {\r\ndisplay: none;\r\n}\r\n}\r\n@media screen and (max-width: 767px) {\r\n.ffnti69f1cb0f83e64 {\r\ndisplay: none;\r\n}\r\n}\r\n<\/style>\r\n\n\n\n\n<p>Assim, at\u00e9 o dia 12 de outubro, fica prorrogada a suspens\u00e3o dos prazos processuais de processos f\u00edsicos, exceto dos processos f\u00edsicos envolvendo r\u00e9us presos, adolescentes em conflito com a lei em situa\u00e7\u00e3o de interna\u00e7\u00e3o e crian\u00e7as e adolescentes em situa\u00e7\u00e3o de acolhimento institucional e familiar, os quais foram restabelecidos a partir de 8 de setembro de 2020.<\/p>\n","protected":false},"excerpt":{"rendered":"<p>Os\u00a0prazos processuais de feitos que tramitem em meio f\u00edsico ser\u00e3o retomados em todo o Poder Judici\u00e1rio do Rio Grande do Norte a partir do dia 13 de outubro de 2020. A determina\u00e7\u00e3o consta da Portaria Conjunta n\u00ba 47\/2020, da Presid\u00eancia do Tribunal de Justi\u00e7a e da Corregedoria Geral de Justi\u00e7a. De acordo com o normativo,<br \/><a class=\"more-link\" href=\"https:\/\/justicapotiguar.com.br\/index.php\/2020\/10\/01\/covid-19-prazos-processuais-de-processos-fisicos-serao-retomados-a-partir-de-13-de-outubro-no-rn\/\">Mais&#8230;<\/a><\/p>\n","protected":false},"author":5,"featured_media":9898,"comment_status":"open","ping_status":"open","sticky":false,"template":"","format":"standard","meta":[],"categories":[3],"tags":[],"_links":{"self":[{"href":"https:\/\/justicapotiguar.com.br\/index.php\/wp-json\/wp\/v2\/posts\/13470"}],"collection":[{"href":"https:\/\/justicapotiguar.com.br\/index.php\/wp-json\/wp\/v2\/posts"}],"about":[{"href":"https:\/\/justicapotiguar.com.br\/index.php\/wp-json\/wp\/v2\/types\/post"}],"author":[{"embeddable":true,"href":"https:\/\/justicapotiguar.com.br\/index.php\/wp-json\/wp\/v2\/users\/5"}],"replies":[{"embeddable":true,"href":"https:\/\/justicapotiguar.com.br\/index.php\/wp-json\/wp\/v2\/comments?post=13470"}],"version-history":[{"count":1,"href":"https:\/\/justicapotiguar.com.br\/index.php\/wp-json\/wp\/v2\/posts\/13470\/revisions"}],"predecessor-version":[{"id":13471,"href":"https:\/\/justicapotiguar.com.br\/index.php\/wp-json\/wp\/v2\/posts\/13470\/revisions\/13471"}],"wp:featuredmedia":[{"embeddable":true,"href":"https:\/\/justicapotiguar.com.br\/index.php\/wp-json\/wp\/v2\/media\/9898"}],"wp:attachment":[{"href":"https:\/\/justicapotiguar.com.br\/index.php\/wp-json\/wp\/v2\/media?parent=13470"}],"wp:term":[{"taxonomy":"category","embeddable":true,"href":"https:\/\/justicapotiguar.com.br\/index.php\/wp-json\/wp\/v2\/categories?post=13470"},{"taxonomy":"post_tag","embeddable":true,"href":"https:\/\/justicapotiguar.com.br\/index.php\/wp-json\/wp\/v2\/tags?post=13470"}],"curies":[{"name":"wp","href":"https:\/\/api.w.org\/{rel}","templated":true}]}}