{"id":13410,"date":"2020-09-29T16:14:32","date_gmt":"2020-09-29T19:14:32","guid":{"rendered":"https:\/\/justicapotiguar.com.br\/?p=13410"},"modified":"2020-09-29T15:06:45","modified_gmt":"2020-09-29T18:06:45","slug":"acordo-intermediado-pelo-trt-rn-garante-r-97-milhoes-para-a-liga-contra-o-cancer","status":"publish","type":"post","link":"https:\/\/justicapotiguar.com.br\/index.php\/2020\/09\/29\/acordo-intermediado-pelo-trt-rn-garante-r-97-milhoes-para-a-liga-contra-o-cancer\/","title":{"rendered":"Acordo intermediado pelo TRT-RN garante R$ 9,7 milh\u00f5es para a Liga Contra o C\u00e2ncer"},"content":{"rendered":"\n<p>Um acordo intermediado pelo Tribunal Regional do Trabalho da 21\u00aa Regi\u00e3o (TRT-RN) garantiu a destina\u00e7\u00e3o de R$ 9,7 milh\u00f5es para a constru\u00e7\u00e3o de uma nova unidade pedi\u00e1trica oncol\u00f3gica da Liga Contra o C\u00e2ncer em Natal. O montante \u00e9 resultado de uma indeniza\u00e7\u00e3o por danos morais coletivos paga pelo Banco Ita\u00fa.<\/p>\n\n\n\n<figure class=\"wp-block-image\"><img loading=\"lazy\" width=\"1024\" height=\"1024\" src=\"https:\/\/justicapotiguar.com.br\/wp-content\/uploads\/2020\/09\/Acordo-intermediado-1024x1024.png\" alt=\"\" class=\"wp-image-13411\" srcset=\"https:\/\/justicapotiguar.com.br\/wp-content\/uploads\/2020\/09\/Acordo-intermediado-1024x1024.png 1024w, https:\/\/justicapotiguar.com.br\/wp-content\/uploads\/2020\/09\/Acordo-intermediado-150x150.png 150w, https:\/\/justicapotiguar.com.br\/wp-content\/uploads\/2020\/09\/Acordo-intermediado-300x300.png 300w, https:\/\/justicapotiguar.com.br\/wp-content\/uploads\/2020\/09\/Acordo-intermediado-768x768.png 768w, https:\/\/justicapotiguar.com.br\/wp-content\/uploads\/2020\/09\/Acordo-intermediado.png 1080w\" sizes=\"(max-width: 1024px) 100vw, 1024px\" \/><\/figure>\n\n\n\n<p>Na A\u00e7\u00e3o Civil P\u00fablica, que tramitava desde 2012, o Minist\u00e9rio P\u00fablico do Trabalho (MPT-RN) cobrava a condena\u00e7\u00e3o da institui\u00e7\u00e3o financeira. A decis\u00e3o foi da 3\u00aa Vara do Trabalho de Natal, cujo titular \u00e9 o juiz D\u00e9cio Teixeira de Carvalho J\u00fanior.<\/p>\n\n\n\n<p>\u201cDialogamos com o Minist\u00e9rio P\u00fablico e recebemos a informa\u00e7\u00e3o de que havia um projeto pronto para a constru\u00e7\u00e3o de uma nova unidade pedi\u00e1trica oncol\u00f3gica da Liga, que \u00e9 uma institui\u00e7\u00e3o s\u00e9ria e respeitada. Os recursos agora v\u00e3o ajudar a salvar vidas\u201d, disse o magistrado.<\/p><div class=\"wemkv69f1b99d8bbf9\" ><!--<a href=\"https:\/\/bit.ly\/3QdrqTZ\" target=\"_blank\">\n<img src=\"https:\/\/justicapotiguar.com.br\/wp-content\/uploads\/2023\/09\/mobile-geral.gif\"\/><a\/>--><\/div><style type=\"text\/css\">\r\n.wemkv69f1b99d8bbf9 {\r\ntext-align: center;\r\n}\r\n@media screen and (min-width: 1201px) {\r\n.wemkv69f1b99d8bbf9 {\r\ndisplay: none;\r\n}\r\n}\r\n@media screen and (min-width: 993px) and (max-width: 1200px) {\r\n.wemkv69f1b99d8bbf9 {\r\ndisplay: none;\r\n}\r\n}\r\n@media screen and (min-width: 769px) and (max-width: 992px) {\r\n.wemkv69f1b99d8bbf9 {\r\ndisplay: none;\r\n}\r\n}\r\n@media screen and (min-width: 768px) and (max-width: 768px) {\r\n.wemkv69f1b99d8bbf9 {\r\ndisplay: block;\r\n}\r\n}\r\n@media screen and (max-width: 767px) {\r\n.wemkv69f1b99d8bbf9 {\r\ndisplay: block;\r\n}\r\n}\r\n<\/style>\r\n<div class=\"rdipw69f1b99d8bbe3\" ><!--<a href=\"https:\/\/bit.ly\/3QdrqTZ\" target=\"_blank\">\n<img src=\"https:\/\/justicapotiguar.com.br\/wp-content\/uploads\/2023\/09\/desktop-geral.gif\"\/><a\/>--><\/div><style type=\"text\/css\">\r\n.rdipw69f1b99d8bbe3 {\r\ntext-align: center;\nmargin-bottom: 1em;\r\n}\r\n@media screen and (min-width: 1201px) {\r\n.rdipw69f1b99d8bbe3 {\r\ndisplay: block;\r\n}\r\n}\r\n@media screen and (min-width: 993px) and (max-width: 1200px) {\r\n.rdipw69f1b99d8bbe3 {\r\ndisplay: block;\r\n}\r\n}\r\n@media screen and (min-width: 769px) and (max-width: 992px) {\r\n.rdipw69f1b99d8bbe3 {\r\ndisplay: block;\r\n}\r\n}\r\n@media screen and (min-width: 768px) and (max-width: 768px) {\r\n.rdipw69f1b99d8bbe3 {\r\ndisplay: none;\r\n}\r\n}\r\n@media screen and (max-width: 767px) {\r\n.rdipw69f1b99d8bbe3 {\r\ndisplay: none;\r\n}\r\n}\r\n<\/style>\r\n\n\n\n\n<p>O superintendente da Liga, Roberto Magnus Duarte Sales, afirmou que a destina\u00e7\u00e3o feita pelo TRT-RN, a segunda somente em 2020, vai arcar com quase todo o projeto estrutural. \u201cO apoio do Tribunal ser\u00e1 fundamental para essa nova unidade se tornar realidade\u201d, considerou o m\u00e9dico. A primeira destina\u00e7\u00e3o se deu ainda no primeiro semestre, no contexto da pandemia.<\/p>\n\n\n\n<p>Para o presidente do TRT-RN, desembargador Bento Herculano Duarte Neto, a destina\u00e7\u00e3o dos recursos em favor da sa\u00fade p\u00fablica refor\u00e7a a import\u00e2ncia da Justi\u00e7a do Trabalho. \u201cTrata-se de uma justi\u00e7a social que intermedia n\u00e3o somente as rela\u00e7\u00f5es de trabalho, mas contribui significativamente para o crescimento econ\u00f4mico e para o acesso a direitos b\u00e1sicos\u201d, declarou o desembargador.<\/p>\n\n\n\n<p>A procuradora do Trabalho Heloise Ingersoll S\u00e1 representou o Minist\u00e9rio P\u00fablico no ato de assinatura do Termo de Compromisso que validou a destina\u00e7\u00e3o dos recursos para a Liga Contra o C\u00e2ncer, que contou com a presen\u00e7a do m\u00e9dico Ivo Barreto de Medeiros, superintendente adjunto da Liga. O ato aconteceu no gabinete da Presid\u00eancia na manh\u00e3 desta ter\u00e7a-feira (29).<\/p>\n","protected":false},"excerpt":{"rendered":"<p>Um acordo intermediado pelo Tribunal Regional do Trabalho da 21\u00aa Regi\u00e3o (TRT-RN) garantiu a destina\u00e7\u00e3o de R$ 9,7 milh\u00f5es para a constru\u00e7\u00e3o de uma nova unidade pedi\u00e1trica oncol\u00f3gica da Liga Contra o C\u00e2ncer em Natal. O montante \u00e9 resultado de uma indeniza\u00e7\u00e3o por danos morais coletivos paga pelo Banco Ita\u00fa. Na A\u00e7\u00e3o Civil P\u00fablica, que<br \/><a class=\"more-link\" href=\"https:\/\/justicapotiguar.com.br\/index.php\/2020\/09\/29\/acordo-intermediado-pelo-trt-rn-garante-r-97-milhoes-para-a-liga-contra-o-cancer\/\">Mais&#8230;<\/a><\/p>\n","protected":false},"author":5,"featured_media":13411,"comment_status":"open","ping_status":"open","sticky":false,"template":"","format":"standard","meta":[],"categories":[3],"tags":[],"_links":{"self":[{"href":"https:\/\/justicapotiguar.com.br\/index.php\/wp-json\/wp\/v2\/posts\/13410"}],"collection":[{"href":"https:\/\/justicapotiguar.com.br\/index.php\/wp-json\/wp\/v2\/posts"}],"about":[{"href":"https:\/\/justicapotiguar.com.br\/index.php\/wp-json\/wp\/v2\/types\/post"}],"author":[{"embeddable":true,"href":"https:\/\/justicapotiguar.com.br\/index.php\/wp-json\/wp\/v2\/users\/5"}],"replies":[{"embeddable":true,"href":"https:\/\/justicapotiguar.com.br\/index.php\/wp-json\/wp\/v2\/comments?post=13410"}],"version-history":[{"count":1,"href":"https:\/\/justicapotiguar.com.br\/index.php\/wp-json\/wp\/v2\/posts\/13410\/revisions"}],"predecessor-version":[{"id":13412,"href":"https:\/\/justicapotiguar.com.br\/index.php\/wp-json\/wp\/v2\/posts\/13410\/revisions\/13412"}],"wp:featuredmedia":[{"embeddable":true,"href":"https:\/\/justicapotiguar.com.br\/index.php\/wp-json\/wp\/v2\/media\/13411"}],"wp:attachment":[{"href":"https:\/\/justicapotiguar.com.br\/index.php\/wp-json\/wp\/v2\/media?parent=13410"}],"wp:term":[{"taxonomy":"category","embeddable":true,"href":"https:\/\/justicapotiguar.com.br\/index.php\/wp-json\/wp\/v2\/categories?post=13410"},{"taxonomy":"post_tag","embeddable":true,"href":"https:\/\/justicapotiguar.com.br\/index.php\/wp-json\/wp\/v2\/tags?post=13410"}],"curies":[{"name":"wp","href":"https:\/\/api.w.org\/{rel}","templated":true}]}}