{"id":13346,"date":"2020-09-28T09:08:39","date_gmt":"2020-09-28T12:08:39","guid":{"rendered":"https:\/\/justicapotiguar.com.br\/?p=13346"},"modified":"2020-09-27T17:11:51","modified_gmt":"2020-09-27T20:11:51","slug":"oab-quer-afastamento-de-autoridades-envolvidas-em-confusao-com-advogados-na-paraiba","status":"publish","type":"post","link":"https:\/\/justicapotiguar.com.br\/index.php\/2020\/09\/28\/oab-quer-afastamento-de-autoridades-envolvidas-em-confusao-com-advogados-na-paraiba\/","title":{"rendered":"OAB quer afastamento de autoridades envolvidas em confus\u00e3o com advogados na Para\u00edba"},"content":{"rendered":"\n<p>O\u00a0<a href=\"https:\/\/www.metropoles.com\/tag\/oab?amp\">Conselho Federal da Ordem dos Advogados do Brasil (OAB)<\/a>\u00a0considerou inadmiss\u00edvel o epis\u00f3dio registrado na \u00faltima sexta-feira (25\/9), quando advogados e delegados se envolveram em uma\u00a0<a href=\"https:\/\/www.metropoles.com\/brasil\/confusao-entre-delegado-e-advogados-e-transmitida-ao-vivo-nas-redes-sociais?amp\">confus\u00e3o<\/a>\u00a0na Central de Pol\u00edcia.<\/p>\n\n\n\n<figure class=\"wp-block-image\"><img loading=\"lazy\" width=\"300\" height=\"200\" src=\"https:\/\/justicapotiguar.com.br\/wp-content\/uploads\/2019\/07\/Conselho-OAB-300x200.jpg\" alt=\"\" class=\"wp-image-33\"\/><figcaption>Reprodu\u00e7\u00e3o<\/figcaption><\/figure>\n\n\n\n<p>Em nota, a entidade afirmou que trabalhar\u00e1 para afastar as\u00a0<a href=\"https:\/\/www.metropoles.com\/tag\/paraiba?amp\">autoridades<\/a>\u00a0envolvidas no caso.<\/p><div class=\"rqqjq69f1a1c42b829\" ><!--<a href=\"https:\/\/bit.ly\/3QdrqTZ\" target=\"_blank\">\n<img src=\"https:\/\/justicapotiguar.com.br\/wp-content\/uploads\/2023\/09\/mobile-geral.gif\"\/><a\/>--><\/div><style type=\"text\/css\">\r\n.rqqjq69f1a1c42b829 {\r\ntext-align: center;\r\n}\r\n@media screen and (min-width: 1201px) {\r\n.rqqjq69f1a1c42b829 {\r\ndisplay: none;\r\n}\r\n}\r\n@media screen and (min-width: 993px) and (max-width: 1200px) {\r\n.rqqjq69f1a1c42b829 {\r\ndisplay: none;\r\n}\r\n}\r\n@media screen and (min-width: 769px) and (max-width: 992px) {\r\n.rqqjq69f1a1c42b829 {\r\ndisplay: none;\r\n}\r\n}\r\n@media screen and (min-width: 768px) and (max-width: 768px) {\r\n.rqqjq69f1a1c42b829 {\r\ndisplay: block;\r\n}\r\n}\r\n@media screen and (max-width: 767px) {\r\n.rqqjq69f1a1c42b829 {\r\ndisplay: block;\r\n}\r\n}\r\n<\/style>\r\n<div class=\"igxph69f1a1c42b815\" ><!--<a href=\"https:\/\/bit.ly\/3QdrqTZ\" target=\"_blank\">\n<img src=\"https:\/\/justicapotiguar.com.br\/wp-content\/uploads\/2023\/09\/desktop-geral.gif\"\/><a\/>--><\/div><style type=\"text\/css\">\r\n.igxph69f1a1c42b815 {\r\ntext-align: center;\nmargin-bottom: 1em;\r\n}\r\n@media screen and (min-width: 1201px) {\r\n.igxph69f1a1c42b815 {\r\ndisplay: block;\r\n}\r\n}\r\n@media screen and (min-width: 993px) and (max-width: 1200px) {\r\n.igxph69f1a1c42b815 {\r\ndisplay: block;\r\n}\r\n}\r\n@media screen and (min-width: 769px) and (max-width: 992px) {\r\n.igxph69f1a1c42b815 {\r\ndisplay: block;\r\n}\r\n}\r\n@media screen and (min-width: 768px) and (max-width: 768px) {\r\n.igxph69f1a1c42b815 {\r\ndisplay: none;\r\n}\r\n}\r\n@media screen and (max-width: 767px) {\r\n.igxph69f1a1c42b815 {\r\ndisplay: none;\r\n}\r\n}\r\n<\/style>\r\n\n\n\n\n<p>\u201cAl\u00e9m das graves viola\u00e7\u00f5es praticadas pela autoridade policial nominada, o caso teve desdobramentos mais graves, com amea\u00e7as por telefone, agress\u00f5es f\u00edsicas e pris\u00f5es arbitr\u00e1rias praticadas por outras autoridades policiais\u201d, diz trecho da nota, assinada pelo presidente do \u00f3rg\u00e3o, Felipe Santa Cruz.<\/p>\n\n\n\n<p>Metropoles<\/p>\n","protected":false},"excerpt":{"rendered":"<p>O\u00a0Conselho Federal da Ordem dos Advogados do Brasil (OAB)\u00a0considerou inadmiss\u00edvel o epis\u00f3dio registrado na \u00faltima sexta-feira (25\/9), quando advogados e delegados se envolveram em uma\u00a0confus\u00e3o\u00a0na Central de Pol\u00edcia. Em nota, a entidade afirmou que trabalhar\u00e1 para afastar as\u00a0autoridades\u00a0envolvidas no caso. \u201cAl\u00e9m das graves viola\u00e7\u00f5es praticadas pela autoridade policial nominada, o caso teve desdobramentos mais graves,<br \/><a class=\"more-link\" href=\"https:\/\/justicapotiguar.com.br\/index.php\/2020\/09\/28\/oab-quer-afastamento-de-autoridades-envolvidas-em-confusao-com-advogados-na-paraiba\/\">Mais&#8230;<\/a><\/p>\n","protected":false},"author":5,"featured_media":33,"comment_status":"open","ping_status":"open","sticky":false,"template":"","format":"standard","meta":[],"categories":[3],"tags":[],"_links":{"self":[{"href":"https:\/\/justicapotiguar.com.br\/index.php\/wp-json\/wp\/v2\/posts\/13346"}],"collection":[{"href":"https:\/\/justicapotiguar.com.br\/index.php\/wp-json\/wp\/v2\/posts"}],"about":[{"href":"https:\/\/justicapotiguar.com.br\/index.php\/wp-json\/wp\/v2\/types\/post"}],"author":[{"embeddable":true,"href":"https:\/\/justicapotiguar.com.br\/index.php\/wp-json\/wp\/v2\/users\/5"}],"replies":[{"embeddable":true,"href":"https:\/\/justicapotiguar.com.br\/index.php\/wp-json\/wp\/v2\/comments?post=13346"}],"version-history":[{"count":1,"href":"https:\/\/justicapotiguar.com.br\/index.php\/wp-json\/wp\/v2\/posts\/13346\/revisions"}],"predecessor-version":[{"id":13347,"href":"https:\/\/justicapotiguar.com.br\/index.php\/wp-json\/wp\/v2\/posts\/13346\/revisions\/13347"}],"wp:featuredmedia":[{"embeddable":true,"href":"https:\/\/justicapotiguar.com.br\/index.php\/wp-json\/wp\/v2\/media\/33"}],"wp:attachment":[{"href":"https:\/\/justicapotiguar.com.br\/index.php\/wp-json\/wp\/v2\/media?parent=13346"}],"wp:term":[{"taxonomy":"category","embeddable":true,"href":"https:\/\/justicapotiguar.com.br\/index.php\/wp-json\/wp\/v2\/categories?post=13346"},{"taxonomy":"post_tag","embeddable":true,"href":"https:\/\/justicapotiguar.com.br\/index.php\/wp-json\/wp\/v2\/tags?post=13346"}],"curies":[{"name":"wp","href":"https:\/\/api.w.org\/{rel}","templated":true}]}}