{"id":13337,"date":"2020-09-27T08:05:35","date_gmt":"2020-09-27T11:05:35","guid":{"rendered":"https:\/\/justicapotiguar.com.br\/?p=13337"},"modified":"2020-09-26T21:09:48","modified_gmt":"2020-09-27T00:09:48","slug":"saida-antecipada-de-celso-de-mello-ponto-de-equilibrio-da-corte-tensiona-sua-sucessao","status":"publish","type":"post","link":"https:\/\/justicapotiguar.com.br\/index.php\/2020\/09\/27\/saida-antecipada-de-celso-de-mello-ponto-de-equilibrio-da-corte-tensiona-sua-sucessao\/","title":{"rendered":"Sa\u00edda antecipada de Celso de Mello, \u201cponto de equil\u00edbrio\u201d da Corte, tensiona sua sucess\u00e3o"},"content":{"rendered":"\n<p>Quem v\u00ea o ministro\u00a0<a href=\"https:\/\/brasil.elpais.com\/noticias\/jose-celso-de-mello-filho\/\">Celso de Mello<\/a>\u00a0hoje, dando conselhos aos seus colegas mais jovens ou recados \u00e0s altas autoridades da Rep\u00fablica, imagina que o faz por ser o decano \u2015 o integrante com maior idade \u2015 do\u00a0<a href=\"https:\/\/brasil.elpais.com\/noticias\/stf-supremo-tribunal-federal\/\">Supremo Tribunal Federal<\/a>. A voz da experi\u00eancia. Mas a fun\u00e7\u00e3o de \u201cconselheiro\u201d o acompanha por toda a sua carreira. Na d\u00e9cada de 1970, rec\u00e9m empossado no cargo de promotor de Justi\u00e7a no interior de S\u00e3o Paulo, era comum ajudar a sua irm\u00e3, Maria Aparecida de Almeida Mello, onze anos mais velha, e os colegas dela na procuradoria do Estado. O buscavam para uma esp\u00e9cie de assessoria volunt\u00e1ria por telefone. Ele tinha 25 anos de idade, rec\u00e9m-formado em direito pela Universidade de S\u00e3o Paulo, e j\u00e1 era reconhecido na \u00e9poca como dono de um amplo saber jur\u00eddico.<\/p>\n\n\n\n<figure class=\"wp-block-image\"><img loading=\"lazy\" width=\"1024\" height=\"615\" src=\"https:\/\/justicapotiguar.com.br\/wp-content\/uploads\/2020\/05\/xCelso-de-Mello.jpg.pagespeed.ic_.O811IpEkDb-1024x615.jpg\" alt=\"\" class=\"wp-image-9842\" srcset=\"https:\/\/justicapotiguar.com.br\/wp-content\/uploads\/2020\/05\/xCelso-de-Mello.jpg.pagespeed.ic_.O811IpEkDb-1024x615.jpg 1024w, https:\/\/justicapotiguar.com.br\/wp-content\/uploads\/2020\/05\/xCelso-de-Mello.jpg.pagespeed.ic_.O811IpEkDb-300x180.jpg 300w, https:\/\/justicapotiguar.com.br\/wp-content\/uploads\/2020\/05\/xCelso-de-Mello.jpg.pagespeed.ic_.O811IpEkDb-768x461.jpg 768w, https:\/\/justicapotiguar.com.br\/wp-content\/uploads\/2020\/05\/xCelso-de-Mello.jpg.pagespeed.ic_.O811IpEkDb.jpg 1086w\" sizes=\"(max-width: 1024px) 100vw, 1024px\" \/><figcaption>Reprodu\u00e7\u00e3o<\/figcaption><\/figure>\n\n\n\n<p>Agora, tr\u00eas semanas antes de completar os 75 anos \u2013 idade limite para continuar como servidor p\u00fablico \u2013 ele se aposentar\u00e1 da Corte, no dia 13 de outubro. Por vontade pr\u00f3pria, depois de tirar duas licen\u00e7as ao longo de 2020 para cuidar da sa\u00fade. Sua sa\u00edda deixar\u00e1 um v\u00e1cuo dif\u00edcil de ser ocupado e coincide com outra sucess\u00e3o decisiva na Suprema Corte dos Estados Unidos, ap\u00f3s a morte de Ruth Ginsburg. Nos dois pa\u00edses teme-se um poss\u00edvel ponto de inflex\u00e3o com essas sucess\u00f5es, o que pode determinar o tom de decis\u00f5es futuras.<\/p>\n\n\n\n<p>O substituto de Mello ser\u00e1 indicado pelo presidente<a href=\"https:\/\/brasil.elpais.com\/brasil\/2020-07-29\/sucessao-de-ministros-no-stf-atica-disputa-politica-e-poe-em-xeque-atuacao-de-favoritos-de-bolsonaro.html\">\u00a0Jair Bolsonaro<\/a>\u00a0(sem partido) e, segundo palavras do pr\u00f3prio mandat\u00e1rio, ter\u00e1 como uma de suas principais caracter\u00edsticas, ser \u201cterrivelmente evang\u00e9lico\u201d. Por ordem de prefer\u00eancia de Bolsonaro, entre os mais cotados para a indica\u00e7\u00e3o est\u00e3o os ministros da Secretaria-Geral, Jorge Oliveira; da Justi\u00e7a, Andr\u00e9 Mendon\u00e7a; e do Superior Tribunal de Justi\u00e7a, Jo\u00e3o Ot\u00e1vio de Noronha e Humberto Martins. Al\u00e9m do procurador-geral da Rep\u00fablica, Augusto Aras, e do juiz federal Marcelo Bretas.<\/p><div class=\"pryvs69f1a1c4a648b\" ><!--<a href=\"https:\/\/bit.ly\/3QdrqTZ\" target=\"_blank\">\n<img src=\"https:\/\/justicapotiguar.com.br\/wp-content\/uploads\/2023\/09\/mobile-geral.gif\"\/><a\/>--><\/div><style type=\"text\/css\">\r\n.pryvs69f1a1c4a648b {\r\ntext-align: center;\r\n}\r\n@media screen and (min-width: 1201px) {\r\n.pryvs69f1a1c4a648b {\r\ndisplay: none;\r\n}\r\n}\r\n@media screen and (min-width: 993px) and (max-width: 1200px) {\r\n.pryvs69f1a1c4a648b {\r\ndisplay: none;\r\n}\r\n}\r\n@media screen and (min-width: 769px) and (max-width: 992px) {\r\n.pryvs69f1a1c4a648b {\r\ndisplay: none;\r\n}\r\n}\r\n@media screen and (min-width: 768px) and (max-width: 768px) {\r\n.pryvs69f1a1c4a648b {\r\ndisplay: block;\r\n}\r\n}\r\n@media screen and (max-width: 767px) {\r\n.pryvs69f1a1c4a648b {\r\ndisplay: block;\r\n}\r\n}\r\n<\/style>\r\n<div class=\"bngoo69f1a1c4a6472\" ><!--<a href=\"https:\/\/bit.ly\/3QdrqTZ\" target=\"_blank\">\n<img src=\"https:\/\/justicapotiguar.com.br\/wp-content\/uploads\/2023\/09\/desktop-geral.gif\"\/><a\/>--><\/div><style type=\"text\/css\">\r\n.bngoo69f1a1c4a6472 {\r\ntext-align: center;\nmargin-bottom: 1em;\r\n}\r\n@media screen and (min-width: 1201px) {\r\n.bngoo69f1a1c4a6472 {\r\ndisplay: block;\r\n}\r\n}\r\n@media screen and (min-width: 993px) and (max-width: 1200px) {\r\n.bngoo69f1a1c4a6472 {\r\ndisplay: block;\r\n}\r\n}\r\n@media screen and (min-width: 769px) and (max-width: 992px) {\r\n.bngoo69f1a1c4a6472 {\r\ndisplay: block;\r\n}\r\n}\r\n@media screen and (min-width: 768px) and (max-width: 768px) {\r\n.bngoo69f1a1c4a6472 {\r\ndisplay: none;\r\n}\r\n}\r\n@media screen and (max-width: 767px) {\r\n.bngoo69f1a1c4a6472 {\r\ndisplay: none;\r\n}\r\n}\r\n<\/style>\r\n\n\n\n\n<p>\u201cSuas decis\u00f5es permanecer\u00e3o como um grande legado de afirma\u00e7\u00e3o dos valores democr\u00e1ticos por muitas gera\u00e7\u00f5es\u201d, avaliou o advogado Erick Pereira.<\/p>\n\n\n\n<p>El Pa\u00eds<\/p>\n","protected":false},"excerpt":{"rendered":"<p>Quem v\u00ea o ministro\u00a0Celso de Mello\u00a0hoje, dando conselhos aos seus colegas mais jovens ou recados \u00e0s altas autoridades da Rep\u00fablica, imagina que o faz por ser o decano \u2015 o integrante com maior idade \u2015 do\u00a0Supremo Tribunal Federal. A voz da experi\u00eancia. Mas a fun\u00e7\u00e3o de \u201cconselheiro\u201d o acompanha por toda a sua carreira. Na<br \/><a class=\"more-link\" href=\"https:\/\/justicapotiguar.com.br\/index.php\/2020\/09\/27\/saida-antecipada-de-celso-de-mello-ponto-de-equilibrio-da-corte-tensiona-sua-sucessao\/\">Mais&#8230;<\/a><\/p>\n","protected":false},"author":5,"featured_media":9842,"comment_status":"open","ping_status":"open","sticky":false,"template":"","format":"standard","meta":[],"categories":[3],"tags":[],"_links":{"self":[{"href":"https:\/\/justicapotiguar.com.br\/index.php\/wp-json\/wp\/v2\/posts\/13337"}],"collection":[{"href":"https:\/\/justicapotiguar.com.br\/index.php\/wp-json\/wp\/v2\/posts"}],"about":[{"href":"https:\/\/justicapotiguar.com.br\/index.php\/wp-json\/wp\/v2\/types\/post"}],"author":[{"embeddable":true,"href":"https:\/\/justicapotiguar.com.br\/index.php\/wp-json\/wp\/v2\/users\/5"}],"replies":[{"embeddable":true,"href":"https:\/\/justicapotiguar.com.br\/index.php\/wp-json\/wp\/v2\/comments?post=13337"}],"version-history":[{"count":1,"href":"https:\/\/justicapotiguar.com.br\/index.php\/wp-json\/wp\/v2\/posts\/13337\/revisions"}],"predecessor-version":[{"id":13338,"href":"https:\/\/justicapotiguar.com.br\/index.php\/wp-json\/wp\/v2\/posts\/13337\/revisions\/13338"}],"wp:featuredmedia":[{"embeddable":true,"href":"https:\/\/justicapotiguar.com.br\/index.php\/wp-json\/wp\/v2\/media\/9842"}],"wp:attachment":[{"href":"https:\/\/justicapotiguar.com.br\/index.php\/wp-json\/wp\/v2\/media?parent=13337"}],"wp:term":[{"taxonomy":"category","embeddable":true,"href":"https:\/\/justicapotiguar.com.br\/index.php\/wp-json\/wp\/v2\/categories?post=13337"},{"taxonomy":"post_tag","embeddable":true,"href":"https:\/\/justicapotiguar.com.br\/index.php\/wp-json\/wp\/v2\/tags?post=13337"}],"curies":[{"name":"wp","href":"https:\/\/api.w.org\/{rel}","templated":true}]}}