{"id":13293,"date":"2020-09-25T10:08:54","date_gmt":"2020-09-25T13:08:54","guid":{"rendered":"https:\/\/justicapotiguar.com.br\/?p=13293"},"modified":"2020-09-25T10:08:54","modified_gmt":"2020-09-25T13:08:54","slug":"a-pedido-do-mprn-justica-arquiva-investigacao-sobre-policiais-antifascismo","status":"publish","type":"post","link":"https:\/\/justicapotiguar.com.br\/index.php\/2020\/09\/25\/a-pedido-do-mprn-justica-arquiva-investigacao-sobre-policiais-antifascismo\/","title":{"rendered":"A pedido do MPRN, Justi\u00e7a arquiva investiga\u00e7\u00e3o sobre policiais antifascismo"},"content":{"rendered":"\n<p>A pedido do Minist\u00e9rio P\u00fablico do Rio Grande do Norte (MPRN), a Justi\u00e7a potiguar arquivou a investiga\u00e7\u00e3o instaurada com o objetivo de averiguar a exist\u00eancia do grupo denominado \u201cPoliciais Antifascismo\u201d no Estado. <\/p>\n\n\n\n<figure class=\"wp-block-image\"><img loading=\"lazy\" width=\"450\" height=\"450\" src=\"https:\/\/justicapotiguar.com.br\/wp-content\/uploads\/2020\/08\/policial-do-rio-grande-do-norte-usa-camiseta-do-grupo-policiais-antifascismo-1595972266458_v2_450x450.jpg\" alt=\"\" class=\"wp-image-11991\" srcset=\"https:\/\/justicapotiguar.com.br\/wp-content\/uploads\/2020\/08\/policial-do-rio-grande-do-norte-usa-camiseta-do-grupo-policiais-antifascismo-1595972266458_v2_450x450.jpg 450w, https:\/\/justicapotiguar.com.br\/wp-content\/uploads\/2020\/08\/policial-do-rio-grande-do-norte-usa-camiseta-do-grupo-policiais-antifascismo-1595972266458_v2_450x450-150x150.jpg 150w, https:\/\/justicapotiguar.com.br\/wp-content\/uploads\/2020\/08\/policial-do-rio-grande-do-norte-usa-camiseta-do-grupo-policiais-antifascismo-1595972266458_v2_450x450-300x300.jpg 300w\" sizes=\"(max-width: 450px) 100vw, 450px\" \/><figcaption>Reprodu\u00e7\u00e3o<\/figcaption><\/figure>\n\n\n\n<p>O pedido de arquivamento foi feito pela 69\u00aa Promotoria de Justi\u00e7a de Natal.\u00a0Na decis\u00e3o pelo arquivamento, o MPRN destaca que, diante do apurado at\u00e9 o momento, percebe-se que o grupo defende ideias l\u00edcitas, n\u00e3o se evidenciando a utiliza\u00e7\u00e3o da estrutura da Administra\u00e7\u00e3o P\u00fablica Militar ou de fardamento, armas ou viaturas nas manifesta\u00e7\u00f5es, carecendo os autos de ind\u00edcios de autoria ou prova da materialidade delitiva.\u00a0<\/p>\n\n\n\n<p>O MPRN frisa, por\u00e9m, que o exerc\u00edcio do direito \u00e0 liberdade de express\u00e3o pelos policiais militares exige a observ\u00e2ncia dos princ\u00edpios da hierarquia e disciplina, com atua\u00e7\u00e3o imparcial dos agentes p\u00fablicos. Assim, eventuais excessos no exerc\u00edcio desse direito poder\u00e1 justificar, dependendo de cada caso, a apura\u00e7\u00e3o de infra\u00e7\u00e3o disciplinar ou a instaura\u00e7\u00e3o de procedimentos investigat\u00f3rios.<\/p><div class=\"yswci69f1080c67085\" ><!--<a href=\"https:\/\/bit.ly\/3QdrqTZ\" target=\"_blank\">\n<img src=\"https:\/\/justicapotiguar.com.br\/wp-content\/uploads\/2023\/09\/mobile-geral.gif\"\/><a\/>--><\/div><style type=\"text\/css\">\r\n.yswci69f1080c67085 {\r\ntext-align: center;\r\n}\r\n@media screen and (min-width: 1201px) {\r\n.yswci69f1080c67085 {\r\ndisplay: none;\r\n}\r\n}\r\n@media screen and (min-width: 993px) and (max-width: 1200px) {\r\n.yswci69f1080c67085 {\r\ndisplay: none;\r\n}\r\n}\r\n@media screen and (min-width: 769px) and (max-width: 992px) {\r\n.yswci69f1080c67085 {\r\ndisplay: none;\r\n}\r\n}\r\n@media screen and (min-width: 768px) and (max-width: 768px) {\r\n.yswci69f1080c67085 {\r\ndisplay: block;\r\n}\r\n}\r\n@media screen and (max-width: 767px) {\r\n.yswci69f1080c67085 {\r\ndisplay: block;\r\n}\r\n}\r\n<\/style>\r\n<div class=\"lxckb69f1080c67073\" ><!--<a href=\"https:\/\/bit.ly\/3QdrqTZ\" target=\"_blank\">\n<img src=\"https:\/\/justicapotiguar.com.br\/wp-content\/uploads\/2023\/09\/desktop-geral.gif\"\/><a\/>--><\/div><style type=\"text\/css\">\r\n.lxckb69f1080c67073 {\r\ntext-align: center;\nmargin-bottom: 1em;\r\n}\r\n@media screen and (min-width: 1201px) {\r\n.lxckb69f1080c67073 {\r\ndisplay: block;\r\n}\r\n}\r\n@media screen and (min-width: 993px) and (max-width: 1200px) {\r\n.lxckb69f1080c67073 {\r\ndisplay: block;\r\n}\r\n}\r\n@media screen and (min-width: 769px) and (max-width: 992px) {\r\n.lxckb69f1080c67073 {\r\ndisplay: block;\r\n}\r\n}\r\n@media screen and (min-width: 768px) and (max-width: 768px) {\r\n.lxckb69f1080c67073 {\r\ndisplay: none;\r\n}\r\n}\r\n@media screen and (max-width: 767px) {\r\n.lxckb69f1080c67073 {\r\ndisplay: none;\r\n}\r\n}\r\n<\/style>\r\n\n\n\n\n<p>\u00a0O ordenamento jur\u00eddico veda aos policiais militares o comparecimento fardado em manifesta\u00e7\u00f5es de car\u00e1ter pol\u00edtico-partid\u00e1rio, bem como o uso da estrutura da Administra\u00e7\u00e3o P\u00fablica Militar para arregimentar eleitores. \u201cContudo, tais veda\u00e7\u00f5es n\u00e3o podem significar que os Policiais Militares s\u00e3o aut\u00f4matos, sem o direito de interpretar os acontecimentos sociais dentro sua vis\u00e3o e realizar o interc\u00e2mbio de ideias com os outros indiv\u00edduos. Assim, desde que respeitados os preceitos constitucionais e legais, os quais incluem os princ\u00edpios da hierarquia e disciplina, n\u00e3o h\u00e1 como se retirar dos Policiais Militares o direito \u00e0 forma\u00e7\u00e3o de suas pr\u00f3prias convic\u00e7\u00f5es e de manifestar seus pensamentos\u201d, frisa o MPRN na decis\u00e3o de arquivamento.<\/p>\n\n\n\n<p>\u00a0Al\u00e9m disso, n\u00e3o h\u00e1 nos autos, at\u00e9 o presente momento, ind\u00edcios suficientes de autoria ou prova da materialidade delitiva.<\/p>\n","protected":false},"excerpt":{"rendered":"<p>A pedido do Minist\u00e9rio P\u00fablico do Rio Grande do Norte (MPRN), a Justi\u00e7a potiguar arquivou a investiga\u00e7\u00e3o instaurada com o objetivo de averiguar a exist\u00eancia do grupo denominado \u201cPoliciais Antifascismo\u201d no Estado. O pedido de arquivamento foi feito pela 69\u00aa Promotoria de Justi\u00e7a de Natal.\u00a0Na decis\u00e3o pelo arquivamento, o MPRN destaca que, diante do apurado<br \/><a class=\"more-link\" href=\"https:\/\/justicapotiguar.com.br\/index.php\/2020\/09\/25\/a-pedido-do-mprn-justica-arquiva-investigacao-sobre-policiais-antifascismo\/\">Mais&#8230;<\/a><\/p>\n","protected":false},"author":5,"featured_media":11991,"comment_status":"open","ping_status":"open","sticky":false,"template":"","format":"standard","meta":[],"categories":[3],"tags":[],"_links":{"self":[{"href":"https:\/\/justicapotiguar.com.br\/index.php\/wp-json\/wp\/v2\/posts\/13293"}],"collection":[{"href":"https:\/\/justicapotiguar.com.br\/index.php\/wp-json\/wp\/v2\/posts"}],"about":[{"href":"https:\/\/justicapotiguar.com.br\/index.php\/wp-json\/wp\/v2\/types\/post"}],"author":[{"embeddable":true,"href":"https:\/\/justicapotiguar.com.br\/index.php\/wp-json\/wp\/v2\/users\/5"}],"replies":[{"embeddable":true,"href":"https:\/\/justicapotiguar.com.br\/index.php\/wp-json\/wp\/v2\/comments?post=13293"}],"version-history":[{"count":1,"href":"https:\/\/justicapotiguar.com.br\/index.php\/wp-json\/wp\/v2\/posts\/13293\/revisions"}],"predecessor-version":[{"id":13294,"href":"https:\/\/justicapotiguar.com.br\/index.php\/wp-json\/wp\/v2\/posts\/13293\/revisions\/13294"}],"wp:featuredmedia":[{"embeddable":true,"href":"https:\/\/justicapotiguar.com.br\/index.php\/wp-json\/wp\/v2\/media\/11991"}],"wp:attachment":[{"href":"https:\/\/justicapotiguar.com.br\/index.php\/wp-json\/wp\/v2\/media?parent=13293"}],"wp:term":[{"taxonomy":"category","embeddable":true,"href":"https:\/\/justicapotiguar.com.br\/index.php\/wp-json\/wp\/v2\/categories?post=13293"},{"taxonomy":"post_tag","embeddable":true,"href":"https:\/\/justicapotiguar.com.br\/index.php\/wp-json\/wp\/v2\/tags?post=13293"}],"curies":[{"name":"wp","href":"https:\/\/api.w.org\/{rel}","templated":true}]}}