{"id":13288,"date":"2020-09-25T09:17:59","date_gmt":"2020-09-25T12:17:59","guid":{"rendered":"https:\/\/justicapotiguar.com.br\/?p=13288"},"modified":"2020-09-25T08:13:02","modified_gmt":"2020-09-25T11:13:02","slug":"justica-suspende-processo-de-contratacao-emergencial-para-servico-de-seguranca-em-escolas-estaduais","status":"publish","type":"post","link":"https:\/\/justicapotiguar.com.br\/index.php\/2020\/09\/25\/justica-suspende-processo-de-contratacao-emergencial-para-servico-de-seguranca-em-escolas-estaduais\/","title":{"rendered":"Justi\u00e7a suspende processo de contrata\u00e7\u00e3o emergencial para servi\u00e7o de seguran\u00e7a em escolas estaduais"},"content":{"rendered":"\n<p>A ju\u00edza convocada Berenice Capuxu determinou a suspens\u00e3o do tr\u00e2mite do processo de contrata\u00e7\u00e3o emergencial deflagrada nos autos de um Processo Administrativo para execu\u00e7\u00e3o de servi\u00e7o de seguran\u00e7a armada das escolas estaduais localizadas no Munic\u00edpio de Natal, Grande Natal e outras unidades administrativas vinculadas \u00e0 Secretaria Estadual de Educa\u00e7\u00e3o (SEEC\/RN). Ela tamb\u00e9m determinou a imediata retomada e conclus\u00e3o do processo licitat\u00f3rio permanente para a contrata\u00e7\u00e3o do servi\u00e7o.<\/p>\n\n\n\n<figure class=\"wp-block-image\"><img loading=\"lazy\" width=\"600\" height=\"366\" src=\"https:\/\/justicapotiguar.com.br\/wp-content\/uploads\/2020\/09\/images-27.jpeg\" alt=\"\" class=\"wp-image-13289\" srcset=\"https:\/\/justicapotiguar.com.br\/wp-content\/uploads\/2020\/09\/images-27.jpeg 600w, https:\/\/justicapotiguar.com.br\/wp-content\/uploads\/2020\/09\/images-27-300x183.jpeg 300w\" sizes=\"(max-width: 600px) 100vw, 600px\" \/><figcaption>Ilustrativa<\/figcaption><\/figure>\n\n\n\n<p>A determina\u00e7\u00e3o atende a pedido feito no recurso que foi interposto pela empresa RN Seguran\u00e7a Ltda. \u2013 ME contra a decis\u00e3o proferida pela 6\u00aa Vara da Fazenda P\u00fablica de Natal, que, nos autos de uma a\u00e7\u00e3o proposta contra o Estado do Rio Grande do Norte, indeferiu pedido liminar de suspens\u00e3o da contrata\u00e7\u00e3o emergencial formulado pela empresa. A RN Seguran\u00e7a apontou irregularidade no processo.<\/p>\n\n\n\n<p><strong>Recurso<\/strong><\/p>\n\n\n\n<p>No recurso, a empresa informou que em 27 de novembro de 2019, por meio de Memorando, a SEEC-RN iniciou procedimento de contrata\u00e7\u00e3o emergencial, com base no art. 24, IV, da Lei n. 8.666\/93, para execu\u00e7\u00e3o de servi\u00e7o de seguran\u00e7a armada para suprir as necessidades das escolas estaduais localizadas no Munic\u00edpio de Natal, Grande Natal e outras unidades administrativas vinculadas \u00e0 SEEC-RN, conforme Termo de Refer\u00eancia n\u00ba 018\/2019, pelo per\u00edodo de 180 dias.<\/p>\n\n\n\n<p>Entretanto, paralelamente, atrav\u00e9s do processo n. 0041.0004.002630\/2019-39, a SEEC-RN tamb\u00e9m est\u00e1 efetuando procedimento licitat\u00f3rio cujo objetivo \u00e9 a mesma contrata\u00e7\u00e3o de empresa especializada em servi\u00e7os de seguran\u00e7a armada, iniciado anteriormente \u00e0 contrata\u00e7\u00e3o emergencial.<\/p>\n\n\n\n<p>Al\u00e9m disso, alegou que o certame se encontra atualmente homologado, t\u00e3o somente aguardando a contrata\u00e7\u00e3o da empresa vencedora, o processo licitat\u00f3rio com o mesmo objeto, realizado pela Secretaria de Estado de Administra\u00e7\u00e3o do Rio Grande do Norte (SEAD-RN), conforme protocolo n. 071004\/2018-1.<\/p>\n\n\n\n<p>Afirmou a empresa recorrente que, encaminhados os autos emergenciais para a realiza\u00e7\u00e3o de pesquisa mercadol\u00f3gica, foram juntadas as propostas comerciais, tendo a sua proposta sido realizada em valor mensal consideravelmente inferior \u00e0s demais empresas, n\u00e3o obstante estranhamente, no mesmo dia e logo ap\u00f3s, foi juntada uma proposta comercial de outra empresa com diferen\u00e7a mensal de apenas R$ 3.731,60 da proposta da RN Seguran\u00e7a Ltda. \u2013 ME.<\/p><div class=\"xtgbg69f0f3d4d5547\" ><!--<a href=\"https:\/\/bit.ly\/3QdrqTZ\" target=\"_blank\">\n<img src=\"https:\/\/justicapotiguar.com.br\/wp-content\/uploads\/2023\/09\/mobile-geral.gif\"\/><a\/>--><\/div><style type=\"text\/css\">\r\n.xtgbg69f0f3d4d5547 {\r\ntext-align: center;\r\n}\r\n@media screen and (min-width: 1201px) {\r\n.xtgbg69f0f3d4d5547 {\r\ndisplay: none;\r\n}\r\n}\r\n@media screen and (min-width: 993px) and (max-width: 1200px) {\r\n.xtgbg69f0f3d4d5547 {\r\ndisplay: none;\r\n}\r\n}\r\n@media screen and (min-width: 769px) and (max-width: 992px) {\r\n.xtgbg69f0f3d4d5547 {\r\ndisplay: none;\r\n}\r\n}\r\n@media screen and (min-width: 768px) and (max-width: 768px) {\r\n.xtgbg69f0f3d4d5547 {\r\ndisplay: block;\r\n}\r\n}\r\n@media screen and (max-width: 767px) {\r\n.xtgbg69f0f3d4d5547 {\r\ndisplay: block;\r\n}\r\n}\r\n<\/style>\r\n<div class=\"debop69f0f3d4d5529\" ><!--<a href=\"https:\/\/bit.ly\/3QdrqTZ\" target=\"_blank\">\n<img src=\"https:\/\/justicapotiguar.com.br\/wp-content\/uploads\/2023\/09\/desktop-geral.gif\"\/><a\/>--><\/div><style type=\"text\/css\">\r\n.debop69f0f3d4d5529 {\r\ntext-align: center;\nmargin-bottom: 1em;\r\n}\r\n@media screen and (min-width: 1201px) {\r\n.debop69f0f3d4d5529 {\r\ndisplay: block;\r\n}\r\n}\r\n@media screen and (min-width: 993px) and (max-width: 1200px) {\r\n.debop69f0f3d4d5529 {\r\ndisplay: block;\r\n}\r\n}\r\n@media screen and (min-width: 769px) and (max-width: 992px) {\r\n.debop69f0f3d4d5529 {\r\ndisplay: block;\r\n}\r\n}\r\n@media screen and (min-width: 768px) and (max-width: 768px) {\r\n.debop69f0f3d4d5529 {\r\ndisplay: none;\r\n}\r\n}\r\n@media screen and (max-width: 767px) {\r\n.debop69f0f3d4d5529 {\r\ndisplay: none;\r\n}\r\n}\r\n<\/style>\r\n\n\n\n\n<p>Sustentou que a Procuradoria-Geral do Estado (PGE), ao receber os autos para an\u00e1lise de legalidade da contrata\u00e7\u00e3o e a emiss\u00e3o de parecer, proferiu despacho, em 18 de fevereiro de 2020, apontando diversas irregularidades, e determinando provid\u00eancias.<\/p>\n\n\n\n<p>Destacou a recorrente que ap\u00f3s dois meses, os autos do processo foram novamente encaminhados \u00e0quela Procuradoria, a fim de verificar o cumprimento das provid\u00eancias definidas em seu despacho para a legalidade da contrata\u00e7\u00e3o emergencial, oportunidade em que foi emitido o Parecer n. 85\/2020\/PGE, opinando pela rejei\u00e7\u00e3o da contrata\u00e7\u00e3o, diante da descaracteriza\u00e7\u00e3o da situa\u00e7\u00e3o de emerg\u00eancia anteriormente configurada, advinda da demora na finaliza\u00e7\u00e3o da contrata\u00e7\u00e3o emergencial.<\/p>\n\n\n\n<p><strong>Decis\u00e3o<\/strong><\/p>\n\n\n\n<p>Para a relatora da demanda, Berenice Capuxu, a empresa RN Seguran\u00e7a Ltda. \u2013 ME demonstrou a exist\u00eancia dos requisitos para alcan\u00e7ar o pleito formulado. Ela observou ind\u00edcios graves de in\u00e9rcia administrativa, uma vez que, mesmo ciente de que o contrato vigente estava em sua \u00faltima prorroga\u00e7\u00e3o, sendo, portanto, mat\u00e9ria previs\u00edvel, o administrador p\u00fablico n\u00e3o adotou, com anteced\u00eancia adequada, as medidas necess\u00e1rias para contrata\u00e7\u00e3o de empresa atrav\u00e9s de procedimento licitat\u00f3rio, ocasionando contrata\u00e7\u00e3o emergencial no valor de R$ 3.564.405,00.<\/p>\n\n\n\n<p>\u201cDe fato, os documentos apresentados, neste instante, mostram-se suficientes \u00e0 caracteriza\u00e7\u00e3o da ilegalidade e onerosidade da contrata\u00e7\u00e3o emergencial\u201d, concluiu. A ju\u00edza destacou, inclusive, o fato de em recente decis\u00e3o o desembargador Gilson Barbosa ter revogado medida liminar antes deferida, para se fazer prevalecer novamente os termos do preg\u00e3o eletr\u00f4nico n\u00b0 011\/2019, cuja homologa\u00e7\u00e3o se deu em benef\u00edcio da empresa RN Seguran\u00e7a Ltda. \u2013 ME por menor pre\u00e7o.<\/p>\n\n\n\n<p>\u201cPortanto, considerando a supremacia do interesse p\u00fablico em contratar com o menor pre\u00e7o e a necessidade de obedi\u00eancia ao procedimento licitat\u00f3rio, o qual, inclusive, j\u00e1 est\u00e1 em andamento, entendo presente os requisitos necess\u00e1rios ao deferimento da medida pugnada liminarmente\u201d, finalizou.<\/p>\n\n\n\n<p><strong>(Processo n\u00ba 0805781-40.2020.8.20.0000)<\/strong><\/p>\n","protected":false},"excerpt":{"rendered":"<p>A ju\u00edza convocada Berenice Capuxu determinou a suspens\u00e3o do tr\u00e2mite do processo de contrata\u00e7\u00e3o emergencial deflagrada nos autos de um Processo Administrativo para execu\u00e7\u00e3o de servi\u00e7o de seguran\u00e7a armada das escolas estaduais localizadas no Munic\u00edpio de Natal, Grande Natal e outras unidades administrativas vinculadas \u00e0 Secretaria Estadual de Educa\u00e7\u00e3o (SEEC\/RN). Ela tamb\u00e9m determinou a imediata<br \/><a class=\"more-link\" href=\"https:\/\/justicapotiguar.com.br\/index.php\/2020\/09\/25\/justica-suspende-processo-de-contratacao-emergencial-para-servico-de-seguranca-em-escolas-estaduais\/\">Mais&#8230;<\/a><\/p>\n","protected":false},"author":5,"featured_media":13289,"comment_status":"open","ping_status":"open","sticky":false,"template":"","format":"standard","meta":[],"categories":[3],"tags":[],"_links":{"self":[{"href":"https:\/\/justicapotiguar.com.br\/index.php\/wp-json\/wp\/v2\/posts\/13288"}],"collection":[{"href":"https:\/\/justicapotiguar.com.br\/index.php\/wp-json\/wp\/v2\/posts"}],"about":[{"href":"https:\/\/justicapotiguar.com.br\/index.php\/wp-json\/wp\/v2\/types\/post"}],"author":[{"embeddable":true,"href":"https:\/\/justicapotiguar.com.br\/index.php\/wp-json\/wp\/v2\/users\/5"}],"replies":[{"embeddable":true,"href":"https:\/\/justicapotiguar.com.br\/index.php\/wp-json\/wp\/v2\/comments?post=13288"}],"version-history":[{"count":1,"href":"https:\/\/justicapotiguar.com.br\/index.php\/wp-json\/wp\/v2\/posts\/13288\/revisions"}],"predecessor-version":[{"id":13290,"href":"https:\/\/justicapotiguar.com.br\/index.php\/wp-json\/wp\/v2\/posts\/13288\/revisions\/13290"}],"wp:featuredmedia":[{"embeddable":true,"href":"https:\/\/justicapotiguar.com.br\/index.php\/wp-json\/wp\/v2\/media\/13289"}],"wp:attachment":[{"href":"https:\/\/justicapotiguar.com.br\/index.php\/wp-json\/wp\/v2\/media?parent=13288"}],"wp:term":[{"taxonomy":"category","embeddable":true,"href":"https:\/\/justicapotiguar.com.br\/index.php\/wp-json\/wp\/v2\/categories?post=13288"},{"taxonomy":"post_tag","embeddable":true,"href":"https:\/\/justicapotiguar.com.br\/index.php\/wp-json\/wp\/v2\/tags?post=13288"}],"curies":[{"name":"wp","href":"https:\/\/api.w.org\/{rel}","templated":true}]}}