{"id":13285,"date":"2020-09-25T08:56:17","date_gmt":"2020-09-25T11:56:17","guid":{"rendered":"https:\/\/justicapotiguar.com.br\/?p=13285"},"modified":"2020-09-24T20:18:58","modified_gmt":"2020-09-24T23:18:58","slug":"tre-rj-torna-crivella-inelegivel-ate-2026-por-abuso-de-poder-politico","status":"publish","type":"post","link":"https:\/\/justicapotiguar.com.br\/index.php\/2020\/09\/25\/tre-rj-torna-crivella-inelegivel-ate-2026-por-abuso-de-poder-politico\/","title":{"rendered":"TRE-RJ torna Crivella ineleg\u00edvel at\u00e9 2026 por abuso de poder pol\u00edtico"},"content":{"rendered":"\n<p>O TRE-RJ (Tribunal Regional Eleitoral do Rio de Janeiro) tornou o prefeito Marcelo Crivella (Republicanos) ineleg\u00edvel por oito anos, por abuso de poder pol\u00edtico. A sess\u00e3o realizada nesta quinta-feira (24) foi uma continua\u00e7\u00e3o do julgamento iniciado na 2\u00aa feira (21.set.2020),\u00a0<a href=\"https:\/\/www.poder360.com.br\/eleicoes\/maioria-do-tre-rj-vota-para-tornar-crivella-inelegivel-prefeito-pode-recorrer\/\">que foi interrompido por pedido de vista do desembargador Vitor Marcelo Rodrigues<\/a>.<\/p>\n\n\n\n<figure class=\"wp-block-image\"><img loading=\"lazy\" width=\"868\" height=\"644\" src=\"https:\/\/justicapotiguar.com.br\/wp-content\/uploads\/2020\/09\/marcelo-crivella-868x644-1-868x644.jpg\" alt=\"\" class=\"wp-image-13286\" srcset=\"https:\/\/justicapotiguar.com.br\/wp-content\/uploads\/2020\/09\/marcelo-crivella-868x644-1-868x644.jpg 868w, https:\/\/justicapotiguar.com.br\/wp-content\/uploads\/2020\/09\/marcelo-crivella-868x644-1-868x644-300x223.jpg 300w, https:\/\/justicapotiguar.com.br\/wp-content\/uploads\/2020\/09\/marcelo-crivella-868x644-1-868x644-768x570.jpg 768w\" sizes=\"(max-width: 868px) 100vw, 868px\" \/><figcaption>Tania Rego\/Ag\u00eancia Brasil<\/figcaption><\/figure>\n\n\n\n<p>Com o voto favor\u00e1vel ao do relator, dado logo no in\u00edcio da sess\u00e3o, o resultado ficou em 7 x 0 contra o prefeito do Rio, condenado pela realiza\u00e7\u00e3o de um evento pol\u00edtico ocorrido em 2018, quando funcion\u00e1rios p\u00fablicos foram levados em carros oficiais.<\/p><div class=\"osgti69f0df0cd2272\" ><!--<a href=\"https:\/\/bit.ly\/3QdrqTZ\" target=\"_blank\">\n<img src=\"https:\/\/justicapotiguar.com.br\/wp-content\/uploads\/2023\/09\/mobile-geral.gif\"\/><a\/>--><\/div><style type=\"text\/css\">\r\n.osgti69f0df0cd2272 {\r\ntext-align: center;\r\n}\r\n@media screen and (min-width: 1201px) {\r\n.osgti69f0df0cd2272 {\r\ndisplay: none;\r\n}\r\n}\r\n@media screen and (min-width: 993px) and (max-width: 1200px) {\r\n.osgti69f0df0cd2272 {\r\ndisplay: none;\r\n}\r\n}\r\n@media screen and (min-width: 769px) and (max-width: 992px) {\r\n.osgti69f0df0cd2272 {\r\ndisplay: none;\r\n}\r\n}\r\n@media screen and (min-width: 768px) and (max-width: 768px) {\r\n.osgti69f0df0cd2272 {\r\ndisplay: block;\r\n}\r\n}\r\n@media screen and (max-width: 767px) {\r\n.osgti69f0df0cd2272 {\r\ndisplay: block;\r\n}\r\n}\r\n<\/style>\r\n<div class=\"zswfn69f0df0cd225d\" ><!--<a href=\"https:\/\/bit.ly\/3QdrqTZ\" target=\"_blank\">\n<img src=\"https:\/\/justicapotiguar.com.br\/wp-content\/uploads\/2023\/09\/desktop-geral.gif\"\/><a\/>--><\/div><style type=\"text\/css\">\r\n.zswfn69f0df0cd225d {\r\ntext-align: center;\nmargin-bottom: 1em;\r\n}\r\n@media screen and (min-width: 1201px) {\r\n.zswfn69f0df0cd225d {\r\ndisplay: block;\r\n}\r\n}\r\n@media screen and (min-width: 993px) and (max-width: 1200px) {\r\n.zswfn69f0df0cd225d {\r\ndisplay: block;\r\n}\r\n}\r\n@media screen and (min-width: 769px) and (max-width: 992px) {\r\n.zswfn69f0df0cd225d {\r\ndisplay: block;\r\n}\r\n}\r\n@media screen and (min-width: 768px) and (max-width: 768px) {\r\n.zswfn69f0df0cd225d {\r\ndisplay: none;\r\n}\r\n}\r\n@media screen and (max-width: 767px) {\r\n.zswfn69f0df0cd225d {\r\ndisplay: none;\r\n}\r\n}\r\n<\/style>\r\n\n\n\n\n<p>Poder 360<\/p>\n","protected":false},"excerpt":{"rendered":"<p>O TRE-RJ (Tribunal Regional Eleitoral do Rio de Janeiro) tornou o prefeito Marcelo Crivella (Republicanos) ineleg\u00edvel por oito anos, por abuso de poder pol\u00edtico. A sess\u00e3o realizada nesta quinta-feira (24) foi uma continua\u00e7\u00e3o do julgamento iniciado na 2\u00aa feira (21.set.2020),\u00a0que foi interrompido por pedido de vista do desembargador Vitor Marcelo Rodrigues. Com o voto favor\u00e1vel<br \/><a class=\"more-link\" href=\"https:\/\/justicapotiguar.com.br\/index.php\/2020\/09\/25\/tre-rj-torna-crivella-inelegivel-ate-2026-por-abuso-de-poder-politico\/\">Mais&#8230;<\/a><\/p>\n","protected":false},"author":5,"featured_media":13286,"comment_status":"open","ping_status":"open","sticky":false,"template":"","format":"standard","meta":[],"categories":[3],"tags":[],"_links":{"self":[{"href":"https:\/\/justicapotiguar.com.br\/index.php\/wp-json\/wp\/v2\/posts\/13285"}],"collection":[{"href":"https:\/\/justicapotiguar.com.br\/index.php\/wp-json\/wp\/v2\/posts"}],"about":[{"href":"https:\/\/justicapotiguar.com.br\/index.php\/wp-json\/wp\/v2\/types\/post"}],"author":[{"embeddable":true,"href":"https:\/\/justicapotiguar.com.br\/index.php\/wp-json\/wp\/v2\/users\/5"}],"replies":[{"embeddable":true,"href":"https:\/\/justicapotiguar.com.br\/index.php\/wp-json\/wp\/v2\/comments?post=13285"}],"version-history":[{"count":1,"href":"https:\/\/justicapotiguar.com.br\/index.php\/wp-json\/wp\/v2\/posts\/13285\/revisions"}],"predecessor-version":[{"id":13287,"href":"https:\/\/justicapotiguar.com.br\/index.php\/wp-json\/wp\/v2\/posts\/13285\/revisions\/13287"}],"wp:featuredmedia":[{"embeddable":true,"href":"https:\/\/justicapotiguar.com.br\/index.php\/wp-json\/wp\/v2\/media\/13286"}],"wp:attachment":[{"href":"https:\/\/justicapotiguar.com.br\/index.php\/wp-json\/wp\/v2\/media?parent=13285"}],"wp:term":[{"taxonomy":"category","embeddable":true,"href":"https:\/\/justicapotiguar.com.br\/index.php\/wp-json\/wp\/v2\/categories?post=13285"},{"taxonomy":"post_tag","embeddable":true,"href":"https:\/\/justicapotiguar.com.br\/index.php\/wp-json\/wp\/v2\/tags?post=13285"}],"curies":[{"name":"wp","href":"https:\/\/api.w.org\/{rel}","templated":true}]}}