{"id":13282,"date":"2020-09-25T08:31:44","date_gmt":"2020-09-25T11:31:44","guid":{"rendered":"https:\/\/justicapotiguar.com.br\/?p=13282"},"modified":"2020-09-24T20:15:12","modified_gmt":"2020-09-24T23:15:12","slug":"agu-suspende-promocao-em-massa-que-levou-606-procuradores-ao-topo-da-carreira","status":"publish","type":"post","link":"https:\/\/justicapotiguar.com.br\/index.php\/2020\/09\/25\/agu-suspende-promocao-em-massa-que-levou-606-procuradores-ao-topo-da-carreira\/","title":{"rendered":"AGU suspende promo\u00e7\u00e3o em massa que levou 606 procuradores ao topo da carreira"},"content":{"rendered":"\n<p>A Advocacia-Geral da Uni\u00e3o (<a href=\"https:\/\/g1.globo.com\/tudo-sobre\/agu\/\">AGU<\/a>) decidiu suspender nesta quinta-feira (24) a\u00a0<a href=\"https:\/\/g1.globo.com\/politica\/noticia\/2020\/09\/23\/promocao-em-massa-leva-607-procuradores-da-agu-ao-topo-da-carreira-com-salario-de-r-27-mil.ghtml\">promo\u00e7\u00e3o em massa que levou 606 procuradores federais do \u00f3rg\u00e3o ao topo da carreira<\/a>\u00a0\u2013 com sal\u00e1rios acima de R$ 27 mil.<\/p>\n\n\n\n<figure class=\"wp-block-image\"><img loading=\"lazy\" width=\"264\" height=\"191\" src=\"https:\/\/justicapotiguar.com.br\/wp-content\/uploads\/2020\/09\/download-2-1.jpeg\" alt=\"\" class=\"wp-image-13283\"\/><figcaption>Reprodu\u00e7\u00e3o<\/figcaption><\/figure>\n\n\n\n<p>A decis\u00e3o \u00e9 do procurador-geral federal, Leonardo Lima Fernandes. Segundo ele, a suspens\u00e3o se baseia &#8220;no poder geral de cautela da Administra\u00e7\u00e3o, e por raz\u00f5es de conveni\u00eancia e oportunidade&#8221;.<\/p>\n\n\n\n<p>No documento que embasou a decis\u00e3o, o coordenador-geral de Pessoal, Watson Monteiro Oliveira, afirma que todos os atos para a promo\u00e7\u00e3o dos servidores &#8220;revestiram-se de legalidade, praticados nos estritos termos da Lei&#8221;.<\/p>\n\n\n\n<p>Ainda assim, ele recomenda a suspens\u00e3o &#8220;tendo presentes os questionamentos suscitados com a publica\u00e7\u00e3o do referido ato, e com fulcro no poder geral de cautela da Administra\u00e7\u00e3o&#8221;.<\/p><div class=\"bgnxl69f0c96ce38a3\" ><!--<a href=\"https:\/\/bit.ly\/3QdrqTZ\" target=\"_blank\">\n<img src=\"https:\/\/justicapotiguar.com.br\/wp-content\/uploads\/2023\/09\/mobile-geral.gif\"\/><a\/>--><\/div><style type=\"text\/css\">\r\n.bgnxl69f0c96ce38a3 {\r\ntext-align: center;\r\n}\r\n@media screen and (min-width: 1201px) {\r\n.bgnxl69f0c96ce38a3 {\r\ndisplay: none;\r\n}\r\n}\r\n@media screen and (min-width: 993px) and (max-width: 1200px) {\r\n.bgnxl69f0c96ce38a3 {\r\ndisplay: none;\r\n}\r\n}\r\n@media screen and (min-width: 769px) and (max-width: 992px) {\r\n.bgnxl69f0c96ce38a3 {\r\ndisplay: none;\r\n}\r\n}\r\n@media screen and (min-width: 768px) and (max-width: 768px) {\r\n.bgnxl69f0c96ce38a3 {\r\ndisplay: block;\r\n}\r\n}\r\n@media screen and (max-width: 767px) {\r\n.bgnxl69f0c96ce38a3 {\r\ndisplay: block;\r\n}\r\n}\r\n<\/style>\r\n<div class=\"adjay69f0c96ce388c\" ><!--<a href=\"https:\/\/bit.ly\/3QdrqTZ\" target=\"_blank\">\n<img src=\"https:\/\/justicapotiguar.com.br\/wp-content\/uploads\/2023\/09\/desktop-geral.gif\"\/><a\/>--><\/div><style type=\"text\/css\">\r\n.adjay69f0c96ce388c {\r\ntext-align: center;\nmargin-bottom: 1em;\r\n}\r\n@media screen and (min-width: 1201px) {\r\n.adjay69f0c96ce388c {\r\ndisplay: block;\r\n}\r\n}\r\n@media screen and (min-width: 993px) and (max-width: 1200px) {\r\n.adjay69f0c96ce388c {\r\ndisplay: block;\r\n}\r\n}\r\n@media screen and (min-width: 769px) and (max-width: 992px) {\r\n.adjay69f0c96ce388c {\r\ndisplay: block;\r\n}\r\n}\r\n@media screen and (min-width: 768px) and (max-width: 768px) {\r\n.adjay69f0c96ce388c {\r\ndisplay: none;\r\n}\r\n}\r\n@media screen and (max-width: 767px) {\r\n.adjay69f0c96ce388c {\r\ndisplay: none;\r\n}\r\n}\r\n<\/style>\r\n\n\n\n\n<p>Na \u00faltima sexta (18), uma portaria da AGU promoveu 607 procuradores, dos quais 606 passaram a integrar o topo da carreira da procuradoria federal. A medida, segundo a Advocacia-Geral, tinha seguido os crit\u00e9rios de antiguidade e merecimento.<\/p>\n\n\n\n<h2>Momento n\u00e3o era &#8216;oportuno&#8217;<\/h2>\n\n\n\n<p>No in\u00edcio da noite desta quinta-feira, o vice-presidente Hamilton Mour\u00e3o disse que o momento n\u00e3o era &#8220;oportuno&#8221; para as promo\u00e7\u00f5es.<\/p>\n\n\n\n<p>&#8220;J\u00e1 est\u00e1 suspenso isso a\u00ed, n\u00e3o tem mais o que comentar isso a\u00ed. N\u00e3o era o momento oportuno para isso, n\u00e9? Isso \u00e9 uma realidade. A decis\u00e3o [de suspender] \u00e9 o melhor para o momento que estamos vivendo&#8221;, declarou.<\/p>\n\n\n\n<p>G1<\/p>\n","protected":false},"excerpt":{"rendered":"<p>A Advocacia-Geral da Uni\u00e3o (AGU) decidiu suspender nesta quinta-feira (24) a\u00a0promo\u00e7\u00e3o em massa que levou 606 procuradores federais do \u00f3rg\u00e3o ao topo da carreira\u00a0\u2013 com sal\u00e1rios acima de R$ 27 mil. A decis\u00e3o \u00e9 do procurador-geral federal, Leonardo Lima Fernandes. Segundo ele, a suspens\u00e3o se baseia &#8220;no poder geral de cautela da Administra\u00e7\u00e3o, e por<br \/><a class=\"more-link\" href=\"https:\/\/justicapotiguar.com.br\/index.php\/2020\/09\/25\/agu-suspende-promocao-em-massa-que-levou-606-procuradores-ao-topo-da-carreira\/\">Mais&#8230;<\/a><\/p>\n","protected":false},"author":5,"featured_media":13283,"comment_status":"open","ping_status":"open","sticky":false,"template":"","format":"standard","meta":[],"categories":[3],"tags":[],"_links":{"self":[{"href":"https:\/\/justicapotiguar.com.br\/index.php\/wp-json\/wp\/v2\/posts\/13282"}],"collection":[{"href":"https:\/\/justicapotiguar.com.br\/index.php\/wp-json\/wp\/v2\/posts"}],"about":[{"href":"https:\/\/justicapotiguar.com.br\/index.php\/wp-json\/wp\/v2\/types\/post"}],"author":[{"embeddable":true,"href":"https:\/\/justicapotiguar.com.br\/index.php\/wp-json\/wp\/v2\/users\/5"}],"replies":[{"embeddable":true,"href":"https:\/\/justicapotiguar.com.br\/index.php\/wp-json\/wp\/v2\/comments?post=13282"}],"version-history":[{"count":1,"href":"https:\/\/justicapotiguar.com.br\/index.php\/wp-json\/wp\/v2\/posts\/13282\/revisions"}],"predecessor-version":[{"id":13284,"href":"https:\/\/justicapotiguar.com.br\/index.php\/wp-json\/wp\/v2\/posts\/13282\/revisions\/13284"}],"wp:featuredmedia":[{"embeddable":true,"href":"https:\/\/justicapotiguar.com.br\/index.php\/wp-json\/wp\/v2\/media\/13283"}],"wp:attachment":[{"href":"https:\/\/justicapotiguar.com.br\/index.php\/wp-json\/wp\/v2\/media?parent=13282"}],"wp:term":[{"taxonomy":"category","embeddable":true,"href":"https:\/\/justicapotiguar.com.br\/index.php\/wp-json\/wp\/v2\/categories?post=13282"},{"taxonomy":"post_tag","embeddable":true,"href":"https:\/\/justicapotiguar.com.br\/index.php\/wp-json\/wp\/v2\/tags?post=13282"}],"curies":[{"name":"wp","href":"https:\/\/api.w.org\/{rel}","templated":true}]}}