{"id":13280,"date":"2020-09-24T18:24:03","date_gmt":"2020-09-24T21:24:03","guid":{"rendered":"https:\/\/justicapotiguar.com.br\/?p=13280"},"modified":"2020-09-24T15:25:05","modified_gmt":"2020-09-24T18:25:05","slug":"ex-pgr-raquel-dogde-fala-sobre-carreira-juridica-em-projeto-da-ufrn","status":"publish","type":"post","link":"https:\/\/justicapotiguar.com.br\/index.php\/2020\/09\/24\/ex-pgr-raquel-dogde-fala-sobre-carreira-juridica-em-projeto-da-ufrn\/","title":{"rendered":"EX-PGR, Raquel Dogde fala sobre carreira jur\u00eddica em projeto da UFRN"},"content":{"rendered":"\n<figure class=\"wp-block-image\"><img loading=\"lazy\" width=\"700\" height=\"468\" src=\"https:\/\/justicapotiguar.com.br\/wp-content\/uploads\/2019\/08\/Raquel-Dodge.jpg\" alt=\"\" class=\"wp-image-88\" srcset=\"https:\/\/justicapotiguar.com.br\/wp-content\/uploads\/2019\/08\/Raquel-Dodge.jpg 700w, https:\/\/justicapotiguar.com.br\/wp-content\/uploads\/2019\/08\/Raquel-Dodge-300x201.jpg 300w\" sizes=\"(max-width: 700px) 100vw, 700px\" \/><figcaption>Reprodu\u00e7\u00e3o<\/figcaption><\/figure>\n\n\n\n<p>A jurista, Raquel Dodge, Subprocuradora-Geral da Rep\u00fablica e Mestre em Direito pela Universidade de Harvard, participa na pr\u00f3xima segunda-feira, 28, do Projeto de Extens\u00e3o \u201cI Ciclo de Carreiras Jur\u00eddicas: O Direito \u00e9 plural\u201d, \u00e0s 19h30, atrav\u00e9s do<a href=\"https:\/\/www.youtube.com\/channel\/UCNaau20jDMtJOWsaNQwHZaA\">\u00a0YouTube<\/a>. O evento \u00e9 gratuito, aberto ao p\u00fablico, e as inscri\u00e7\u00f5es podem ser feitas atrav\u00e9s do site<a href=\"http:\/\/www.ccsa.ufrn.br\/meconvida\">\u00a0www.ccsa.ufrn.br\/meconvida<\/a>\u00a0ou pelo<a href=\"https:\/\/sigaa.ufrn.br\/sigaa\/public\/extensao\/viewDadosCursoEvento.jsf\">\u00a0SIGAA<\/a>.\u00a0<\/p>\n\n\n\n<p>Raquel Dodge ir\u00e1 comentar sobre sua carreira e experi\u00eancia profissional, percursos e dificuldades encontradas e suas \u00e1reas de interesse ao longo dos anos, al\u00e9m de debater sobre a proje\u00e7\u00e3o das mulheres no cen\u00e1rio jur\u00eddico, o espa\u00e7o feminino no cen\u00e1rio nacional e as diferen\u00e7as e perspectivas para o futuro do ambiente jur\u00eddico no pa\u00eds.&nbsp;<\/p>\n\n\n\n<p>O evento \u00e9 coordenado pela professora Michele Elali, do Departamento de Direito Privado (Dipri), do Centro de Ci\u00eancias Sociais Aplicadas (CCSA), da UFRN e a&nbsp; programa\u00e7\u00e3o \u00e9 formada por 13 encontros com a participa\u00e7\u00e3o, al\u00e9m de Raquel Dodge, do Ex-presidente Michel Temer, do Reitor prof. Daniel Diniz Melo, Andr\u00e9 Santa Cruz, Joaquim Morais, Gabriel Faria Oliveira, Alexandre Morais da Rosa, Wagner Ros\u00e1rio, Fl\u00e1via Piovesan, Nelson Rosenvald, Patricia Ferraz, Newton De Lucca e Ana Paula Martinez.&nbsp;<\/p><div class=\"mkydk69f0b087246c4\" ><!--<a href=\"https:\/\/bit.ly\/3QdrqTZ\" target=\"_blank\">\n<img src=\"https:\/\/justicapotiguar.com.br\/wp-content\/uploads\/2023\/09\/mobile-geral.gif\"\/><a\/>--><\/div><style type=\"text\/css\">\r\n.mkydk69f0b087246c4 {\r\ntext-align: center;\r\n}\r\n@media screen and (min-width: 1201px) {\r\n.mkydk69f0b087246c4 {\r\ndisplay: none;\r\n}\r\n}\r\n@media screen and (min-width: 993px) and (max-width: 1200px) {\r\n.mkydk69f0b087246c4 {\r\ndisplay: none;\r\n}\r\n}\r\n@media screen and (min-width: 769px) and (max-width: 992px) {\r\n.mkydk69f0b087246c4 {\r\ndisplay: none;\r\n}\r\n}\r\n@media screen and (min-width: 768px) and (max-width: 768px) {\r\n.mkydk69f0b087246c4 {\r\ndisplay: block;\r\n}\r\n}\r\n@media screen and (max-width: 767px) {\r\n.mkydk69f0b087246c4 {\r\ndisplay: block;\r\n}\r\n}\r\n<\/style>\r\n<div class=\"ngwhi69f0b087246aa\" ><!--<a href=\"https:\/\/bit.ly\/3QdrqTZ\" target=\"_blank\">\n<img src=\"https:\/\/justicapotiguar.com.br\/wp-content\/uploads\/2023\/09\/desktop-geral.gif\"\/><a\/>--><\/div><style type=\"text\/css\">\r\n.ngwhi69f0b087246aa {\r\ntext-align: center;\nmargin-bottom: 1em;\r\n}\r\n@media screen and (min-width: 1201px) {\r\n.ngwhi69f0b087246aa {\r\ndisplay: block;\r\n}\r\n}\r\n@media screen and (min-width: 993px) and (max-width: 1200px) {\r\n.ngwhi69f0b087246aa {\r\ndisplay: block;\r\n}\r\n}\r\n@media screen and (min-width: 769px) and (max-width: 992px) {\r\n.ngwhi69f0b087246aa {\r\ndisplay: block;\r\n}\r\n}\r\n@media screen and (min-width: 768px) and (max-width: 768px) {\r\n.ngwhi69f0b087246aa {\r\ndisplay: none;\r\n}\r\n}\r\n@media screen and (max-width: 767px) {\r\n.ngwhi69f0b087246aa {\r\ndisplay: none;\r\n}\r\n}\r\n<\/style>\r\n\n\n\n\n<p>Todos os epis\u00f3dios do I Ciclo de Carreiras Jur\u00eddicas tamb\u00e9m fazem parte da disciplina Carreiras Jur\u00eddicas, ministrada pela professora Michele, e ter\u00e3o dura\u00e7\u00e3o de uma hora, com exposi\u00e7\u00e3o e intera\u00e7\u00e3o atrav\u00e9s das redes sociais. Os encontros do #MEconvida s\u00e3o independentes e qualquer pessoa pode se inscrever nas atividades, que foram cadastradas como epis\u00f3dios individuais, e receber\u00e3o certificados por cada evento como participante, ap\u00f3s inscrito. Os encontros anteriores est\u00e3o dispon\u00edveis online no canal do evento.<\/p>\n\n\n\n<p>Outras informa\u00e7\u00f5es podem ser consultadas no e-mail:&nbsp;odireitoeplural@gmail.com&nbsp;&nbsp;<\/p>\n","protected":false},"excerpt":{"rendered":"<p>A jurista, Raquel Dodge, Subprocuradora-Geral da Rep\u00fablica e Mestre em Direito pela Universidade de Harvard, participa na pr\u00f3xima segunda-feira, 28, do Projeto de Extens\u00e3o \u201cI Ciclo de Carreiras Jur\u00eddicas: O Direito \u00e9 plural\u201d, \u00e0s 19h30, atrav\u00e9s do\u00a0YouTube. O evento \u00e9 gratuito, aberto ao p\u00fablico, e as inscri\u00e7\u00f5es podem ser feitas atrav\u00e9s do site\u00a0www.ccsa.ufrn.br\/meconvida\u00a0ou pelo\u00a0SIGAA.\u00a0 Raquel<br \/><a class=\"more-link\" href=\"https:\/\/justicapotiguar.com.br\/index.php\/2020\/09\/24\/ex-pgr-raquel-dogde-fala-sobre-carreira-juridica-em-projeto-da-ufrn\/\">Mais&#8230;<\/a><\/p>\n","protected":false},"author":5,"featured_media":90,"comment_status":"open","ping_status":"open","sticky":false,"template":"","format":"standard","meta":[],"categories":[3],"tags":[],"_links":{"self":[{"href":"https:\/\/justicapotiguar.com.br\/index.php\/wp-json\/wp\/v2\/posts\/13280"}],"collection":[{"href":"https:\/\/justicapotiguar.com.br\/index.php\/wp-json\/wp\/v2\/posts"}],"about":[{"href":"https:\/\/justicapotiguar.com.br\/index.php\/wp-json\/wp\/v2\/types\/post"}],"author":[{"embeddable":true,"href":"https:\/\/justicapotiguar.com.br\/index.php\/wp-json\/wp\/v2\/users\/5"}],"replies":[{"embeddable":true,"href":"https:\/\/justicapotiguar.com.br\/index.php\/wp-json\/wp\/v2\/comments?post=13280"}],"version-history":[{"count":1,"href":"https:\/\/justicapotiguar.com.br\/index.php\/wp-json\/wp\/v2\/posts\/13280\/revisions"}],"predecessor-version":[{"id":13281,"href":"https:\/\/justicapotiguar.com.br\/index.php\/wp-json\/wp\/v2\/posts\/13280\/revisions\/13281"}],"wp:featuredmedia":[{"embeddable":true,"href":"https:\/\/justicapotiguar.com.br\/index.php\/wp-json\/wp\/v2\/media\/90"}],"wp:attachment":[{"href":"https:\/\/justicapotiguar.com.br\/index.php\/wp-json\/wp\/v2\/media?parent=13280"}],"wp:term":[{"taxonomy":"category","embeddable":true,"href":"https:\/\/justicapotiguar.com.br\/index.php\/wp-json\/wp\/v2\/categories?post=13280"},{"taxonomy":"post_tag","embeddable":true,"href":"https:\/\/justicapotiguar.com.br\/index.php\/wp-json\/wp\/v2\/tags?post=13280"}],"curies":[{"name":"wp","href":"https:\/\/api.w.org\/{rel}","templated":true}]}}