{"id":13102,"date":"2020-09-18T14:13:36","date_gmt":"2020-09-18T17:13:36","guid":{"rendered":"https:\/\/justicapotiguar.com.br\/?p=13102"},"modified":"2020-09-18T11:46:33","modified_gmt":"2020-09-18T14:46:33","slug":"damares-diz-que-nao-aceitaria-cadeira-no-stf-nao-me-sinto-a-altura","status":"publish","type":"post","link":"https:\/\/justicapotiguar.com.br\/index.php\/2020\/09\/18\/damares-diz-que-nao-aceitaria-cadeira-no-stf-nao-me-sinto-a-altura\/","title":{"rendered":"Damares diz que n\u00e3o aceitaria cadeira no STF: &#8216;N\u00e3o me sinto \u00e0 altura&#8217;"},"content":{"rendered":"\n<figure class=\"wp-block-image\"><img loading=\"lazy\" width=\"900\" height=\"506\" src=\"https:\/\/justicapotiguar.com.br\/wp-content\/uploads\/2020\/09\/a-ministra-da-mulher-da-familia-e-dos-direitos-humanos-damares-alves-em-cerimonia-no-palacio-do-planalto-1599130069761_v2_900x506.jpg\" alt=\"\" class=\"wp-image-13103\" srcset=\"https:\/\/justicapotiguar.com.br\/wp-content\/uploads\/2020\/09\/a-ministra-da-mulher-da-familia-e-dos-direitos-humanos-damares-alves-em-cerimonia-no-palacio-do-planalto-1599130069761_v2_900x506.jpg 900w, https:\/\/justicapotiguar.com.br\/wp-content\/uploads\/2020\/09\/a-ministra-da-mulher-da-familia-e-dos-direitos-humanos-damares-alves-em-cerimonia-no-palacio-do-planalto-1599130069761_v2_900x506-300x169.jpg 300w, https:\/\/justicapotiguar.com.br\/wp-content\/uploads\/2020\/09\/a-ministra-da-mulher-da-familia-e-dos-direitos-humanos-damares-alves-em-cerimonia-no-palacio-do-planalto-1599130069761_v2_900x506-768x432.jpg 768w\" sizes=\"(max-width: 900px) 100vw, 900px\" \/><figcaption>Mateus Bonomi\/AGIF\/Estad\u00e3o Conte\u00fado<\/figcaption><\/figure>\n\n\n\n<p>A ministra da Mulher, Fam\u00edlia e Direitos Humanos, Damares Alves comentou sobre as especula\u00e7\u00f5es de que o seu nome poderia ser indicado pelo presidente Jair Bolsonaro (sem partido) ao Supremo Tribunal Federal (STF) para ocupar a vaga do ministro Celso de Mello, que se aposenta e deixa a Corte em novembro.<\/p>\n\n\n\n<p>Em entrevista \u00e0 R\u00e1dio Jovem Pan, Damares disse n\u00e3o estar preparada para assumir uma posi\u00e7\u00e3o no STF e que pretende permanecer em seu cargo atual. &#8220;Aquele espa\u00e7o \u00e9 para not\u00f3rio saber jur\u00eddico e estou h\u00e1 muitos anos fora da \u00e1rea jur\u00eddica, estou somente no direito Legislativo. N\u00e3o me sinto \u00e0 altura de ser indicada para a Suprema Corte, quero continuar no ch\u00e3o de f\u00e1brica, trabalhando pelo Brasil, pelas crian\u00e7as&#8221;, disse.<\/p><div class=\"rjeth69f14c304192d\" ><!--<a href=\"https:\/\/bit.ly\/3QdrqTZ\" target=\"_blank\">\n<img src=\"https:\/\/justicapotiguar.com.br\/wp-content\/uploads\/2023\/09\/mobile-geral.gif\"\/><a\/>--><\/div><style type=\"text\/css\">\r\n.rjeth69f14c304192d {\r\ntext-align: center;\r\n}\r\n@media screen and (min-width: 1201px) {\r\n.rjeth69f14c304192d {\r\ndisplay: none;\r\n}\r\n}\r\n@media screen and (min-width: 993px) and (max-width: 1200px) {\r\n.rjeth69f14c304192d {\r\ndisplay: none;\r\n}\r\n}\r\n@media screen and (min-width: 769px) and (max-width: 992px) {\r\n.rjeth69f14c304192d {\r\ndisplay: none;\r\n}\r\n}\r\n@media screen and (min-width: 768px) and (max-width: 768px) {\r\n.rjeth69f14c304192d {\r\ndisplay: block;\r\n}\r\n}\r\n@media screen and (max-width: 767px) {\r\n.rjeth69f14c304192d {\r\ndisplay: block;\r\n}\r\n}\r\n<\/style>\r\n<div class=\"xostx69f14c304190f\" ><!--<a href=\"https:\/\/bit.ly\/3QdrqTZ\" target=\"_blank\">\n<img src=\"https:\/\/justicapotiguar.com.br\/wp-content\/uploads\/2023\/09\/desktop-geral.gif\"\/><a\/>--><\/div><style type=\"text\/css\">\r\n.xostx69f14c304190f {\r\ntext-align: center;\nmargin-bottom: 1em;\r\n}\r\n@media screen and (min-width: 1201px) {\r\n.xostx69f14c304190f {\r\ndisplay: block;\r\n}\r\n}\r\n@media screen and (min-width: 993px) and (max-width: 1200px) {\r\n.xostx69f14c304190f {\r\ndisplay: block;\r\n}\r\n}\r\n@media screen and (min-width: 769px) and (max-width: 992px) {\r\n.xostx69f14c304190f {\r\ndisplay: block;\r\n}\r\n}\r\n@media screen and (min-width: 768px) and (max-width: 768px) {\r\n.xostx69f14c304190f {\r\ndisplay: none;\r\n}\r\n}\r\n@media screen and (max-width: 767px) {\r\n.xostx69f14c304190f {\r\ndisplay: none;\r\n}\r\n}\r\n<\/style>\r\n\n\n\n\n<p>UOL<\/p>\n","protected":false},"excerpt":{"rendered":"<p>A ministra da Mulher, Fam\u00edlia e Direitos Humanos, Damares Alves comentou sobre as especula\u00e7\u00f5es de que o seu nome poderia ser indicado pelo presidente Jair Bolsonaro (sem partido) ao Supremo Tribunal Federal (STF) para ocupar a vaga do ministro Celso de Mello, que se aposenta e deixa a Corte em novembro. Em entrevista \u00e0 R\u00e1dio<br \/><a class=\"more-link\" href=\"https:\/\/justicapotiguar.com.br\/index.php\/2020\/09\/18\/damares-diz-que-nao-aceitaria-cadeira-no-stf-nao-me-sinto-a-altura\/\">Mais&#8230;<\/a><\/p>\n","protected":false},"author":5,"featured_media":13103,"comment_status":"open","ping_status":"open","sticky":false,"template":"","format":"standard","meta":[],"categories":[3],"tags":[],"_links":{"self":[{"href":"https:\/\/justicapotiguar.com.br\/index.php\/wp-json\/wp\/v2\/posts\/13102"}],"collection":[{"href":"https:\/\/justicapotiguar.com.br\/index.php\/wp-json\/wp\/v2\/posts"}],"about":[{"href":"https:\/\/justicapotiguar.com.br\/index.php\/wp-json\/wp\/v2\/types\/post"}],"author":[{"embeddable":true,"href":"https:\/\/justicapotiguar.com.br\/index.php\/wp-json\/wp\/v2\/users\/5"}],"replies":[{"embeddable":true,"href":"https:\/\/justicapotiguar.com.br\/index.php\/wp-json\/wp\/v2\/comments?post=13102"}],"version-history":[{"count":1,"href":"https:\/\/justicapotiguar.com.br\/index.php\/wp-json\/wp\/v2\/posts\/13102\/revisions"}],"predecessor-version":[{"id":13104,"href":"https:\/\/justicapotiguar.com.br\/index.php\/wp-json\/wp\/v2\/posts\/13102\/revisions\/13104"}],"wp:featuredmedia":[{"embeddable":true,"href":"https:\/\/justicapotiguar.com.br\/index.php\/wp-json\/wp\/v2\/media\/13103"}],"wp:attachment":[{"href":"https:\/\/justicapotiguar.com.br\/index.php\/wp-json\/wp\/v2\/media?parent=13102"}],"wp:term":[{"taxonomy":"category","embeddable":true,"href":"https:\/\/justicapotiguar.com.br\/index.php\/wp-json\/wp\/v2\/categories?post=13102"},{"taxonomy":"post_tag","embeddable":true,"href":"https:\/\/justicapotiguar.com.br\/index.php\/wp-json\/wp\/v2\/tags?post=13102"}],"curies":[{"name":"wp","href":"https:\/\/api.w.org\/{rel}","templated":true}]}}