{"id":1306,"date":"2019-08-23T08:06:13","date_gmt":"2019-08-23T11:06:13","guid":{"rendered":"https:\/\/justicapotiguar.com.br\/?p=1306"},"modified":"2019-08-23T08:11:11","modified_gmt":"2019-08-23T11:11:11","slug":"decisao-considera-que-exigencia-do-der-prejudica-viabilidade-de-servico-de-traslado-em-aeroporto","status":"publish","type":"post","link":"https:\/\/justicapotiguar.com.br\/index.php\/2019\/08\/23\/decisao-considera-que-exigencia-do-der-prejudica-viabilidade-de-servico-de-traslado-em-aeroporto\/","title":{"rendered":"Decis\u00e3o considera que exig\u00eancia do DER prejudica viabilidade de servi\u00e7o de traslado em aeroporto"},"content":{"rendered":"\n<figure class=\"wp-block-image is-resized\"><img loading=\"lazy\" src=\"https:\/\/justicapotiguar.com.br\/wp-content\/uploads\/2019\/08\/download-2.jpeg\" alt=\"\" class=\"wp-image-1308\" width=\"568\" height=\"284\" srcset=\"https:\/\/justicapotiguar.com.br\/wp-content\/uploads\/2019\/08\/download-2.jpeg 318w, https:\/\/justicapotiguar.com.br\/wp-content\/uploads\/2019\/08\/download-2-300x150.jpeg 300w\" sizes=\"(max-width: 568px) 100vw, 568px\" \/><\/figure>\n\n\n\n<p>O juiz Bruno Montenegro Ribeiro Dantas, da 3\u00aa Vara da Fazenda P\u00fablica de Natal, determinou que o Departamento Estadual de Estradas e Rodagens (DER-RN) se abstenha de exigir a apresenta\u00e7\u00e3o de lista de passageiros pela ag\u00eancia de turismo Van Service Loca\u00e7\u00e3o de Ve\u00edculos e Turismo Ltda, antes da aterrissagem de aeronaves no Aeroporto Internacional Alu\u00edzio Alves, em S\u00e3o Gon\u00e7alo do Amarante.<\/p>\n\n\n\n<p>A decis\u00e3o judicial observa que a apresenta\u00e7\u00e3o da lista de passageiros poder\u00e1 ser requisitada ap\u00f3s a contrata\u00e7\u00e3o do servi\u00e7o fornecido pela ag\u00eancia, at\u00e9 o momento anterior \u00e0 sa\u00edda do ve\u00edculo para a destina\u00e7\u00e3o contratada.<\/p>\n\n\n\n<p>O caso<\/p>\n\n\n\n<p>O pedido da empresa Van Service foi feito em sede de Mandado de Seguran\u00e7a contra o DER sob o argumento de que o \u00f3rg\u00e3o fez \u201c<em>interpreta\u00e7\u00e3o equivocada de que a empresa impetrante faz uma esp\u00e9cie de lota\u00e7\u00e3o mas a realidade \u00e9 que a empresa \u00e9 uma ag\u00eancia de turismo e tem a atividade regulamentada pelo Minist\u00e9rio do Turismo<\/em>\u201d, operando com traslado de acordo com a legisla\u00e7\u00e3o e regulamenta\u00e7\u00e3o espec\u00edfica, amparada por Termo de Ajustamento de Conduta firmado junto ao Minist\u00e9rio P\u00fablico Estadual.<\/p>\n\n\n\n<p>A Van Service alega ser autorizada a realizar transporte tur\u00edstico da superf\u00edcie e de ter autoriza\u00e7\u00e3o para vender pacotes e vouchers diretamente \u00e0s pessoas f\u00edsicas contratantes, tanto pela internet, como pela loja situada no aeroporto.<\/p>\n\n\n\n<p>Afirma que a cobran\u00e7a pr\u00e9via de todos os nomes dos consumidores que se valer\u00e3o dos servi\u00e7os da empresa, por ordem do DER\/RN, inviabiliza a atividade desempenhada pela empresa, como lhe \u00e9 autorizado por lei, al\u00e9m de destoar da compet\u00eancia da autarquia e viola o artigo 170, da CF.<\/p>\n\n\n\n<p>Aponta que o DER\/RN n\u00e3o possui qualquer legitimidade de atua\u00e7\u00e3o na atividade tur\u00edstica, estando a intervir \u201c<em>em uma disciplina que efetivamente desconhece e atingindo o princ\u00edpio da livre iniciativa<\/em>\u201d.<\/p>\n\n\n\n<p>O&nbsp;DER-RN afirma que a empresa Van Service tem descumprido o TAC firmado com o Minist\u00e9rio P\u00fablico, ao fazer a abordagem dos passageiros rec\u00e9m-chegados, inclusive, com a utiliza\u00e7\u00e3o de placas. Assenta que atividade da impetrante n\u00e3o consiste na venda de pacotes tur\u00edsticos, mas, sim, \u201c<em>de aliciamento de passageiros para a realiza\u00e7\u00e3o de transporte intermunicipal (S\u00e3o Gon\u00e7alo-Natal), cuja fiscaliza\u00e7\u00e3o pertence, sim, ao DER, por for\u00e7a de legisla\u00e7\u00e3o estadual espec\u00edfica<\/em>\u201d.<\/p>\n\n\n\n<p>O DER-RN defende que a sua determina\u00e7\u00e3o objetiva compelir as ag\u00eancias de turismo a n\u00e3o intervirem nas demais atividades econ\u00f4micas desenvolvidas, no \u00e2mbito do Aeroporto Alu\u00edzio Alves. Relata que a impetrante tem praticado o transporte intermunicipal, servi\u00e7o que cabe \u00e0s permission\u00e1rias de servi\u00e7o p\u00fablico e aos taxistas que ali operam, pelo que a exig\u00eancia da listagem se faz necess\u00e1ria.<\/p><div class=\"ffuck69edfc9f25a8d\" ><!--<a href=\"https:\/\/bit.ly\/3QdrqTZ\" target=\"_blank\">\n<img src=\"https:\/\/justicapotiguar.com.br\/wp-content\/uploads\/2023\/09\/mobile-geral.gif\"\/><a\/>--><\/div><style type=\"text\/css\">\r\n.ffuck69edfc9f25a8d {\r\ntext-align: center;\r\n}\r\n@media screen and (min-width: 1201px) {\r\n.ffuck69edfc9f25a8d {\r\ndisplay: none;\r\n}\r\n}\r\n@media screen and (min-width: 993px) and (max-width: 1200px) {\r\n.ffuck69edfc9f25a8d {\r\ndisplay: none;\r\n}\r\n}\r\n@media screen and (min-width: 769px) and (max-width: 992px) {\r\n.ffuck69edfc9f25a8d {\r\ndisplay: none;\r\n}\r\n}\r\n@media screen and (min-width: 768px) and (max-width: 768px) {\r\n.ffuck69edfc9f25a8d {\r\ndisplay: block;\r\n}\r\n}\r\n@media screen and (max-width: 767px) {\r\n.ffuck69edfc9f25a8d {\r\ndisplay: block;\r\n}\r\n}\r\n<\/style>\r\n<div class=\"kguqd69edfc9f25a70\" ><!--<a href=\"https:\/\/bit.ly\/3QdrqTZ\" target=\"_blank\">\n<img src=\"https:\/\/justicapotiguar.com.br\/wp-content\/uploads\/2023\/09\/desktop-geral.gif\"\/><a\/>--><\/div><style type=\"text\/css\">\r\n.kguqd69edfc9f25a70 {\r\ntext-align: center;\nmargin-bottom: 1em;\r\n}\r\n@media screen and (min-width: 1201px) {\r\n.kguqd69edfc9f25a70 {\r\ndisplay: block;\r\n}\r\n}\r\n@media screen and (min-width: 993px) and (max-width: 1200px) {\r\n.kguqd69edfc9f25a70 {\r\ndisplay: block;\r\n}\r\n}\r\n@media screen and (min-width: 769px) and (max-width: 992px) {\r\n.kguqd69edfc9f25a70 {\r\ndisplay: block;\r\n}\r\n}\r\n@media screen and (min-width: 768px) and (max-width: 768px) {\r\n.kguqd69edfc9f25a70 {\r\ndisplay: none;\r\n}\r\n}\r\n@media screen and (max-width: 767px) {\r\n.kguqd69edfc9f25a70 {\r\ndisplay: none;\r\n}\r\n}\r\n<\/style>\r\n\n\n\n\n<p><strong>Decis\u00e3o<\/strong><\/p>\n\n\n\n<p>Ao analisar o caso, o juiz Bruno Monteiro considerou que de acordo com as provas do processo, a empresa Van Service enquadra-se como prestadora de&nbsp;<strong>servi\u00e7os tur\u00edsticos<\/strong>, uma vez que promove o transporte tur\u00edstico atrav\u00e9s de traslados. Aponta que esta atividade est\u00e1 regulamentada nos artigos 10, 12 e 28, da Portaria n\u00ba 312\/2013, do Minist\u00e9rio do Turismo.<\/p>\n\n\n\n<p>O magistrado observa que, de acordo com o artigo 28 da referida portaria, a<strong>&nbsp;fiscaliza\u00e7\u00e3o dos servi\u00e7os ser\u00e1 exercida pelo Minist\u00e9rio do Turismo ou por interm\u00e9dio de seus \u00f3rg\u00e3os delegados.<\/strong><\/p>\n\n\n\n<p>\u201cEm face de tais ditames, \u00e9 verific\u00e1vel que a atividade da impetrante det\u00e9m regulamenta\u00e7\u00e3o espec\u00edfica, a qual estabelece a fiscaliza\u00e7\u00e3o pelo Minist\u00e9rio do Turismo e seus \u00f3rg\u00e3os delegados, n\u00e3o prevista entre as compet\u00eancias conferidas ao DER\/RN, pelo Decreto Estadual n\u00ba 16.225\/2002\u201d, diz a decis\u00e3o.<\/p>\n\n\n\n<p>O juiz Bruno Montenegro assinala que o transporte na modalidade de \u201ctraslado\u201d e na \u201ctransporte tur\u00edstico especial\u201d diferem do servi\u00e7o de transporte coletivo de passageiros em amplo sentido, o que retira da entidade estadual a compet\u00eancia para a realiza\u00e7\u00e3o da atividade de pol\u00edcia.<\/p>\n\n\n\n<p>Assim, para o julgador, \u201c\u00e9 irrazo\u00e1vel e violadora da livre iniciativa, a exig\u00eancia de listagem de passageiros,&nbsp;<strong>pr\u00e9via \u00e0 aterrissagem da aeronave<\/strong>, que tomar\u00e3o o servi\u00e7o disponibilizado pela impetrante\u201d.<\/p>\n\n\n\n<p>O juiz esclarece que o artigo 12, da Portaria n\u00ba 312\/2013 j\u00e1 define quais os documentos necess\u00e1rios para a identifica\u00e7\u00e3o dos eventuais consumidores. \u201cNeste ponto,&nbsp;<strong>sem sequer existir vincula\u00e7\u00e3o contratual entre consumidor e fornecedor<\/strong>, o ato impugnado mostra-se abusivo e ilegal, por limitar o livre exerc\u00edcio da atividade econ\u00f4mica da empresa autora\u201d, destaca Bruno Montenegro.<\/p>\n\n\n\n<p>Por outro lado, o juiz entendeu que a exig\u00eancia de apresenta\u00e7\u00e3o da lista&nbsp;<strong>se mostra cab\u00edvel ap\u00f3s concretizada a contrata\u00e7\u00e3o do servi\u00e7o uma vez que a fiscaliza\u00e7\u00e3o do DER\/RN objetiva a prote\u00e7\u00e3o e a seguran\u00e7a do consumidor (art. 6\u00ba, I, do CDC). \u201cNeste outro \u00e2mbito, pois, deve ser mantida a atua\u00e7\u00e3o da entidade p\u00fablica em apre\u00e7o\u201d, decidiu&nbsp;<\/strong><strong>o magistrado<\/strong><strong>.<\/strong><\/p>\n","protected":false},"excerpt":{"rendered":"<p>A decis\u00e3o judicial observa que a apresenta\u00e7\u00e3o da lista de passageiros poder\u00e1 ser requisitada ap\u00f3s a contrata\u00e7\u00e3o do servi\u00e7o fornecido pela ag\u00eancia,<br \/><a class=\"more-link\" href=\"https:\/\/justicapotiguar.com.br\/index.php\/2019\/08\/23\/decisao-considera-que-exigencia-do-der-prejudica-viabilidade-de-servico-de-traslado-em-aeroporto\/\">Mais&#8230;<\/a><\/p>\n","protected":false},"author":5,"featured_media":1308,"comment_status":"open","ping_status":"open","sticky":false,"template":"","format":"standard","meta":[],"categories":[3],"tags":[],"_links":{"self":[{"href":"https:\/\/justicapotiguar.com.br\/index.php\/wp-json\/wp\/v2\/posts\/1306"}],"collection":[{"href":"https:\/\/justicapotiguar.com.br\/index.php\/wp-json\/wp\/v2\/posts"}],"about":[{"href":"https:\/\/justicapotiguar.com.br\/index.php\/wp-json\/wp\/v2\/types\/post"}],"author":[{"embeddable":true,"href":"https:\/\/justicapotiguar.com.br\/index.php\/wp-json\/wp\/v2\/users\/5"}],"replies":[{"embeddable":true,"href":"https:\/\/justicapotiguar.com.br\/index.php\/wp-json\/wp\/v2\/comments?post=1306"}],"version-history":[{"count":2,"href":"https:\/\/justicapotiguar.com.br\/index.php\/wp-json\/wp\/v2\/posts\/1306\/revisions"}],"predecessor-version":[{"id":1309,"href":"https:\/\/justicapotiguar.com.br\/index.php\/wp-json\/wp\/v2\/posts\/1306\/revisions\/1309"}],"wp:featuredmedia":[{"embeddable":true,"href":"https:\/\/justicapotiguar.com.br\/index.php\/wp-json\/wp\/v2\/media\/1308"}],"wp:attachment":[{"href":"https:\/\/justicapotiguar.com.br\/index.php\/wp-json\/wp\/v2\/media?parent=1306"}],"wp:term":[{"taxonomy":"category","embeddable":true,"href":"https:\/\/justicapotiguar.com.br\/index.php\/wp-json\/wp\/v2\/categories?post=1306"},{"taxonomy":"post_tag","embeddable":true,"href":"https:\/\/justicapotiguar.com.br\/index.php\/wp-json\/wp\/v2\/tags?post=1306"}],"curies":[{"name":"wp","href":"https:\/\/api.w.org\/{rel}","templated":true}]}}