{"id":13036,"date":"2020-09-16T11:34:56","date_gmt":"2020-09-16T14:34:56","guid":{"rendered":"https:\/\/justicapotiguar.com.br\/?p=13036"},"modified":"2020-09-16T11:28:35","modified_gmt":"2020-09-16T14:28:35","slug":"com-sintomas-de-covid-19-presidente-do-tst-e-internada","status":"publish","type":"post","link":"https:\/\/justicapotiguar.com.br\/index.php\/2020\/09\/16\/com-sintomas-de-covid-19-presidente-do-tst-e-internada\/","title":{"rendered":"Com sintomas de Covid-19, presidente do TST \u00e9 internada"},"content":{"rendered":"\n<p>A&nbsp;ministra Maria Cristina Peduzzi, presidente do Tribunal Superior do Trabalho, foi internada na noite desta ter\u00e7a-feira (15\/9)&nbsp;depois de apresentar sintomas de&nbsp;Covid-19. De acordo com a assessoria do tribunal, a ministra ficar\u00e1 em observa\u00e7\u00e3o at\u00e9 o resultado dos exames.<\/p>\n\n\n\n<figure class=\"wp-block-image\"><img loading=\"lazy\" width=\"1024\" height=\"609\" src=\"https:\/\/justicapotiguar.com.br\/wp-content\/uploads\/2019\/12\/Ministra-Maria-Cristina-Peduzzi-by-Giovanna-Bembom-TST-1024x609.jpg\" alt=\"\" class=\"wp-image-4652\" srcset=\"https:\/\/justicapotiguar.com.br\/wp-content\/uploads\/2019\/12\/Ministra-Maria-Cristina-Peduzzi-by-Giovanna-Bembom-TST-1024x609.jpg 1024w, https:\/\/justicapotiguar.com.br\/wp-content\/uploads\/2019\/12\/Ministra-Maria-Cristina-Peduzzi-by-Giovanna-Bembom-TST-300x179.jpg 300w, https:\/\/justicapotiguar.com.br\/wp-content\/uploads\/2019\/12\/Ministra-Maria-Cristina-Peduzzi-by-Giovanna-Bembom-TST-768x457.jpg 768w, https:\/\/justicapotiguar.com.br\/wp-content\/uploads\/2019\/12\/Ministra-Maria-Cristina-Peduzzi-by-Giovanna-Bembom-TST.jpg 1600w\" sizes=\"(max-width: 1024px) 100vw, 1024px\" \/><figcaption>Reprodu\u00e7\u00e3o\/TST<\/figcaption><\/figure>\n\n\n\n<p>Peduzzi&nbsp;esteve na cerim\u00f4nia de posse do Supremo Tribunal Federal na&nbsp;<a href=\"https:\/\/www.conjur.com.br\/2020-set-10\/fux-aponta-omissao-congresso-causa-judicializacao\" target=\"_blank\" rel=\"noreferrer noopener\">\u00faltima quinta-feira<\/a>&nbsp;(10\/9). Al\u00e9m do novo presidente da corte, Luiz Fux, os ministros&nbsp;Luis Felipe Salom\u00e3o e Antonio Saldanha Palheiro, do STJ, tamb\u00e9m foram diagnosticados com coronav\u00edrus.<\/p><div class=\"vkymj69f4db891a489\" ><!--<a href=\"https:\/\/bit.ly\/3QdrqTZ\" target=\"_blank\">\n<img src=\"https:\/\/justicapotiguar.com.br\/wp-content\/uploads\/2023\/09\/mobile-geral.gif\"\/><a\/>--><\/div><style type=\"text\/css\">\r\n.vkymj69f4db891a489 {\r\ntext-align: center;\r\n}\r\n@media screen and (min-width: 1201px) {\r\n.vkymj69f4db891a489 {\r\ndisplay: none;\r\n}\r\n}\r\n@media screen and (min-width: 993px) and (max-width: 1200px) {\r\n.vkymj69f4db891a489 {\r\ndisplay: none;\r\n}\r\n}\r\n@media screen and (min-width: 769px) and (max-width: 992px) {\r\n.vkymj69f4db891a489 {\r\ndisplay: none;\r\n}\r\n}\r\n@media screen and (min-width: 768px) and (max-width: 768px) {\r\n.vkymj69f4db891a489 {\r\ndisplay: block;\r\n}\r\n}\r\n@media screen and (max-width: 767px) {\r\n.vkymj69f4db891a489 {\r\ndisplay: block;\r\n}\r\n}\r\n<\/style>\r\n<div class=\"chwfa69f4db891a474\" ><!--<a href=\"https:\/\/bit.ly\/3QdrqTZ\" target=\"_blank\">\n<img src=\"https:\/\/justicapotiguar.com.br\/wp-content\/uploads\/2023\/09\/desktop-geral.gif\"\/><a\/>--><\/div><style type=\"text\/css\">\r\n.chwfa69f4db891a474 {\r\ntext-align: center;\nmargin-bottom: 1em;\r\n}\r\n@media screen and (min-width: 1201px) {\r\n.chwfa69f4db891a474 {\r\ndisplay: block;\r\n}\r\n}\r\n@media screen and (min-width: 993px) and (max-width: 1200px) {\r\n.chwfa69f4db891a474 {\r\ndisplay: block;\r\n}\r\n}\r\n@media screen and (min-width: 769px) and (max-width: 992px) {\r\n.chwfa69f4db891a474 {\r\ndisplay: block;\r\n}\r\n}\r\n@media screen and (min-width: 768px) and (max-width: 768px) {\r\n.chwfa69f4db891a474 {\r\ndisplay: none;\r\n}\r\n}\r\n@media screen and (max-width: 767px) {\r\n.chwfa69f4db891a474 {\r\ndisplay: none;\r\n}\r\n}\r\n<\/style>\r\n\n\n\n\n<p>At\u00e9 alta m\u00e9dica, a presid\u00eancia do TST e do CSJT ser\u00e1 exercida pelo vice-presidente do Tribunal, ministro Vieira de Mello Filho.<\/p>\n\n\n\n<p>Conjur<\/p>\n","protected":false},"excerpt":{"rendered":"<p>A&nbsp;ministra Maria Cristina Peduzzi, presidente do Tribunal Superior do Trabalho, foi internada na noite desta ter\u00e7a-feira (15\/9)&nbsp;depois de apresentar sintomas de&nbsp;Covid-19. De acordo com a assessoria do tribunal, a ministra ficar\u00e1 em observa\u00e7\u00e3o at\u00e9 o resultado dos exames. Peduzzi&nbsp;esteve na cerim\u00f4nia de posse do Supremo Tribunal Federal na&nbsp;\u00faltima quinta-feira&nbsp;(10\/9). Al\u00e9m do novo presidente da corte,<br \/><a class=\"more-link\" href=\"https:\/\/justicapotiguar.com.br\/index.php\/2020\/09\/16\/com-sintomas-de-covid-19-presidente-do-tst-e-internada\/\">Mais&#8230;<\/a><\/p>\n","protected":false},"author":5,"featured_media":4652,"comment_status":"open","ping_status":"open","sticky":false,"template":"","format":"standard","meta":[],"categories":[3],"tags":[],"_links":{"self":[{"href":"https:\/\/justicapotiguar.com.br\/index.php\/wp-json\/wp\/v2\/posts\/13036"}],"collection":[{"href":"https:\/\/justicapotiguar.com.br\/index.php\/wp-json\/wp\/v2\/posts"}],"about":[{"href":"https:\/\/justicapotiguar.com.br\/index.php\/wp-json\/wp\/v2\/types\/post"}],"author":[{"embeddable":true,"href":"https:\/\/justicapotiguar.com.br\/index.php\/wp-json\/wp\/v2\/users\/5"}],"replies":[{"embeddable":true,"href":"https:\/\/justicapotiguar.com.br\/index.php\/wp-json\/wp\/v2\/comments?post=13036"}],"version-history":[{"count":1,"href":"https:\/\/justicapotiguar.com.br\/index.php\/wp-json\/wp\/v2\/posts\/13036\/revisions"}],"predecessor-version":[{"id":13037,"href":"https:\/\/justicapotiguar.com.br\/index.php\/wp-json\/wp\/v2\/posts\/13036\/revisions\/13037"}],"wp:featuredmedia":[{"embeddable":true,"href":"https:\/\/justicapotiguar.com.br\/index.php\/wp-json\/wp\/v2\/media\/4652"}],"wp:attachment":[{"href":"https:\/\/justicapotiguar.com.br\/index.php\/wp-json\/wp\/v2\/media?parent=13036"}],"wp:term":[{"taxonomy":"category","embeddable":true,"href":"https:\/\/justicapotiguar.com.br\/index.php\/wp-json\/wp\/v2\/categories?post=13036"},{"taxonomy":"post_tag","embeddable":true,"href":"https:\/\/justicapotiguar.com.br\/index.php\/wp-json\/wp\/v2\/tags?post=13036"}],"curies":[{"name":"wp","href":"https:\/\/api.w.org\/{rel}","templated":true}]}}