{"id":12916,"date":"2020-09-13T08:00:28","date_gmt":"2020-09-13T11:00:28","guid":{"rendered":"https:\/\/justicapotiguar.com.br\/?p=12916"},"modified":"2020-09-12T13:38:51","modified_gmt":"2020-09-12T16:38:51","slug":"luiz-fux-define-pauta-de-votacoes-do-stf-para-os-ultimos-3-meses-de-2020","status":"publish","type":"post","link":"https:\/\/justicapotiguar.com.br\/index.php\/2020\/09\/13\/luiz-fux-define-pauta-de-votacoes-do-stf-para-os-ultimos-3-meses-de-2020\/","title":{"rendered":"Luiz Fux define pauta de vota\u00e7\u00f5es do STF para os \u00faltimos 3 meses de 2020"},"content":{"rendered":"\n<p>A Presid\u00eancia do Supremo Tribunal Federal, agora sob a gest\u00e3o do ministro&nbsp;<a href=\"https:\/\/www.conjur.com.br\/2020-set-10\/fux-aponta-omissao-congresso-causa-judicializacao\" target=\"_blank\" rel=\"noreferrer noopener\">Luiz Fux<\/a>, divulgou nesta sexta-feira (11\/9) as pautas das sess\u00f5es ordin\u00e1rias e extraordin\u00e1rias do Plen\u00e1rio que ser\u00e3o realizadas de setembro a dezembro deste ano.<\/p>\n\n\n\n<figure class=\"wp-block-image\"><img src=\"https:\/\/www.conjur.com.br\/img\/b\/posse-luiz-fux-stf.jpeg\" alt=\"\"\/><figcaption>Posse de Luiz Fux na Presid\u00eancia do STF<br><sup>Rosinei Coutinho\/STF<\/sup><\/figcaption><\/figure>\n\n\n\n<p>No dia 23 de setembro, o colegiado se re\u00fane para julgar as argui\u00e7\u00f5es de descumprimento de preceito fundamental (ADPFs) 492 e 493, que tratam do monop\u00f3lio da Uni\u00e3o para explorar loterias. J\u00e1 uma a\u00e7\u00e3o direta de inconstitucionalidade (ADI 4986) questiona normas do estado de Mato Grosso sobre o tema da explora\u00e7\u00e3o de modalidades lot\u00e9ricas local. As tr\u00eas a\u00e7\u00f5es s\u00e3o de relatoria do ministro Gilmar Mendes.<\/p>\n\n\n\n<p>O direito ao esquecimento \u00e9 abordado no Recurso Extraordin\u00e1rio (RE) 1.010.606 com repercuss\u00e3o geral reconhecida. Ele est\u00e1 na pauta do dia 30 de setembro e tem como relator o ministro Dias Toffoli. O tema do RE diz respeito a familiares da v\u00edtima de um crime praticado nos anos 1950 que questionam sua utiliza\u00e7\u00e3o em programa televisivo.<\/p>\n\n\n\n<p>Tamb\u00e9m no dia 30, o Plen\u00e1rio analisa a A\u00e7\u00e3o Direta de Inconstitucionalidade (ADI) n\u00ba&nbsp;5545, que tem como relator o pr\u00f3prio ministro Luiz Fux. A a\u00e7\u00e3o foi ajuizada contra dispositivos de lei estadual que obrigam a ado\u00e7\u00e3o de medidas de seguran\u00e7a que evitem, impe\u00e7am ou dificultem a troca de rec\u00e9m-nascidos nas depend\u00eancias de estabelecimentos de sa\u00fade que possibilitem a posterior identifica\u00e7\u00e3o atrav\u00e9s de exame de DNA.<\/p>\n\n\n\n<p>No dia 7 de outubro est\u00e1 previsto o julgamento da ADI 5.436 em que a Associa\u00e7\u00e3o Nacional de Jornais (ANJ) questiona dispositivos da Lei 13.188\/2015 (Lei do Direito de Resposta). Essa a\u00e7\u00e3o ser\u00e1 julgada em conjunto com as ADIs 5.418 e 5.415, sob a relatoria do ministro Toffoli.<\/p><div class=\"dspom69f50112adda8\" ><!--<a href=\"https:\/\/bit.ly\/3QdrqTZ\" target=\"_blank\">\n<img src=\"https:\/\/justicapotiguar.com.br\/wp-content\/uploads\/2023\/09\/mobile-geral.gif\"\/><a\/>--><\/div><style type=\"text\/css\">\r\n.dspom69f50112adda8 {\r\ntext-align: center;\r\n}\r\n@media screen and (min-width: 1201px) {\r\n.dspom69f50112adda8 {\r\ndisplay: none;\r\n}\r\n}\r\n@media screen and (min-width: 993px) and (max-width: 1200px) {\r\n.dspom69f50112adda8 {\r\ndisplay: none;\r\n}\r\n}\r\n@media screen and (min-width: 769px) and (max-width: 992px) {\r\n.dspom69f50112adda8 {\r\ndisplay: none;\r\n}\r\n}\r\n@media screen and (min-width: 768px) and (max-width: 768px) {\r\n.dspom69f50112adda8 {\r\ndisplay: block;\r\n}\r\n}\r\n@media screen and (max-width: 767px) {\r\n.dspom69f50112adda8 {\r\ndisplay: block;\r\n}\r\n}\r\n<\/style>\r\n<div class=\"mwdxp69f50112add94\" ><!--<a href=\"https:\/\/bit.ly\/3QdrqTZ\" target=\"_blank\">\n<img src=\"https:\/\/justicapotiguar.com.br\/wp-content\/uploads\/2023\/09\/desktop-geral.gif\"\/><a\/>--><\/div><style type=\"text\/css\">\r\n.mwdxp69f50112add94 {\r\ntext-align: center;\nmargin-bottom: 1em;\r\n}\r\n@media screen and (min-width: 1201px) {\r\n.mwdxp69f50112add94 {\r\ndisplay: block;\r\n}\r\n}\r\n@media screen and (min-width: 993px) and (max-width: 1200px) {\r\n.mwdxp69f50112add94 {\r\ndisplay: block;\r\n}\r\n}\r\n@media screen and (min-width: 769px) and (max-width: 992px) {\r\n.mwdxp69f50112add94 {\r\ndisplay: block;\r\n}\r\n}\r\n@media screen and (min-width: 768px) and (max-width: 768px) {\r\n.mwdxp69f50112add94 {\r\ndisplay: none;\r\n}\r\n}\r\n@media screen and (max-width: 767px) {\r\n.mwdxp69f50112add94 {\r\ndisplay: none;\r\n}\r\n}\r\n<\/style>\r\n\n\n\n\n<p>A liberdade religiosa ser\u00e1 analisada no dia 14 de outubro no Recurso Extraordin\u00e1rio com Agravo (ARE) 1.099.099 e no RE 611.874. No ARE, os ministros decidir\u00e3o se o administrador p\u00fablico deve estabelecer obriga\u00e7\u00e3o alternativa para servidor em est\u00e1gio probat\u00f3rio que estiver impossibilitado de cumprir determinados deveres funcionais por motivos religiosos. J\u00e1 o RE aborda a mudan\u00e7a de data de concurso por cren\u00e7a religiosa.<\/p>\n\n\n\n<p>Est\u00e3o ainda na pauta o ARE 959.620 sobre revista \u00edntima para ingresso de visitante de estabelecimento prisional; a ADI 1.945 sobre cobran\u00e7a de ICMS (Imposto sobre Circula\u00e7\u00e3o de Mercadorias e Servi\u00e7os) na comercializa\u00e7\u00e3o de programas de computador (softwares); e o ARE 1.038.507 sobre impenhorabilidade de propriedade rural familiar.&nbsp;<em>Com informa\u00e7\u00f5es da assessoria de imprensa do STF.<\/em><\/p>\n\n\n\n<p>Clique\u00a0<a rel=\"noreferrer noopener\" href=\"http:\/\/www.stf.jus.br\/arquivo\/cms\/noticiaPresidenciaStf\/anexo\/calendarioformatado2.pdf\" target=\"_blank\">aqui<\/a>\u00a0e confira o calend\u00e1rio<\/p>\n\n\n\n<p>Conjur<\/p>\n","protected":false},"excerpt":{"rendered":"<p>A Presid\u00eancia do Supremo Tribunal Federal, agora sob a gest\u00e3o do ministro&nbsp;Luiz Fux, divulgou nesta sexta-feira (11\/9) as pautas das sess\u00f5es ordin\u00e1rias e extraordin\u00e1rias do Plen\u00e1rio que ser\u00e3o realizadas de setembro a dezembro deste ano. No dia 23 de setembro, o colegiado se re\u00fane para julgar as argui\u00e7\u00f5es de descumprimento de preceito fundamental (ADPFs) 492<br \/><a class=\"more-link\" href=\"https:\/\/justicapotiguar.com.br\/index.php\/2020\/09\/13\/luiz-fux-define-pauta-de-votacoes-do-stf-para-os-ultimos-3-meses-de-2020\/\">Mais&#8230;<\/a><\/p>\n","protected":false},"author":5,"featured_media":12859,"comment_status":"open","ping_status":"open","sticky":false,"template":"","format":"standard","meta":[],"categories":[3],"tags":[],"_links":{"self":[{"href":"https:\/\/justicapotiguar.com.br\/index.php\/wp-json\/wp\/v2\/posts\/12916"}],"collection":[{"href":"https:\/\/justicapotiguar.com.br\/index.php\/wp-json\/wp\/v2\/posts"}],"about":[{"href":"https:\/\/justicapotiguar.com.br\/index.php\/wp-json\/wp\/v2\/types\/post"}],"author":[{"embeddable":true,"href":"https:\/\/justicapotiguar.com.br\/index.php\/wp-json\/wp\/v2\/users\/5"}],"replies":[{"embeddable":true,"href":"https:\/\/justicapotiguar.com.br\/index.php\/wp-json\/wp\/v2\/comments?post=12916"}],"version-history":[{"count":1,"href":"https:\/\/justicapotiguar.com.br\/index.php\/wp-json\/wp\/v2\/posts\/12916\/revisions"}],"predecessor-version":[{"id":12917,"href":"https:\/\/justicapotiguar.com.br\/index.php\/wp-json\/wp\/v2\/posts\/12916\/revisions\/12917"}],"wp:featuredmedia":[{"embeddable":true,"href":"https:\/\/justicapotiguar.com.br\/index.php\/wp-json\/wp\/v2\/media\/12859"}],"wp:attachment":[{"href":"https:\/\/justicapotiguar.com.br\/index.php\/wp-json\/wp\/v2\/media?parent=12916"}],"wp:term":[{"taxonomy":"category","embeddable":true,"href":"https:\/\/justicapotiguar.com.br\/index.php\/wp-json\/wp\/v2\/categories?post=12916"},{"taxonomy":"post_tag","embeddable":true,"href":"https:\/\/justicapotiguar.com.br\/index.php\/wp-json\/wp\/v2\/tags?post=12916"}],"curies":[{"name":"wp","href":"https:\/\/api.w.org\/{rel}","templated":true}]}}