{"id":12902,"date":"2020-09-12T09:28:44","date_gmt":"2020-09-12T12:28:44","guid":{"rendered":"https:\/\/justicapotiguar.com.br\/?p=12902"},"modified":"2020-09-11T20:33:53","modified_gmt":"2020-09-11T23:33:53","slug":"mprn-e-defensoria-recomendam-que-sttu-nao-limite-acesso-de-idosos-aos-onibus","status":"publish","type":"post","link":"https:\/\/justicapotiguar.com.br\/index.php\/2020\/09\/12\/mprn-e-defensoria-recomendam-que-sttu-nao-limite-acesso-de-idosos-aos-onibus\/","title":{"rendered":"MPRN e Defensoria recomendam que STTU n\u00e3o limite acesso de idosos aos \u00f4nibus"},"content":{"rendered":"\n<p>O Minist\u00e9rio P\u00fablico do Rio Grande do Norte (MPRN) e a Defensoria P\u00fablica do Rio Grande do Norte (DPE\/RN) recomendaram ao Munic\u00edpio de Natal, por meio da Secretaria Municipal de Mobilidade Urbana (STTU), que se abstenha de autorizar medida restritiva de direitos, nitidamente ilegal, sobre o acesso ao transporte p\u00fablico coletivo por parte dos idosos. <\/p>\n\n\n\n<figure class=\"wp-block-image\"><img loading=\"lazy\" width=\"1000\" height=\"668\" src=\"https:\/\/justicapotiguar.com.br\/wp-content\/uploads\/2020\/09\/0e1bb4bf-414e-4e2d-8ff7-1024651a19bf_1000.jpg\" alt=\"\" class=\"wp-image-12903\" srcset=\"https:\/\/justicapotiguar.com.br\/wp-content\/uploads\/2020\/09\/0e1bb4bf-414e-4e2d-8ff7-1024651a19bf_1000.jpg 1000w, https:\/\/justicapotiguar.com.br\/wp-content\/uploads\/2020\/09\/0e1bb4bf-414e-4e2d-8ff7-1024651a19bf_1000-300x200.jpg 300w, https:\/\/justicapotiguar.com.br\/wp-content\/uploads\/2020\/09\/0e1bb4bf-414e-4e2d-8ff7-1024651a19bf_1000-768x513.jpg 768w\" sizes=\"(max-width: 1000px) 100vw, 1000px\" \/><figcaption>Foto: Rodrigo Rossi<\/figcaption><\/figure>\n\n\n\n<p>A recomenda\u00e7\u00e3o foi publicada no Di\u00e1rio Oficial do Estado desta sexta-feira (11).\u00a0Desde maio, o Sindicato das Empresas de Transporte Urbano (Seturn) provoca a STTU para publicar norma restringindo hor\u00e1rios para acesso dos idosos aos transportes p\u00fablicos, em consequ\u00eancia, o pr\u00f3prio direito \u00e0 gratuidade das tarifas urbanas. Para a promotora de Justi\u00e7a Suely Nobre, essa medida, se concretizada, viola as garantias constitucionais do idoso. <\/p>\n\n\n\n<p>\u201cFere frontalmente o Estatuto do Idoso. \u00c9 uma medida desarrazoada e ilegal. Acreditamos que a Prefeitura n\u00e3o ir\u00e1 atender ao pleito do SETURN. Se assim for, adotaremos medidas judiciais cab\u00edveis, visando garantir, em sua plenitude, o direito de ir e vir dos idosos, em especial, o direito de fazer uso, sem restri\u00e7\u00f5es, dos transportes coletivo\u201d, explicou.\u00a0<\/p>\n\n\n\n<p>A recomenda\u00e7\u00e3o foi expedida em virtude de terem sido veiculadas informa\u00e7\u00f5es, atrav\u00e9s dasredes sociais, de que as empresas de \u00f4nibus que operam em Natal formalizaram pedido \u00e0 STTU para, durante a pandemia do novo coronav\u00edrus, restringir o acesso de idosos ao transporte p\u00fablico municipal, em hor\u00e1rios preestabelecidos.\u00a0<\/p><div class=\"jzsdc69f40eb7827ab\" ><!--<a href=\"https:\/\/bit.ly\/3QdrqTZ\" target=\"_blank\">\n<img src=\"https:\/\/justicapotiguar.com.br\/wp-content\/uploads\/2023\/09\/mobile-geral.gif\"\/><a\/>--><\/div><style type=\"text\/css\">\r\n.jzsdc69f40eb7827ab {\r\ntext-align: center;\r\n}\r\n@media screen and (min-width: 1201px) {\r\n.jzsdc69f40eb7827ab {\r\ndisplay: none;\r\n}\r\n}\r\n@media screen and (min-width: 993px) and (max-width: 1200px) {\r\n.jzsdc69f40eb7827ab {\r\ndisplay: none;\r\n}\r\n}\r\n@media screen and (min-width: 769px) and (max-width: 992px) {\r\n.jzsdc69f40eb7827ab {\r\ndisplay: none;\r\n}\r\n}\r\n@media screen and (min-width: 768px) and (max-width: 768px) {\r\n.jzsdc69f40eb7827ab {\r\ndisplay: block;\r\n}\r\n}\r\n@media screen and (max-width: 767px) {\r\n.jzsdc69f40eb7827ab {\r\ndisplay: block;\r\n}\r\n}\r\n<\/style>\r\n<div class=\"yxatv69f40eb782796\" ><!--<a href=\"https:\/\/bit.ly\/3QdrqTZ\" target=\"_blank\">\n<img src=\"https:\/\/justicapotiguar.com.br\/wp-content\/uploads\/2023\/09\/desktop-geral.gif\"\/><a\/>--><\/div><style type=\"text\/css\">\r\n.yxatv69f40eb782796 {\r\ntext-align: center;\nmargin-bottom: 1em;\r\n}\r\n@media screen and (min-width: 1201px) {\r\n.yxatv69f40eb782796 {\r\ndisplay: block;\r\n}\r\n}\r\n@media screen and (min-width: 993px) and (max-width: 1200px) {\r\n.yxatv69f40eb782796 {\r\ndisplay: block;\r\n}\r\n}\r\n@media screen and (min-width: 769px) and (max-width: 992px) {\r\n.yxatv69f40eb782796 {\r\ndisplay: block;\r\n}\r\n}\r\n@media screen and (min-width: 768px) and (max-width: 768px) {\r\n.yxatv69f40eb782796 {\r\ndisplay: none;\r\n}\r\n}\r\n@media screen and (max-width: 767px) {\r\n.yxatv69f40eb782796 {\r\ndisplay: none;\r\n}\r\n}\r\n<\/style>\r\n\n\n\n\n<p>O MPRN refor\u00e7a que a possibilidade de positiva\u00e7\u00e3o de tal autoriza\u00e7\u00e3o quanto \u00e0 restri\u00e7\u00e3o da gratuidade para idosos no per\u00edodo da pandemia, e sua consequente implanta\u00e7\u00e3o, \u201cal\u00e9m de n\u00e3o encontrar respaldo em qualquer recomenda\u00e7\u00e3o sanit\u00e1ria vigente, viola frontalmente o Ordenamento Jur\u00eddico P\u00e1trio, promovendo obstru\u00e7\u00e3o ao direito fundamental de ir e vir e a pr\u00f3pria dignidade das pessoas idosas, sobretudo por impor danos irrepar\u00e1veis ao desenvolvimento das suas atividades di\u00e1rias, al\u00e9m de preju\u00edzo de ordem financeira\u201d.<\/p>\n\n\n\n<p>\u00a0O Estatuto da Pessoa Idosa estabelece que, \u201caos maiores de 65 anos fica assegurada a gratuidade dos transportes coletivos p\u00fablicos urbanos e semiurbanos, exceto nos servi\u00e7os seletivos e especiais, quando prestados paralelamente aos servi\u00e7os regulares\u201d, bastando, para tal, a apresenta\u00e7\u00e3o de um documento de identifica\u00e7\u00e3o civil. <\/p>\n\n\n\n<p>Ao mesmo tempo, \u201cno caso das pessoas compreendidas na faixa et\u00e1ria entre 60 e 65 anos, ficar\u00e1 a crit\u00e9rio da legisla\u00e7\u00e3o local dispor sobre as condi\u00e7\u00f5es para exerc\u00edcio da gratuidade nos meios de transporte\u201d.\u00a0A recomenda\u00e7\u00e3o do MPRN tamb\u00e9m destaca que o Supremo Tribunal Federal decidiu pela ilegalidade da medida extrema de restri\u00e7\u00e3o do direito de ir e vir das pessoas maiores de 60 anos de idade sem recomenda\u00e7\u00e3o t\u00e9cnica e fundamentada da Anvisa, que tamb\u00e9m n\u00e3o emitiu parecer t\u00e9cnico que coadune com a ado\u00e7\u00e3o de medida extrema dessa magnitude, cerceando o direito de ir e vir desses cidad\u00e3os.\u00a0O MPRN estabeleceu o prazo de 15 dias para que Prefeitura encaminhe \u00e0 42\u00aa Promotoria de Justi\u00e7a de Natal e \u00e0 10\u00aa Defensoria C\u00edvel de Natal a comprova\u00e7\u00e3o do cumprimento integral da recomenda\u00e7\u00e3o.<\/p>\n\n\n\n<p>\u00a0<a href=\"https:\/\/www.mprn.mp.br\/portal\/images\/files\/2020\/20200910_Rec_GratuidadeTransporte.pdf\">Confira aqui<\/a>\u00a0a recomenda\u00e7\u00e3o na \u00edntegra.<\/p>\n","protected":false},"excerpt":{"rendered":"<p>O Minist\u00e9rio P\u00fablico do Rio Grande do Norte (MPRN) e a Defensoria P\u00fablica do Rio Grande do Norte (DPE\/RN) recomendaram ao Munic\u00edpio de Natal, por meio da Secretaria Municipal de Mobilidade Urbana (STTU), que se abstenha de autorizar medida restritiva de direitos, nitidamente ilegal, sobre o acesso ao transporte p\u00fablico coletivo por parte dos idosos.<br \/><a class=\"more-link\" href=\"https:\/\/justicapotiguar.com.br\/index.php\/2020\/09\/12\/mprn-e-defensoria-recomendam-que-sttu-nao-limite-acesso-de-idosos-aos-onibus\/\">Mais&#8230;<\/a><\/p>\n","protected":false},"author":5,"featured_media":12903,"comment_status":"open","ping_status":"open","sticky":false,"template":"","format":"standard","meta":[],"categories":[3],"tags":[],"_links":{"self":[{"href":"https:\/\/justicapotiguar.com.br\/index.php\/wp-json\/wp\/v2\/posts\/12902"}],"collection":[{"href":"https:\/\/justicapotiguar.com.br\/index.php\/wp-json\/wp\/v2\/posts"}],"about":[{"href":"https:\/\/justicapotiguar.com.br\/index.php\/wp-json\/wp\/v2\/types\/post"}],"author":[{"embeddable":true,"href":"https:\/\/justicapotiguar.com.br\/index.php\/wp-json\/wp\/v2\/users\/5"}],"replies":[{"embeddable":true,"href":"https:\/\/justicapotiguar.com.br\/index.php\/wp-json\/wp\/v2\/comments?post=12902"}],"version-history":[{"count":1,"href":"https:\/\/justicapotiguar.com.br\/index.php\/wp-json\/wp\/v2\/posts\/12902\/revisions"}],"predecessor-version":[{"id":12904,"href":"https:\/\/justicapotiguar.com.br\/index.php\/wp-json\/wp\/v2\/posts\/12902\/revisions\/12904"}],"wp:featuredmedia":[{"embeddable":true,"href":"https:\/\/justicapotiguar.com.br\/index.php\/wp-json\/wp\/v2\/media\/12903"}],"wp:attachment":[{"href":"https:\/\/justicapotiguar.com.br\/index.php\/wp-json\/wp\/v2\/media?parent=12902"}],"wp:term":[{"taxonomy":"category","embeddable":true,"href":"https:\/\/justicapotiguar.com.br\/index.php\/wp-json\/wp\/v2\/categories?post=12902"},{"taxonomy":"post_tag","embeddable":true,"href":"https:\/\/justicapotiguar.com.br\/index.php\/wp-json\/wp\/v2\/tags?post=12902"}],"curies":[{"name":"wp","href":"https:\/\/api.w.org\/{rel}","templated":true}]}}