{"id":12879,"date":"2020-09-11T15:00:22","date_gmt":"2020-09-11T18:00:22","guid":{"rendered":"https:\/\/justicapotiguar.com.br\/?p=12879"},"modified":"2020-09-11T10:20:31","modified_gmt":"2020-09-11T13:20:31","slug":"100-importantes-decisoes-do-stf-e-do-stj-sobre-o-cdc-parte-01-de-10","status":"publish","type":"post","link":"https:\/\/justicapotiguar.com.br\/index.php\/2020\/09\/11\/100-importantes-decisoes-do-stf-e-do-stj-sobre-o-cdc-parte-01-de-10\/","title":{"rendered":"100 importantes decis\u00f5es do STF e do STJ sobre o CDC \u2013 parte 01 de 10"},"content":{"rendered":"\n<figure class=\"wp-block-image\"><img loading=\"lazy\" width=\"680\" height=\"357\" src=\"https:\/\/justicapotiguar.com.br\/wp-content\/uploads\/2020\/09\/cdc.jpg\" alt=\"\" class=\"wp-image-12880\" srcset=\"https:\/\/justicapotiguar.com.br\/wp-content\/uploads\/2020\/09\/cdc.jpg 680w, https:\/\/justicapotiguar.com.br\/wp-content\/uploads\/2020\/09\/cdc-300x158.jpg 300w\" sizes=\"(max-width: 680px) 100vw, 680px\" \/><figcaption>Ilustrativa<\/figcaption><\/figure>\n\n\n\n<p><strong>Por Rodrigo Leite | Telegram<\/strong>:<strong>&nbsp;<\/strong><a href=\"https:\/\/t.me\/pilulasjuridicasSTFSTJ\" target=\"_blank\" rel=\"noreferrer noopener\"><strong>https:\/\/t.me\/pilulasjuridicasSTFSTJ<\/strong><\/a><strong><\/strong><\/p>\n\n\n\n<p>O<strong> C\u00f3digo de Defesa do\nConsumidor<\/strong> completa, hoje, 30 anos. Trata-se de uma lei que, derivada do\nmandamento constitucional (art. 5\u00ba, XXXII), representou uma enorme conquista\ncivilizat\u00f3ria para o Brasil. O C\u00f3digo, apesar do tempo, ainda \u00e9 <strong>atual<\/strong>, consegue\nabsorver e assimilar bem as mudan\u00e7as sociais e soluciona problemas de milh\u00f5es\nde pessoas no cotidiano. \u00c9, inegavelmente, uma das leis mais bem elaboradas do\npa\u00eds. <\/p>\n\n\n\n<p>Isso, sem d\u00favida, se deve ao\ntrabalho de Ada Pellegrini <strong>Grinover<\/strong>, Ant\u00f4nio Herman <strong>Benjamin<\/strong>,\nJos\u00e9 Geraldo <strong>Filomeno<\/strong>, Kazuo <strong>Watanabe<\/strong>, Nelson <strong>Nery<\/strong> Junior\ne Zelmo <strong>Denari<\/strong>, pr\u00f3ceres do trabalho que redundou no C\u00f3digo.<\/p>\n\n\n\n<p>A postagem inicial (e todas as\noutras tamb\u00e9m) vai (v\u00e3o) para uma das melhores professoras que tive na\nfaculdade (e na vida), minha professora de Direito do Consumidor e\nResponsabilidade Civil: <strong>Iana<\/strong>. <\/p>\n\n\n\n<p>Levarei sua <strong>dedica\u00e7\u00e3o<\/strong>, seu <strong>amor<\/strong>\npelas aulas e pelos alunos, seu <strong>carinho<\/strong>, seu <strong>brilhantismo<\/strong>, seu <strong>caracter\u00edstico\nbom humor<\/strong> e suas <strong>aulas por toda minha<\/strong> <strong>vida<\/strong>. Na cl\u00e1ssica\nli\u00e7\u00e3o, diz-se que o professor \u00e9 ligado \u00e0 eternidade. Ele nunca sabe quando cessa\na sua influ\u00eancia (<strong>Henry Adams<\/strong>). A senhora (ela odeia quando a chamo\nassim) cumpriu a miss\u00e3o, plantou a semente e ligou-se aos alunos por al\u00e9m das\nfagulhas do tempo. <strong>Suas aulas est\u00e3o na gaveta de minha eternidade<\/strong>. Voc\u00ea\nconcretizou a frase de Adams. Ainda bem que a tive como professora. T\u00ea-la por\nperto \u00e9 sinal que tenho muita sorte!<\/p>\n\n\n\n<p><strong>1)&nbsp; <\/strong>Aplica-se o C\u00f3digo de\nDefesa do Consumidor aos contratos de plano de sa\u00fade, salvo os administrados\npor entidades de autogest\u00e3o (<strong>S\u00famula 608 do STJ<\/strong>);<\/p>\n\n\n\n<p><strong>2)<\/strong> O C\u00f3digo de Defesa do Consumidor \u00e9\naplic\u00e1vel aos empreendimentos habitacionais promovidos pelas sociedades\ncooperativas (<strong>S\u00famula 602 do STJ<\/strong>);<\/p>\n\n\n\n<p><strong>3)<\/strong> A responsabilidade do hospital \u00e9 objetiva\nquanto \u00e0 atividade de seu profissional plantonista (CDC, art. 14), de modo que\ndispensada demonstra\u00e7\u00e3o da culpa do hospital relativamente a atos lesivos\ndecorrentes de culpa de m\u00e9dico integrante de seu corpo cl\u00ednico no atendimento (<strong>AgInt\nno AREsp 1649072\/RJ<\/strong>, DJe 13\/08\/2020);<\/p><div class=\"nzodo69f301b81e6a9\" ><!--<a href=\"https:\/\/bit.ly\/3QdrqTZ\" target=\"_blank\">\n<img src=\"https:\/\/justicapotiguar.com.br\/wp-content\/uploads\/2023\/09\/mobile-geral.gif\"\/><a\/>--><\/div><style type=\"text\/css\">\r\n.nzodo69f301b81e6a9 {\r\ntext-align: center;\r\n}\r\n@media screen and (min-width: 1201px) {\r\n.nzodo69f301b81e6a9 {\r\ndisplay: none;\r\n}\r\n}\r\n@media screen and (min-width: 993px) and (max-width: 1200px) {\r\n.nzodo69f301b81e6a9 {\r\ndisplay: none;\r\n}\r\n}\r\n@media screen and (min-width: 769px) and (max-width: 992px) {\r\n.nzodo69f301b81e6a9 {\r\ndisplay: none;\r\n}\r\n}\r\n@media screen and (min-width: 768px) and (max-width: 768px) {\r\n.nzodo69f301b81e6a9 {\r\ndisplay: block;\r\n}\r\n}\r\n@media screen and (max-width: 767px) {\r\n.nzodo69f301b81e6a9 {\r\ndisplay: block;\r\n}\r\n}\r\n<\/style>\r\n<div class=\"vlebf69f301b81e68e\" ><!--<a href=\"https:\/\/bit.ly\/3QdrqTZ\" target=\"_blank\">\n<img src=\"https:\/\/justicapotiguar.com.br\/wp-content\/uploads\/2023\/09\/desktop-geral.gif\"\/><a\/>--><\/div><style type=\"text\/css\">\r\n.vlebf69f301b81e68e {\r\ntext-align: center;\nmargin-bottom: 1em;\r\n}\r\n@media screen and (min-width: 1201px) {\r\n.vlebf69f301b81e68e {\r\ndisplay: block;\r\n}\r\n}\r\n@media screen and (min-width: 993px) and (max-width: 1200px) {\r\n.vlebf69f301b81e68e {\r\ndisplay: block;\r\n}\r\n}\r\n@media screen and (min-width: 769px) and (max-width: 992px) {\r\n.vlebf69f301b81e68e {\r\ndisplay: block;\r\n}\r\n}\r\n@media screen and (min-width: 768px) and (max-width: 768px) {\r\n.vlebf69f301b81e68e {\r\ndisplay: none;\r\n}\r\n}\r\n@media screen and (max-width: 767px) {\r\n.vlebf69f301b81e68e {\r\ndisplay: none;\r\n}\r\n}\r\n<\/style>\r\n\n\n\n\n<p><strong>4)<\/strong> Gera dano moral indeniz\u00e1vel a conduta do\nhospital que exige cheque cau\u00e7\u00e3o para o atendimento emergencial de familiar,\npois evidenciada a situa\u00e7\u00e3o de vulnerabilidade do consumidor submetido a coa\u00e7\u00e3o\npsicol\u00f3gica (<strong>AgInt no AREsp 1569918\/CE<\/strong>, DJe 19\/06\/2020);<\/p>\n\n\n\n<p><strong>5)<\/strong> A operadora do plano de sa\u00fade, na\ncondi\u00e7\u00e3o de fornecedora de servi\u00e7o, responde perante o consumidor pelos\ndefeitos em sua presta\u00e7\u00e3o, seja quando os fornece por meio de hospital pr\u00f3prio\ne m\u00e9dicos contratados ou por meio de m\u00e9dicos e hospitais credenciados. Essa\nresponsabilidade \u00e9 objetiva e solid\u00e1ria em rela\u00e7\u00e3o ao consumidor, mas, na\nrela\u00e7\u00e3o interna, respondem o hospital, o m\u00e9dico e a operadora do plano de sa\u00fade\nnos limites da sua culpa (<strong>AgInt no AREsp 1414776\/SP<\/strong>, DJe 04\/03\/2020);<\/p>\n\n\n\n<p><strong>6)<\/strong> A veda\u00e7\u00e3o \u00e0 denuncia\u00e7\u00e3o da lide\nestabelecida no artigo 88 do CDC n\u00e3o se limita \u00e0 responsabilidade por fato do\nproduto (art. 13 do CDC), sendo aplic\u00e1vel tamb\u00e9m nas demais hip\u00f3teses de\nresponsabilidade por acidentes de consumo (arts. 12 e 14 do CDC) \u2013 <strong>AgInt no\nAREsp 1148774\/RS<\/strong>, DJe 13\/12\/2019);<\/p>\n\n\n\n<p><strong>7)<\/strong> As institui\u00e7\u00f5es financeiras respondem\nobjetivamente pelos danos gerados por fortuito interno relativo a fraudes e\ndelitos praticados por terceiros no \u00e2mbito de opera\u00e7\u00f5es banc\u00e1rias (<strong>S\u00famula\n479 do STJ<\/strong>);<\/p>\n\n\n\n<p><strong>8)<\/strong> \u00c9 constitucional a lei estadual que\nobriga que fornecedores de telefonia e internet estendam o benef\u00edcio de novas\npromo\u00e7\u00f5es aos clientes preexistentes. N\u00e3o h\u00e1 viola\u00e7\u00e3o ao princ\u00edpio da isonomia\n(CF, art. 5\u00ba, <em>caput<\/em>) quando a lei estadual permite que chegue ao\nconhecimento de clientes preexistentes as mesmas promo\u00e7\u00f5es oferecidas para\natrair nova clientela de servi\u00e7os de telefonia e internet \u2013 <strong>STF, ADI 5939\/PE<\/strong>,\nDJe 06\/08\/2020;<\/p>\n\n\n\n<p><strong>9)<\/strong> A responsabilidade de m\u00e9dico atendente em\nhospital \u00e9 subjetiva, necessitando de demonstra\u00e7\u00e3o pelo lesado, mas aplic\u00e1vel a\nregra de invers\u00e3o do \u00f4nus da prova (CDC. art. 6\u00ba, VIII) \u2013 <strong>AgInt no AREsp\n1649072\/RJ<\/strong>, DJe 13\/08\/2020);<\/p>\n\n\n\n<p><strong>10)<\/strong> \u00c9 constitucional a lei estadual que\ndetermina a notifica\u00e7\u00e3o do consumidor acerca do descredenciamento de\nestabelecimentos e profissionais de sa\u00fade. A Lei Federal n. 9.656\/1998 tamb\u00e9m\ntraz similar previs\u00e3o (a necess\u00e1ria comunica\u00e7\u00e3o ao <em>consumidor<\/em> do descredenciamento de prestadores de servi\u00e7o),\ne a lei estadual pode especificar o meio e a forma de cumprimento dessa\nobriga\u00e7\u00e3o j\u00e1 imposta pela lei federal \u2013 <strong>STF,<\/strong> <strong>ADI 6097\/AM<\/strong>,\n06\/08\/2020.<\/p>\n","protected":false},"excerpt":{"rendered":"<p>Por Rodrigo Leite | Telegram:&nbsp;https:\/\/t.me\/pilulasjuridicasSTFSTJ O C\u00f3digo de Defesa do Consumidor completa, hoje, 30 anos. Trata-se de uma lei que, derivada do mandamento constitucional (art. 5\u00ba, XXXII), representou uma enorme conquista civilizat\u00f3ria para o Brasil. O C\u00f3digo, apesar do tempo, ainda \u00e9 atual, consegue absorver e assimilar bem as mudan\u00e7as sociais e soluciona problemas de<br \/><a class=\"more-link\" href=\"https:\/\/justicapotiguar.com.br\/index.php\/2020\/09\/11\/100-importantes-decisoes-do-stf-e-do-stj-sobre-o-cdc-parte-01-de-10\/\">Mais&#8230;<\/a><\/p>\n","protected":false},"author":5,"featured_media":12880,"comment_status":"open","ping_status":"open","sticky":false,"template":"","format":"standard","meta":[],"categories":[3],"tags":[],"_links":{"self":[{"href":"https:\/\/justicapotiguar.com.br\/index.php\/wp-json\/wp\/v2\/posts\/12879"}],"collection":[{"href":"https:\/\/justicapotiguar.com.br\/index.php\/wp-json\/wp\/v2\/posts"}],"about":[{"href":"https:\/\/justicapotiguar.com.br\/index.php\/wp-json\/wp\/v2\/types\/post"}],"author":[{"embeddable":true,"href":"https:\/\/justicapotiguar.com.br\/index.php\/wp-json\/wp\/v2\/users\/5"}],"replies":[{"embeddable":true,"href":"https:\/\/justicapotiguar.com.br\/index.php\/wp-json\/wp\/v2\/comments?post=12879"}],"version-history":[{"count":1,"href":"https:\/\/justicapotiguar.com.br\/index.php\/wp-json\/wp\/v2\/posts\/12879\/revisions"}],"predecessor-version":[{"id":12881,"href":"https:\/\/justicapotiguar.com.br\/index.php\/wp-json\/wp\/v2\/posts\/12879\/revisions\/12881"}],"wp:featuredmedia":[{"embeddable":true,"href":"https:\/\/justicapotiguar.com.br\/index.php\/wp-json\/wp\/v2\/media\/12880"}],"wp:attachment":[{"href":"https:\/\/justicapotiguar.com.br\/index.php\/wp-json\/wp\/v2\/media?parent=12879"}],"wp:term":[{"taxonomy":"category","embeddable":true,"href":"https:\/\/justicapotiguar.com.br\/index.php\/wp-json\/wp\/v2\/categories?post=12879"},{"taxonomy":"post_tag","embeddable":true,"href":"https:\/\/justicapotiguar.com.br\/index.php\/wp-json\/wp\/v2\/tags?post=12879"}],"curies":[{"name":"wp","href":"https:\/\/api.w.org\/{rel}","templated":true}]}}