{"id":12877,"date":"2020-09-11T14:16:24","date_gmt":"2020-09-11T17:16:24","guid":{"rendered":"https:\/\/justicapotiguar.com.br\/?p=12877"},"modified":"2020-09-11T10:17:16","modified_gmt":"2020-09-11T13:17:16","slug":"ministro-celso-de-mello-estende-licenca-ate-26-de-setembro","status":"publish","type":"post","link":"https:\/\/justicapotiguar.com.br\/index.php\/2020\/09\/11\/ministro-celso-de-mello-estende-licenca-ate-26-de-setembro\/","title":{"rendered":"Ministro Celso de Mello estende licen\u00e7a at\u00e9 26 de setembro"},"content":{"rendered":"\n<p>O ministro Celso de Mello, do Supremo Tribunal Federal, estendeu sua licen\u00e7a m\u00e9dica at\u00e9 26 de setembro. Ele foi submetido a um&nbsp;procedimento cir\u00fargico em&nbsp;<a href=\"https:\/\/www.conjur.com.br\/2020-ago-19\/celso-mello-tira-licenca-medica-stf\" target=\"_blank\" rel=\"noreferrer noopener\">19 de agosto<\/a>&nbsp;e, desde ent\u00e3o, est\u00e1 afastado da Corte. As informa\u00e7\u00f5es s\u00e3o do jornal&nbsp;<em>Folha de S. Paulo.<\/em><\/p>\n\n\n\n<div class=\"wp-block-image\"><figure class=\"aligncenter\"><img src=\"https:\/\/www.conjur.com.br\/img\/b\/celso-mello10.jpeg\" alt=\"\"\/><figcaption>Foto <sup>SCO\/STF<\/sup><\/figcaption><\/figure><\/div>\n\n\n\n<p>Segundo o par\u00e1grafo 2\u00ba da Lei Org\u00e2nica da Magistratura (<a href=\"http:\/\/www.planalto.gov.br\/ccivil_03\/leis\/lcp\/lcp35.htm\" target=\"_blank\" rel=\"noreferrer noopener\">Lei Complementar 75\/1979<\/a>), o magistrado licenciado pode proferir decis\u00f5es &#8220;em processos&nbsp;que, antes da licen\u00e7a, lhe hajam sido conclusos para julgamento ou tenham recebido o seu visto como relator ou revisor&#8221;, salvo contra-indica\u00e7\u00e3o m\u00e9dica.<\/p>\n\n\n\n<p>De acordo com o di\u00e1rio,&nbsp;Celso de Mello avalia a possibilidade de liberar, durante sua licen\u00e7a, decis\u00f5es j\u00e1 elaboradas.<\/p><div class=\"dmjjg69f4ef8fba3c4\" ><!--<a href=\"https:\/\/bit.ly\/3QdrqTZ\" target=\"_blank\">\n<img src=\"https:\/\/justicapotiguar.com.br\/wp-content\/uploads\/2023\/09\/mobile-geral.gif\"\/><a\/>--><\/div><style type=\"text\/css\">\r\n.dmjjg69f4ef8fba3c4 {\r\ntext-align: center;\r\n}\r\n@media screen and (min-width: 1201px) {\r\n.dmjjg69f4ef8fba3c4 {\r\ndisplay: none;\r\n}\r\n}\r\n@media screen and (min-width: 993px) and (max-width: 1200px) {\r\n.dmjjg69f4ef8fba3c4 {\r\ndisplay: none;\r\n}\r\n}\r\n@media screen and (min-width: 769px) and (max-width: 992px) {\r\n.dmjjg69f4ef8fba3c4 {\r\ndisplay: none;\r\n}\r\n}\r\n@media screen and (min-width: 768px) and (max-width: 768px) {\r\n.dmjjg69f4ef8fba3c4 {\r\ndisplay: block;\r\n}\r\n}\r\n@media screen and (max-width: 767px) {\r\n.dmjjg69f4ef8fba3c4 {\r\ndisplay: block;\r\n}\r\n}\r\n<\/style>\r\n<div class=\"chujf69f4ef8fba3b1\" ><!--<a href=\"https:\/\/bit.ly\/3QdrqTZ\" target=\"_blank\">\n<img src=\"https:\/\/justicapotiguar.com.br\/wp-content\/uploads\/2023\/09\/desktop-geral.gif\"\/><a\/>--><\/div><style type=\"text\/css\">\r\n.chujf69f4ef8fba3b1 {\r\ntext-align: center;\nmargin-bottom: 1em;\r\n}\r\n@media screen and (min-width: 1201px) {\r\n.chujf69f4ef8fba3b1 {\r\ndisplay: block;\r\n}\r\n}\r\n@media screen and (min-width: 993px) and (max-width: 1200px) {\r\n.chujf69f4ef8fba3b1 {\r\ndisplay: block;\r\n}\r\n}\r\n@media screen and (min-width: 769px) and (max-width: 992px) {\r\n.chujf69f4ef8fba3b1 {\r\ndisplay: block;\r\n}\r\n}\r\n@media screen and (min-width: 768px) and (max-width: 768px) {\r\n.chujf69f4ef8fba3b1 {\r\ndisplay: none;\r\n}\r\n}\r\n@media screen and (max-width: 767px) {\r\n.chujf69f4ef8fba3b1 {\r\ndisplay: none;\r\n}\r\n}\r\n<\/style>\r\n\n\n\n\n<p>O decano \u00e9 relator do Inqu\u00e9rito 4.831, que investiga o presidente Jair Bolsonaro e o ex-juiz e ex-ministro da Justi\u00e7a e Seguran\u00e7a P\u00fablica Sergio Moro. O inqu\u00e9rito foi instaurado ap\u00f3s declara\u00e7\u00f5es de Moro sugerindo que Bolsonaro tentou interferir na Pol\u00edcia Federal, com vistas a se blindar de investiga\u00e7\u00f5es. Moro j\u00e1 foi\u00a0<a rel=\"noreferrer noopener\" href=\"https:\/\/www.conjur.com.br\/2020-abr-30\/celso-mello-autoriza-inquiricao-urgencia-moro\" target=\"_blank\">ouvido<\/a>. Falta definir de que forma ser\u00e1 feito o\u00a0<a rel=\"noreferrer noopener\" href=\"https:\/\/www.conjur.com.br\/2020-jun-23\/celso-decidir-pf-colhera-depoimento-bolsonaro-pessoalmente\" target=\"_blank\">depoimento<\/a>\u00a0de Bolsonaro \u2014 se presencialmente ou por escrito.<\/p>\n\n\n\n<p>Conjur<\/p>\n","protected":false},"excerpt":{"rendered":"<p>O ministro Celso de Mello, do Supremo Tribunal Federal, estendeu sua licen\u00e7a m\u00e9dica at\u00e9 26 de setembro. Ele foi submetido a um&nbsp;procedimento cir\u00fargico em&nbsp;19 de agosto&nbsp;e, desde ent\u00e3o, est\u00e1 afastado da Corte. As informa\u00e7\u00f5es s\u00e3o do jornal&nbsp;Folha de S. Paulo. Segundo o par\u00e1grafo 2\u00ba da Lei Org\u00e2nica da Magistratura (Lei Complementar 75\/1979), o magistrado licenciado<br \/><a class=\"more-link\" href=\"https:\/\/justicapotiguar.com.br\/index.php\/2020\/09\/11\/ministro-celso-de-mello-estende-licenca-ate-26-de-setembro\/\">Mais&#8230;<\/a><\/p>\n","protected":false},"author":5,"featured_media":221,"comment_status":"open","ping_status":"open","sticky":false,"template":"","format":"standard","meta":[],"categories":[3],"tags":[],"_links":{"self":[{"href":"https:\/\/justicapotiguar.com.br\/index.php\/wp-json\/wp\/v2\/posts\/12877"}],"collection":[{"href":"https:\/\/justicapotiguar.com.br\/index.php\/wp-json\/wp\/v2\/posts"}],"about":[{"href":"https:\/\/justicapotiguar.com.br\/index.php\/wp-json\/wp\/v2\/types\/post"}],"author":[{"embeddable":true,"href":"https:\/\/justicapotiguar.com.br\/index.php\/wp-json\/wp\/v2\/users\/5"}],"replies":[{"embeddable":true,"href":"https:\/\/justicapotiguar.com.br\/index.php\/wp-json\/wp\/v2\/comments?post=12877"}],"version-history":[{"count":1,"href":"https:\/\/justicapotiguar.com.br\/index.php\/wp-json\/wp\/v2\/posts\/12877\/revisions"}],"predecessor-version":[{"id":12878,"href":"https:\/\/justicapotiguar.com.br\/index.php\/wp-json\/wp\/v2\/posts\/12877\/revisions\/12878"}],"wp:featuredmedia":[{"embeddable":true,"href":"https:\/\/justicapotiguar.com.br\/index.php\/wp-json\/wp\/v2\/media\/221"}],"wp:attachment":[{"href":"https:\/\/justicapotiguar.com.br\/index.php\/wp-json\/wp\/v2\/media?parent=12877"}],"wp:term":[{"taxonomy":"category","embeddable":true,"href":"https:\/\/justicapotiguar.com.br\/index.php\/wp-json\/wp\/v2\/categories?post=12877"},{"taxonomy":"post_tag","embeddable":true,"href":"https:\/\/justicapotiguar.com.br\/index.php\/wp-json\/wp\/v2\/tags?post=12877"}],"curies":[{"name":"wp","href":"https:\/\/api.w.org\/{rel}","templated":true}]}}