{"id":12872,"date":"2020-09-11T09:50:46","date_gmt":"2020-09-11T12:50:46","guid":{"rendered":"https:\/\/justicapotiguar.com.br\/?p=12872"},"modified":"2020-09-11T09:37:08","modified_gmt":"2020-09-11T12:37:08","slug":"mpf-cobra-agilidade-do-ifrn-na-concessao-de-auxilio-a-estudantes-para-ensino-remoto","status":"publish","type":"post","link":"https:\/\/justicapotiguar.com.br\/index.php\/2020\/09\/11\/mpf-cobra-agilidade-do-ifrn-na-concessao-de-auxilio-a-estudantes-para-ensino-remoto\/","title":{"rendered":"MPF cobra agilidade do IFRN na concess\u00e3o de aux\u00edlio a estudantes para ensino remoto"},"content":{"rendered":"\n<p>O Minist\u00e9rio P\u00fablico Federal (MPF) remeteu a todos os campi do Instituto Federal de Educa\u00e7\u00e3o, Ci\u00eancia e Tecnologia do RN (IFRN) uma recomenda\u00e7\u00e3o para que lancem, em at\u00e9 48 horas, os editais para concess\u00e3o de assist\u00eancia estudantil no contexto do ensino remoto, que prev\u00ea tr\u00eas tipos de aux\u00edlios (para aquisi\u00e7\u00e3o de dispositivo eletr\u00f4nico, pagamento de internet ou compra de materiais did\u00e1ticos).<\/p>\n\n\n\n<figure class=\"wp-block-image\"><img loading=\"lazy\" width=\"984\" height=\"660\" src=\"https:\/\/justicapotiguar.com.br\/wp-content\/uploads\/2020\/05\/ifrn.jpg\" alt=\"\" class=\"wp-image-9330\" srcset=\"https:\/\/justicapotiguar.com.br\/wp-content\/uploads\/2020\/05\/ifrn.jpg 984w, https:\/\/justicapotiguar.com.br\/wp-content\/uploads\/2020\/05\/ifrn-300x201.jpg 300w, https:\/\/justicapotiguar.com.br\/wp-content\/uploads\/2020\/05\/ifrn-768x515.jpg 768w\" sizes=\"(max-width: 984px) 100vw, 984px\" \/><figcaption>Reprodu\u00e7\u00e3o<\/figcaption><\/figure>\n\n\n\n<p>S\u00e3o ao todo 44 mil estudantes, em todo o estado, cujas aulas continuam suspensas, sendo que 75% deles se encontram em condi\u00e7\u00f5es de vulnerabilidade social. A publica\u00e7\u00e3o dos editais espec\u00edficos est\u00e1 a cargo de cada campus e a recomenda\u00e7\u00e3o do MPF \u2013 de autoria da procuradora da Rep\u00fablica Clarisier Azevedo \u2013 enfatiza que a divulga\u00e7\u00e3o deve ser ampla, \u201cinclusive por r\u00e1dio, TV e outras formas de comunica\u00e7\u00e3o\u201d.<\/p>\n\n\n\n<p>As aulas do IFRN continuam suspensas, enquanto outros institutos federais j\u00e1 mant\u00eam aulas regulares online. Essa situa\u00e7\u00e3o, afirma a procuradora, coloca os alunos em condi\u00e7\u00e3o \u201cde desigualdade e maior vulnerabilidade em rela\u00e7\u00e3o aos demais (&#8230;), encontrando-se, injustificadamente, abstra\u00eddos do regular exerc\u00edcio do seu direito \u00e0 educa\u00e7\u00e3o\u201d.<\/p><div class=\"vhnuy69f4efb449654\" ><!--<a href=\"https:\/\/bit.ly\/3QdrqTZ\" target=\"_blank\">\n<img src=\"https:\/\/justicapotiguar.com.br\/wp-content\/uploads\/2023\/09\/mobile-geral.gif\"\/><a\/>--><\/div><style type=\"text\/css\">\r\n.vhnuy69f4efb449654 {\r\ntext-align: center;\r\n}\r\n@media screen and (min-width: 1201px) {\r\n.vhnuy69f4efb449654 {\r\ndisplay: none;\r\n}\r\n}\r\n@media screen and (min-width: 993px) and (max-width: 1200px) {\r\n.vhnuy69f4efb449654 {\r\ndisplay: none;\r\n}\r\n}\r\n@media screen and (min-width: 769px) and (max-width: 992px) {\r\n.vhnuy69f4efb449654 {\r\ndisplay: none;\r\n}\r\n}\r\n@media screen and (min-width: 768px) and (max-width: 768px) {\r\n.vhnuy69f4efb449654 {\r\ndisplay: block;\r\n}\r\n}\r\n@media screen and (max-width: 767px) {\r\n.vhnuy69f4efb449654 {\r\ndisplay: block;\r\n}\r\n}\r\n<\/style>\r\n<div class=\"bxwyo69f4efb449638\" ><!--<a href=\"https:\/\/bit.ly\/3QdrqTZ\" target=\"_blank\">\n<img src=\"https:\/\/justicapotiguar.com.br\/wp-content\/uploads\/2023\/09\/desktop-geral.gif\"\/><a\/>--><\/div><style type=\"text\/css\">\r\n.bxwyo69f4efb449638 {\r\ntext-align: center;\nmargin-bottom: 1em;\r\n}\r\n@media screen and (min-width: 1201px) {\r\n.bxwyo69f4efb449638 {\r\ndisplay: block;\r\n}\r\n}\r\n@media screen and (min-width: 993px) and (max-width: 1200px) {\r\n.bxwyo69f4efb449638 {\r\ndisplay: block;\r\n}\r\n}\r\n@media screen and (min-width: 769px) and (max-width: 992px) {\r\n.bxwyo69f4efb449638 {\r\ndisplay: block;\r\n}\r\n}\r\n@media screen and (min-width: 768px) and (max-width: 768px) {\r\n.bxwyo69f4efb449638 {\r\ndisplay: none;\r\n}\r\n}\r\n@media screen and (max-width: 767px) {\r\n.bxwyo69f4efb449638 {\r\ndisplay: none;\r\n}\r\n}\r\n<\/style>\r\n\n\n\n\n<p><strong>Valores<\/strong>&nbsp;&#8211; Em 25 de agosto, a reitoria do instituto publicou resolu\u00e7\u00e3o regulamentando a concess\u00e3o dos Aux\u00edlios e A\u00e7\u00f5es Emergenciais de Assist\u00eancia Estudantil no contexto do Ensino Remoto. O documento prev\u00ea aux\u00edlios para aquisi\u00e7\u00e3o de servi\u00e7o de internet (no valor mensal de at\u00e9 R$ 100); para compra de dispositivo eletr\u00f4nico (parcela \u00fanica de R$ 1.500); e para material did\u00e1tico-pedag\u00f3gico (parcela \u00fanica de R$ 400).<\/p>\n\n\n\n<p>Como tr\u00eas de cada quatro estudantes se encontram em condi\u00e7\u00f5es de vulnerabilidade social, Clarisier Azevedo destaca que a concess\u00e3o do aux\u00edlio financeiro \u00e9 primordial para o desencadeamento das demais etapas necess\u00e1rias ao rein\u00edcio das aulas. Depois do lan\u00e7amento do edital, dever\u00e1 ser promovido ainda um processo de sele\u00e7\u00e3o. A utiliza\u00e7\u00e3o dos recursos pelos beneficiados tamb\u00e9m ter\u00e1 de ser devidamente fiscalizada pelo IFRN.<\/p>\n\n\n\n<p>A recomenda\u00e7\u00e3o do MPF est\u00e1 sendo enviada aos diretores e coordenadores de servi\u00e7o social dos campi de Apodi, Caic\u00f3, Canguaretama, Cear\u00e1-Mirim, Currais Novos, Ipangua\u00e7u, Jo\u00e3o C\u00e2mara, Jucurutu, Lajes, Macau, Mossor\u00f3, Natal-Central, Natal-Cidade Alta, Natal-Zona Leste, Natal-Zona Norte, Nova Cruz, Parelhas, Parnamirim, Pau dos Ferros, Santa Cruz, S\u00e3o Gon\u00e7alo do Amarante e S\u00e3o Paulo do Potengi e da Diretoria de Gest\u00e3o de Atividades Estudantis (Digae).<br><\/p>\n","protected":false},"excerpt":{"rendered":"<p>O Minist\u00e9rio P\u00fablico Federal (MPF) remeteu a todos os campi do Instituto Federal de Educa\u00e7\u00e3o, Ci\u00eancia e Tecnologia do RN (IFRN) uma recomenda\u00e7\u00e3o para que lancem, em at\u00e9 48 horas, os editais para concess\u00e3o de assist\u00eancia estudantil no contexto do ensino remoto, que prev\u00ea tr\u00eas tipos de aux\u00edlios (para aquisi\u00e7\u00e3o de dispositivo eletr\u00f4nico, pagamento de<br \/><a class=\"more-link\" href=\"https:\/\/justicapotiguar.com.br\/index.php\/2020\/09\/11\/mpf-cobra-agilidade-do-ifrn-na-concessao-de-auxilio-a-estudantes-para-ensino-remoto\/\">Mais&#8230;<\/a><\/p>\n","protected":false},"author":5,"featured_media":9330,"comment_status":"open","ping_status":"open","sticky":false,"template":"","format":"standard","meta":[],"categories":[3],"tags":[],"_links":{"self":[{"href":"https:\/\/justicapotiguar.com.br\/index.php\/wp-json\/wp\/v2\/posts\/12872"}],"collection":[{"href":"https:\/\/justicapotiguar.com.br\/index.php\/wp-json\/wp\/v2\/posts"}],"about":[{"href":"https:\/\/justicapotiguar.com.br\/index.php\/wp-json\/wp\/v2\/types\/post"}],"author":[{"embeddable":true,"href":"https:\/\/justicapotiguar.com.br\/index.php\/wp-json\/wp\/v2\/users\/5"}],"replies":[{"embeddable":true,"href":"https:\/\/justicapotiguar.com.br\/index.php\/wp-json\/wp\/v2\/comments?post=12872"}],"version-history":[{"count":1,"href":"https:\/\/justicapotiguar.com.br\/index.php\/wp-json\/wp\/v2\/posts\/12872\/revisions"}],"predecessor-version":[{"id":12873,"href":"https:\/\/justicapotiguar.com.br\/index.php\/wp-json\/wp\/v2\/posts\/12872\/revisions\/12873"}],"wp:featuredmedia":[{"embeddable":true,"href":"https:\/\/justicapotiguar.com.br\/index.php\/wp-json\/wp\/v2\/media\/9330"}],"wp:attachment":[{"href":"https:\/\/justicapotiguar.com.br\/index.php\/wp-json\/wp\/v2\/media?parent=12872"}],"wp:term":[{"taxonomy":"category","embeddable":true,"href":"https:\/\/justicapotiguar.com.br\/index.php\/wp-json\/wp\/v2\/categories?post=12872"},{"taxonomy":"post_tag","embeddable":true,"href":"https:\/\/justicapotiguar.com.br\/index.php\/wp-json\/wp\/v2\/tags?post=12872"}],"curies":[{"name":"wp","href":"https:\/\/api.w.org\/{rel}","templated":true}]}}