{"id":12867,"date":"2020-09-11T09:00:40","date_gmt":"2020-09-11T12:00:40","guid":{"rendered":"https:\/\/justicapotiguar.com.br\/?p=12867"},"modified":"2020-09-10T21:34:55","modified_gmt":"2020-09-11T00:34:55","slug":"participacao-da-mulher-na-oab-e-tema-de-palestra-virtual","status":"publish","type":"post","link":"https:\/\/justicapotiguar.com.br\/index.php\/2020\/09\/11\/participacao-da-mulher-na-oab-e-tema-de-palestra-virtual\/","title":{"rendered":"Participa\u00e7\u00e3o da mulher na OAB \u00e9 tema de palestra virtual"},"content":{"rendered":"\n<figure class=\"wp-block-image\"><img src=\"https:\/\/www.oabrn.org.br\/2017\/_ups\/noticias\/2020\/09\/08\/9cd6fbce8d11ba9bb28fd0995da8d507.png\" alt=\"\"\/><\/figure>\n\n\n\n<p>A Advocacia feminina potiguar promover\u00e1 um debate sobre a paridade de g\u00eanero nas elei\u00e7\u00f5es da Ordem dos Advogados do Brasil. O evento acontece na pr\u00f3xima sexta-feira (11), \u00e0s 10h de forma virtual, por transmiss\u00e3o via Youtube, no canal oficial da OAB\/RN. O evento contar\u00e1 com a participa\u00e7\u00e3o das conselheiras Federais Fernanda Marinela, Daniela Borges e Valentina Jungman.<\/p>\n\n\n\n<p>Na ocasi\u00e3o, ser\u00e1 apresentada a proposta que foi formulada pela conselheira federal da OAB (GO), Valentina Jungmann, que prev\u00ea o atendimento de percentual de 50% para candidaturas de cada g\u00eanero. A conselheira federal defende que a participa\u00e7\u00e3o das mulheres em cargos de diretoria da OAB. A nova regra tamb\u00e9m seria aplicada para os cargos de diretoria do Conselho Federal, dos Conselhos das Seccionais, das Subse\u00e7\u00f5es e das Caixas de Assist\u00eancia.<\/p>\n\n\n\n<p>A vice-presidente da OAB\/RN, Rossana Fonseca, destaca a import\u00e2ncia de discutir o tema. \u201c\u00c9 muito importante essa iniciativa para OAB enquanto institui\u00e7\u00e3o. Quando estimulamos a paridade de g\u00eanero na institui\u00e7\u00e3o, legitimamos um regime democr\u00e1tico internamente.&#8221;, ressalta Rossana Fonseca.<\/p>\n\n\n\n<p>Participam da discurs\u00e3o as presidentes das subse\u00e7\u00f5es, Lidiana Dias (Pau dos Ferros); Val\u00e9ria Lucena (Macau); Danielle Diniz (Ass\u00fa);&nbsp;&nbsp;Alana Almeida (Goianinha);&nbsp; B\u00e1rbara Paloma (Mossor\u00f3),&nbsp;&nbsp;a presiddente da CAARN, Monalissa Dantas, al\u00e9m das conlheiras estaduais e&nbsp;presidentes de Comiss\u00f5es da Mulher da Advogada.&nbsp;<\/p>\n\n\n\n<p><strong>Palestra: A participa\u00e7\u00e3o da mulher na OAB<\/strong><\/p>\n\n\n\n<p><strong>Data:11\/09<\/strong><\/p><div class=\"enlvi69f4ecb2e6edd\" ><!--<a href=\"https:\/\/bit.ly\/3QdrqTZ\" target=\"_blank\">\n<img src=\"https:\/\/justicapotiguar.com.br\/wp-content\/uploads\/2023\/09\/mobile-geral.gif\"\/><a\/>--><\/div><style type=\"text\/css\">\r\n.enlvi69f4ecb2e6edd {\r\ntext-align: center;\r\n}\r\n@media screen and (min-width: 1201px) {\r\n.enlvi69f4ecb2e6edd {\r\ndisplay: none;\r\n}\r\n}\r\n@media screen and (min-width: 993px) and (max-width: 1200px) {\r\n.enlvi69f4ecb2e6edd {\r\ndisplay: none;\r\n}\r\n}\r\n@media screen and (min-width: 769px) and (max-width: 992px) {\r\n.enlvi69f4ecb2e6edd {\r\ndisplay: none;\r\n}\r\n}\r\n@media screen and (min-width: 768px) and (max-width: 768px) {\r\n.enlvi69f4ecb2e6edd {\r\ndisplay: block;\r\n}\r\n}\r\n@media screen and (max-width: 767px) {\r\n.enlvi69f4ecb2e6edd {\r\ndisplay: block;\r\n}\r\n}\r\n<\/style>\r\n<div class=\"lwkly69f4ecb2e6ec1\" ><!--<a href=\"https:\/\/bit.ly\/3QdrqTZ\" target=\"_blank\">\n<img src=\"https:\/\/justicapotiguar.com.br\/wp-content\/uploads\/2023\/09\/desktop-geral.gif\"\/><a\/>--><\/div><style type=\"text\/css\">\r\n.lwkly69f4ecb2e6ec1 {\r\ntext-align: center;\nmargin-bottom: 1em;\r\n}\r\n@media screen and (min-width: 1201px) {\r\n.lwkly69f4ecb2e6ec1 {\r\ndisplay: block;\r\n}\r\n}\r\n@media screen and (min-width: 993px) and (max-width: 1200px) {\r\n.lwkly69f4ecb2e6ec1 {\r\ndisplay: block;\r\n}\r\n}\r\n@media screen and (min-width: 769px) and (max-width: 992px) {\r\n.lwkly69f4ecb2e6ec1 {\r\ndisplay: block;\r\n}\r\n}\r\n@media screen and (min-width: 768px) and (max-width: 768px) {\r\n.lwkly69f4ecb2e6ec1 {\r\ndisplay: none;\r\n}\r\n}\r\n@media screen and (max-width: 767px) {\r\n.lwkly69f4ecb2e6ec1 {\r\ndisplay: none;\r\n}\r\n}\r\n<\/style>\r\n\n\n\n\n<p><strong>Hor\u00e1rio:10h<\/strong><\/p>\n\n\n\n<p><strong>Transmiss\u00e3o: Youtube da OAB\/RN<\/strong><\/p>\n\n\n\n<p><strong>Debatedoras:<\/strong><br>FERNANDA MARINELA Conselheira Federal OAB\/AL<\/p>\n\n\n\n<p>DANIELA BORGES Conselheira Federal OAB Presidente da Comiss\u00e3o Nacional da Mulher Advogada da OAB<\/p>\n\n\n\n<p>VALENTINA JUNGMAN Conselheira Federal OAB\/GO<\/p>\n","protected":false},"excerpt":{"rendered":"<p>A Advocacia feminina potiguar promover\u00e1 um debate sobre a paridade de g\u00eanero nas elei\u00e7\u00f5es da Ordem dos Advogados do Brasil. O evento acontece na pr\u00f3xima sexta-feira (11), \u00e0s 10h de forma virtual, por transmiss\u00e3o via Youtube, no canal oficial da OAB\/RN. O evento contar\u00e1 com a participa\u00e7\u00e3o das conselheiras Federais Fernanda Marinela, Daniela Borges e<br \/><a class=\"more-link\" href=\"https:\/\/justicapotiguar.com.br\/index.php\/2020\/09\/11\/participacao-da-mulher-na-oab-e-tema-de-palestra-virtual\/\">Mais&#8230;<\/a><\/p>\n","protected":false},"author":5,"featured_media":12868,"comment_status":"open","ping_status":"open","sticky":false,"template":"","format":"standard","meta":[],"categories":[3],"tags":[],"_links":{"self":[{"href":"https:\/\/justicapotiguar.com.br\/index.php\/wp-json\/wp\/v2\/posts\/12867"}],"collection":[{"href":"https:\/\/justicapotiguar.com.br\/index.php\/wp-json\/wp\/v2\/posts"}],"about":[{"href":"https:\/\/justicapotiguar.com.br\/index.php\/wp-json\/wp\/v2\/types\/post"}],"author":[{"embeddable":true,"href":"https:\/\/justicapotiguar.com.br\/index.php\/wp-json\/wp\/v2\/users\/5"}],"replies":[{"embeddable":true,"href":"https:\/\/justicapotiguar.com.br\/index.php\/wp-json\/wp\/v2\/comments?post=12867"}],"version-history":[{"count":1,"href":"https:\/\/justicapotiguar.com.br\/index.php\/wp-json\/wp\/v2\/posts\/12867\/revisions"}],"predecessor-version":[{"id":12869,"href":"https:\/\/justicapotiguar.com.br\/index.php\/wp-json\/wp\/v2\/posts\/12867\/revisions\/12869"}],"wp:featuredmedia":[{"embeddable":true,"href":"https:\/\/justicapotiguar.com.br\/index.php\/wp-json\/wp\/v2\/media\/12868"}],"wp:attachment":[{"href":"https:\/\/justicapotiguar.com.br\/index.php\/wp-json\/wp\/v2\/media?parent=12867"}],"wp:term":[{"taxonomy":"category","embeddable":true,"href":"https:\/\/justicapotiguar.com.br\/index.php\/wp-json\/wp\/v2\/categories?post=12867"},{"taxonomy":"post_tag","embeddable":true,"href":"https:\/\/justicapotiguar.com.br\/index.php\/wp-json\/wp\/v2\/tags?post=12867"}],"curies":[{"name":"wp","href":"https:\/\/api.w.org\/{rel}","templated":true}]}}