{"id":12861,"date":"2020-09-11T16:15:24","date_gmt":"2020-09-11T19:15:24","guid":{"rendered":"https:\/\/justicapotiguar.com.br\/?p=12861"},"modified":"2020-09-11T11:08:29","modified_gmt":"2020-09-11T14:08:29","slug":"recuperacao-judicial-alternativa-contra-a-falencia-durante-pandemia","status":"publish","type":"post","link":"https:\/\/justicapotiguar.com.br\/index.php\/2020\/09\/11\/recuperacao-judicial-alternativa-contra-a-falencia-durante-pandemia\/","title":{"rendered":"Recupera\u00e7\u00e3o judicial: alternativa contra a fal\u00eancia durante pandemia"},"content":{"rendered":"\n<p>Com o amplo n\u00famero de empresas endividadas devido aos efeitos da pandemia do coronav\u00edrus, a recupera\u00e7\u00e3o judicial se apresenta como principal alternativa para driblar a fal\u00eancia. Segundo dados mais recentes, a crise econ\u00f4mica fez o n\u00famero de fal\u00eancias aumentar em 71,3% no m\u00eas de junho. Junto a isto, de acordo com levantamento da Boa Vista SCPC, houve uma alta de 44,6% nos processos de recupera\u00e7\u00e3o judicial. Em apura\u00e7\u00e3o feita pela Serasa Experian, o total de pedidos de prote\u00e7\u00e3o contra a fal\u00eancia no m\u00eas aumentou 38%, na compara\u00e7\u00e3o com maio.<\/p>\n\n\n\n<figure class=\"wp-block-image\"><img loading=\"lazy\" width=\"665\" height=\"899\" src=\"https:\/\/justicapotiguar.com.br\/wp-content\/uploads\/2020\/09\/03edit.jpg\" alt=\"\" class=\"wp-image-12862\" srcset=\"https:\/\/justicapotiguar.com.br\/wp-content\/uploads\/2020\/09\/03edit.jpg 665w, https:\/\/justicapotiguar.com.br\/wp-content\/uploads\/2020\/09\/03edit-222x300.jpg 222w\" sizes=\"(max-width: 665px) 100vw, 665px\" \/><figcaption>Divulga\u00e7\u00e3o<\/figcaption><\/figure>\n\n\n\n<p>Empresas como a Ricardo Eletro, Oi, e a tradicional ind\u00fastria do Rio Grande do Sul, o Grupo Minuano, s\u00e3o algumas das empresas que constam na lista das que entraram na recupera\u00e7\u00e3o judicial. Segundo a advogada Gleuce Clarena, a tend\u00eancia \u00e9 que esta lista aumente. \u201c\u00c9 a \u00fanica alternativa para evitar a fal\u00eancia. Por\u00e9m, muitas organiza\u00e7\u00f5es ainda desconhecem esta possibilidade e pecam em n\u00e3o buscar uma ajuda especializada\u201d, comenta.<\/p>\n\n\n\n<p>A recupera\u00e7\u00e3o judicial \u00e9 composta por uma s\u00e9rie de mecanismos que proporciona maior liberdade na recupera\u00e7\u00e3o da empresa. Ou seja, ao inv\u00e9s de pedir fal\u00eancia pede-se recupera\u00e7\u00e3o e, assim, surge uma alternativa para a preserva\u00e7\u00e3o da empresa, a manuten\u00e7\u00e3o dos empregos e o pagamento dos credores &#8211; possibilitando a retomada do crescimento e competitividade no mercado.<\/p>\n\n\n\n<p>A a\u00e7\u00e3o \u00e9 um o\u00e1sis de esperan\u00e7a em um contexto negativo economicamente. Um estudo da Secretaria de Pol\u00edtica Econ\u00f4mica (SPE) do Minist\u00e9rio da Economia indicou que cerca de 3,5 mil empresas entrar\u00e3o na justi\u00e7a com pedidos de recupera\u00e7\u00e3o judicial ou v\u00e3o declarar fal\u00eancia nos pr\u00f3ximos meses. Todos os casos est\u00e3o ligados ao gigantesco impacto da crise gerada pela pandemia da Covid-19 nos agentes econ\u00f4micos do pa\u00eds.<\/p><div class=\"rcbnr69f501286b951\" ><!--<a href=\"https:\/\/bit.ly\/3QdrqTZ\" target=\"_blank\">\n<img src=\"https:\/\/justicapotiguar.com.br\/wp-content\/uploads\/2023\/09\/mobile-geral.gif\"\/><a\/>--><\/div><style type=\"text\/css\">\r\n.rcbnr69f501286b951 {\r\ntext-align: center;\r\n}\r\n@media screen and (min-width: 1201px) {\r\n.rcbnr69f501286b951 {\r\ndisplay: none;\r\n}\r\n}\r\n@media screen and (min-width: 993px) and (max-width: 1200px) {\r\n.rcbnr69f501286b951 {\r\ndisplay: none;\r\n}\r\n}\r\n@media screen and (min-width: 769px) and (max-width: 992px) {\r\n.rcbnr69f501286b951 {\r\ndisplay: none;\r\n}\r\n}\r\n@media screen and (min-width: 768px) and (max-width: 768px) {\r\n.rcbnr69f501286b951 {\r\ndisplay: block;\r\n}\r\n}\r\n@media screen and (max-width: 767px) {\r\n.rcbnr69f501286b951 {\r\ndisplay: block;\r\n}\r\n}\r\n<\/style>\r\n<div class=\"lasik69f501286b93c\" ><!--<a href=\"https:\/\/bit.ly\/3QdrqTZ\" target=\"_blank\">\n<img src=\"https:\/\/justicapotiguar.com.br\/wp-content\/uploads\/2023\/09\/desktop-geral.gif\"\/><a\/>--><\/div><style type=\"text\/css\">\r\n.lasik69f501286b93c {\r\ntext-align: center;\nmargin-bottom: 1em;\r\n}\r\n@media screen and (min-width: 1201px) {\r\n.lasik69f501286b93c {\r\ndisplay: block;\r\n}\r\n}\r\n@media screen and (min-width: 993px) and (max-width: 1200px) {\r\n.lasik69f501286b93c {\r\ndisplay: block;\r\n}\r\n}\r\n@media screen and (min-width: 769px) and (max-width: 992px) {\r\n.lasik69f501286b93c {\r\ndisplay: block;\r\n}\r\n}\r\n@media screen and (min-width: 768px) and (max-width: 768px) {\r\n.lasik69f501286b93c {\r\ndisplay: none;\r\n}\r\n}\r\n@media screen and (max-width: 767px) {\r\n.lasik69f501286b93c {\r\ndisplay: none;\r\n}\r\n}\r\n<\/style>\r\n\n\n\n\n<p>Gleuce Clarena destaca o fator \u201ctempo\u201d como principal benef\u00edcio da recupera\u00e7\u00e3o judicial, que busca viabilizar a supera\u00e7\u00e3o da crise enfrentada pela empresa. Ap\u00f3s a solicita\u00e7\u00e3o ser autorizada, a empresa recebe em m\u00e9dia 180 dias para a negocia\u00e7\u00e3o das d\u00edvidas. Neste per\u00edodo, todas as a\u00e7\u00f5es ou execu\u00e7\u00f5es de d\u00edvidas ficam suspensas e n\u00e3o pode ocorrer atos de constri\u00e7\u00e3o ao patrim\u00f4nio. \u201cO empres\u00e1rio ganha tempo para se reorganizar, ganha car\u00eancia, possibilidade de parcelamento das d\u00edvidas, abatimento, des\u00e1gio e todas as formas de renegocia\u00e7\u00e3o em geral. Ou seja, antes de se desesperar e falir ou cair no risco de cometer crimes com erradas condutas, o empres\u00e1rio tem a possibilidade jur\u00eddica e legal de reerguer sua empresa\u201d, frisa.<\/p>\n\n\n\n<p>Pequenas, m\u00e9dias e grandes empresas podem fazer o pedido, desde que estejam funcionando regularmente h\u00e1 mais de dois anos. \u201cPor\u00e9m, cada empresa necessita de an\u00e1lise jur\u00eddica minuciosa, para saber quais os cr\u00e9ditos que de fato podem entrar na recupera\u00e7\u00e3o e se a empresa cumpre os requisitos\u201d, acrescenta Clarena. O procedimento inicial \u00e9 o ingresso com um pedido de recupera\u00e7\u00e3o judicial perante um juiz competente, por meio de um advogado e o representante legal da empresa. Nesta solicita\u00e7\u00e3o, deve-se relatar e demonstrar os motivos da crise econ\u00f4mica e financeira, bem como apresentar o Plano de Recupera\u00e7\u00e3o da empresa.<\/p>\n\n\n\n<p>O Plano dever\u00e1 conter um relat\u00f3rio detalhado da situa\u00e7\u00e3o financeira da empresa, bem como dos mecanismos de recupera\u00e7\u00e3o que ser\u00e3o utilizados para sanar as d\u00edvidas. A advogada explica que o Plano \u00e9 uma documenta\u00e7\u00e3o imprescind\u00edvel e de muita import\u00e2ncia no processo de recupera\u00e7\u00e3o, e que deve ser realizado por um especialista. \u201cPois, uma eventual rejei\u00e7\u00e3o do Plano pelos credores pode acarretar a fal\u00eancia do devedor sem a possibilidade do acordo &#8211; o fim que se deseja evitar\u201d, destaca a especialista.<br><\/p>\n","protected":false},"excerpt":{"rendered":"<p>Com o amplo n\u00famero de empresas endividadas devido aos efeitos da pandemia do coronav\u00edrus, a recupera\u00e7\u00e3o judicial se apresenta como principal alternativa para driblar a fal\u00eancia. Segundo dados mais recentes, a crise econ\u00f4mica fez o n\u00famero de fal\u00eancias aumentar em 71,3% no m\u00eas de junho. Junto a isto, de acordo com levantamento da Boa Vista<br \/><a class=\"more-link\" href=\"https:\/\/justicapotiguar.com.br\/index.php\/2020\/09\/11\/recuperacao-judicial-alternativa-contra-a-falencia-durante-pandemia\/\">Mais&#8230;<\/a><\/p>\n","protected":false},"author":5,"featured_media":12862,"comment_status":"open","ping_status":"open","sticky":false,"template":"","format":"standard","meta":[],"categories":[3],"tags":[],"_links":{"self":[{"href":"https:\/\/justicapotiguar.com.br\/index.php\/wp-json\/wp\/v2\/posts\/12861"}],"collection":[{"href":"https:\/\/justicapotiguar.com.br\/index.php\/wp-json\/wp\/v2\/posts"}],"about":[{"href":"https:\/\/justicapotiguar.com.br\/index.php\/wp-json\/wp\/v2\/types\/post"}],"author":[{"embeddable":true,"href":"https:\/\/justicapotiguar.com.br\/index.php\/wp-json\/wp\/v2\/users\/5"}],"replies":[{"embeddable":true,"href":"https:\/\/justicapotiguar.com.br\/index.php\/wp-json\/wp\/v2\/comments?post=12861"}],"version-history":[{"count":1,"href":"https:\/\/justicapotiguar.com.br\/index.php\/wp-json\/wp\/v2\/posts\/12861\/revisions"}],"predecessor-version":[{"id":12863,"href":"https:\/\/justicapotiguar.com.br\/index.php\/wp-json\/wp\/v2\/posts\/12861\/revisions\/12863"}],"wp:featuredmedia":[{"embeddable":true,"href":"https:\/\/justicapotiguar.com.br\/index.php\/wp-json\/wp\/v2\/media\/12862"}],"wp:attachment":[{"href":"https:\/\/justicapotiguar.com.br\/index.php\/wp-json\/wp\/v2\/media?parent=12861"}],"wp:term":[{"taxonomy":"category","embeddable":true,"href":"https:\/\/justicapotiguar.com.br\/index.php\/wp-json\/wp\/v2\/categories?post=12861"},{"taxonomy":"post_tag","embeddable":true,"href":"https:\/\/justicapotiguar.com.br\/index.php\/wp-json\/wp\/v2\/tags?post=12861"}],"curies":[{"name":"wp","href":"https:\/\/api.w.org\/{rel}","templated":true}]}}